{"id":2918,"date":"2023-03-01T16:12:31","date_gmt":"2023-03-01T16:12:31","guid":{"rendered":"https:\/\/www.diarionoti7.com.mx\/?p=2918"},"modified":"2023-03-01T16:13:23","modified_gmt":"2023-03-01T16:13:23","slug":"pachuca-tiene-barrio-el-arbolito-recibe-distincion-de-barrio-magico","status":"publish","type":"post","link":"https:\/\/www.diarionoti7.com.mx\/?p=2918","title":{"rendered":"\u00a1Pachuca tiene barrio! \u201cEl Arbolito Recibe Distinci\u00f3n de Barrio M\u00e1gico\u201d"},"content":{"rendered":"\t\t<div data-elementor-type=\"wp-post\" data-elementor-id=\"2918\" class=\"elementor elementor-2918\">\n\t\t\t\t\t\t\t\t\t<section class=\"elementor-section elementor-top-section elementor-element elementor-element-51c23a4c elementor-section-boxed elementor-section-height-default elementor-section-height-default\" data-id=\"51c23a4c\" data-element_type=\"section\">\n\t\t\t\t\t\t<div class=\"elementor-container elementor-column-gap-default\">\n\t\t\t\t\t<div class=\"elementor-column elementor-col-100 elementor-top-column elementor-element elementor-element-7d2e0b6e\" data-id=\"7d2e0b6e\" data-element_type=\"column\">\n\t\t\t<div class=\"elementor-widget-wrap elementor-element-populated\">\n\t\t\t\t\t\t\t\t<div class=\"elementor-element elementor-element-2f2290cd elementor-widget elementor-widget-text-editor\" data-id=\"2f2290cd\" data-element_type=\"widget\" data-widget_type=\"text-editor.default\">\n\t\t\t\t<div class=\"elementor-widget-container\">\n\t\t\t<style>\/*! elementor - v3.10.2 - 29-01-2023 *\/\n.elementor-widget-text-editor.elementor-drop-cap-view-stacked .elementor-drop-cap{background-color:#818a91;color:#fff}.elementor-widget-text-editor.elementor-drop-cap-view-framed .elementor-drop-cap{color:#818a91;border:3px solid;background-color:transparent}.elementor-widget-text-editor:not(.elementor-drop-cap-view-default) .elementor-drop-cap{margin-top:8px}.elementor-widget-text-editor:not(.elementor-drop-cap-view-default) .elementor-drop-cap-letter{width:1em;height:1em}.elementor-widget-text-editor .elementor-drop-cap{float:left;text-align:center;line-height:1;font-size:50px}.elementor-widget-text-editor .elementor-drop-cap-letter{display:inline-block}<\/style>\t\t\t\t<p><strong>*Menchaca Salazar avanza en las tareas de convertir a Hidalgo en una potencia tur\u00edstica y econ\u00f3mica<\/strong><\/p><p><strong>Pachuca, Hgo; 28 de febrero de 2023.-<\/strong>El gobernador de Hidalgo, Julio Menchaca Salazar, recibi\u00f3 de manos del secretario de Turismo federal, Miguel Torruco Marqu\u00e9s, el nombramiento a El Arbolito, como Barrio M\u00e1gico de M\u00e9xico, siendo la cuarta demarcaci\u00f3n en recibir esta distinci\u00f3n a nivel nacional.<\/p><p>El secretario de Turismo del Gobierno de M\u00e9xico, Miguel Torruco Marqu\u00e9s, declar\u00f3 que el programa Barrios M\u00e1gicos de M\u00e9xico responde a las necesidades de promover al turismo como un derecho humano y que, adem\u00e1s, genere condiciones de bienestar para la poblaci\u00f3n: \u201cBuscamos descubrir el esp\u00edritu de cada ciudad, estos barrios podr\u00e1n ser punto de arranque para visitar otros destinos que se vieron afectados tras la pandemia. El Arbolito es s\u00edmbolo de identidad, arraigo y pertenencia de la capital hidalguense\u201d.<\/p><p>Asegur\u00f3 que cada uno de los barrios que obtengan esta distinci\u00f3n contar\u00e1n con recursos para ofrecer nuevos y mejores servicios tur\u00edsticos, por lo que los ojos del mundo volver\u00e1n a ponerse en el estado de Hidalgo: \u201cDesde el inicio del gobierno del presidente, Andr\u00e9s Manuel L\u00f3pez Obrador, nos hemos enfocado en llevar bienestar y prosperidad a todos los \u00e1mbitos de la vida p\u00fablica del pa\u00eds, entre ellos el turismo, como una herramienta de reconciliaci\u00f3n social\u201d.<\/p><p>El mandatario estatal subray\u00f3 que la distinci\u00f3n obtenida ser\u00e1 una motivaci\u00f3n para generar el estado que todas y todos queremos: \u201cEl Arbolito es un espacio en donde hay fraternidad entre todas y todos los habitantes, en donde se defiende su identidad\u201d.<\/p><p>Menchaca Salazar adelant\u00f3 que presentar\u00e1 dos iniciativas al Congreso local; la primera, referente a la Ley Org\u00e1nica del Ejecutivo Estatal, y la segunda encaminada al mejoramiento de la imagen urbana municipal, pues la riqueza de Hidalgo debe ser preservada y utilizada para construir espacios dignos para las y los hidalguenses, recalc\u00f3.<\/p><p>Respecto a la riqueza humana de Hidalgo, el titular del Ejecutivo estatal record\u00f3 que su gobierno sigue comprometido con el desarrollo integral de todos los sectores, prioritariamente aquellos hist\u00f3ricamente marginados como el de las mujeres.<\/p><p>La titular de la Secretar\u00eda de Turismo de Hidalgo, Elizabeth Quintanar G\u00f3mez, asever\u00f3 que Hidalgo se posiciona como un punto de gran inter\u00e9s para las y los visitantes, por lo que el establecimiento de alianzas entre dependencias gubernamentales y la iniciativa privada, permiten el impulso de destinos tur\u00edsticos y potencializan la econom\u00eda local: \u201cHidalgo est\u00e1 listo para contagiar de su energ\u00eda a trav\u00e9s de su gastronom\u00eda, historia y Pueblos M\u00e1gicos, \u00a1Hidalgo tiene algo!\u201d.<\/p><p>La funcionaria destac\u00f3 que la marca \u00a1Hidalgo tiene algo! Es una estrategia de desarrollo integral, que permitir\u00e1 crear identidad, visitar rutas y reposicionar a la entidad como uno de los estados m\u00e1s atractivos para las y los turistas. A\u00f1adi\u00f3 que estas acciones van acompa\u00f1adas de herramientas tecnol\u00f3gicas como el WhatsApp Center, que es una plataforma de consulta de oferta tur\u00edstica que estar\u00e1 disponible las 24 horas del d\u00eda, los 365 d\u00edas del a\u00f1o.<\/p><p>Por su parte el presidente municipal de Pachuca, Sergio Ba\u00f1os Rubio, record\u00f3 que los callejones y escaleras del barrio El Arbolito forman parte del atributo cultural e hist\u00f3rico que ofrece esta demarcaci\u00f3n: \u201cPachuca es una gran ciudad, que cuenta con amplia gastronom\u00eda y con gente maravillosa que es realmente lo que hace m\u00e1gico a este lugar\u201d.<\/p><p>Petra Villegas, vecina del barrio, record\u00f3 que desde hace m\u00e1s de 18 a\u00f1os ning\u00fan gobernador visitaba El Arbolito, y este nombramiento es un justo reconocimiento a una de las regiones municipales con mayor arraigo y tradici\u00f3n cultural: \u201cMe gusta mi barrio, porque hay gente buena. Me da gusto que venga el gobernador porque se interesa en nosotros\u201d.<\/p><p>Al finalizar, Menchaca Salazar puntualiz\u00f3 que dentro del Plan Estatal de Desarrollo 2022-2028 se seguir\u00e1n poniendo en marcha todas las acciones y alianzas que permitan potencializar el turismo y generar econom\u00eda circular en beneficio de miles de familias.<\/p>\t\t\t\t\t\t<\/div>\n\t\t\t\t<\/div>\n\t\t\t\t\t<\/div>\n\t\t<\/div>\n\t\t\t\t\t\t\t<\/div>\n\t\t<\/section>\n\t\t\t\t\t\t\t<\/div>\n\t\t","protected":false},"excerpt":{"rendered":"<p>*Menchaca Salazar avanza en las tareas de convertir a Hidalgo en una potencia tur\u00edstica y econ\u00f3mica Pachuca, Hgo; 28 de febrero de 2023.-El gobernador de Hidalgo, Julio Menchaca Salazar, recibi\u00f3 de manos del secretario de Turismo federal, Miguel Torruco Marqu\u00e9s, el nombramiento a El Arbolito, como Barrio M\u00e1gico de M\u00e9xico, siendo la cuarta demarcaci\u00f3n en [&hellip;]<\/p>\n","protected":false},"author":1,"featured_media":2920,"comment_status":"closed","ping_status":"closed","sticky":false,"template":"","format":"standard","meta":[],"categories":[7],"tags":[],"_links":{"self":[{"href":"https:\/\/www.diarionoti7.com.mx\/index.php?rest_route=\/wp\/v2\/posts\/2918"}],"collection":[{"href":"https:\/\/www.diarionoti7.com.mx\/index.php?rest_route=\/wp\/v2\/posts"}],"about":[{"href":"https:\/\/www.diarionoti7.com.mx\/index.php?rest_route=\/wp\/v2\/types\/post"}],"author":[{"embeddable":true,"href":"https:\/\/www.diarionoti7.com.mx\/index.php?rest_route=\/wp\/v2\/users\/1"}],"replies":[{"embeddable":true,"href":"https:\/\/www.diarionoti7.com.mx\/index.php?rest_route=%2Fwp%2Fv2%2Fcomments&post=2918"}],"version-history":[{"count":4,"href":"https:\/\/www.diarionoti7.com.mx\/index.php?rest_route=\/wp\/v2\/posts\/2918\/revisions"}],"predecessor-version":[{"id":2923,"href":"https:\/\/www.diarionoti7.com.mx\/index.php?rest_route=\/wp\/v2\/posts\/2918\/revisions\/2923"}],"wp:featuredmedia":[{"embeddable":true,"href":"https:\/\/www.diarionoti7.com.mx\/index.php?rest_route=\/wp\/v2\/media\/2920"}],"wp:attachment":[{"href":"https:\/\/www.diarionoti7.com.mx\/index.php?rest_route=%2Fwp%2Fv2%2Fmedia&parent=2918"}],"wp:term":[{"taxonomy":"category","embeddable":true,"href":"https:\/\/www.diarionoti7.com.mx\/index.php?rest_route=%2Fwp%2Fv2%2Fcategories&post=2918"},{"taxonomy":"post_tag","embeddable":true,"href":"https:\/\/www.diarionoti7.com.mx\/index.php?rest_route=%2Fwp%2Fv2%2Ftags&post=2918"}],"curies":[{"name":"wp","href":"https:\/\/api.w.org\/{rel}","templated":true}]}}