{"id":2907,"date":"2023-03-01T16:10:13","date_gmt":"2023-03-01T16:10:13","guid":{"rendered":"https:\/\/www.diarionoti7.com.mx\/?p=2907"},"modified":"2023-03-01T16:11:22","modified_gmt":"2023-03-01T16:11:22","slug":"pri-presento-cinco-iniciativas-sobre-construccion-de-casetas-de-vigilancia-garantizar-plena-capacidad-juridica-de-discapacitados-modernizacion-del-gobierno-crianza-positiva","status":"publish","type":"post","link":"https:\/\/www.diarionoti7.com.mx\/?p=2907","title":{"rendered":"PRI Presento Cinco Iniciativas Sobre Construcci\u00f3n de Casetas de Vigilancia, Garantizar Plena Capacidad Jur\u00eddica de Discapacitados. Modernizaci\u00f3n del Gobierno, Crianza Positiva"},"content":{"rendered":"\t\t<div data-elementor-type=\"wp-post\" data-elementor-id=\"2907\" class=\"elementor elementor-2907\">\n\t\t\t\t\t\t\t\t\t<section class=\"elementor-section elementor-top-section elementor-element elementor-element-51c23a4c elementor-section-boxed elementor-section-height-default elementor-section-height-default\" data-id=\"51c23a4c\" data-element_type=\"section\">\n\t\t\t\t\t\t<div class=\"elementor-container elementor-column-gap-default\">\n\t\t\t\t\t<div class=\"elementor-column elementor-col-100 elementor-top-column elementor-element elementor-element-7d2e0b6e\" data-id=\"7d2e0b6e\" data-element_type=\"column\">\n\t\t\t<div class=\"elementor-widget-wrap elementor-element-populated\">\n\t\t\t\t\t\t\t\t<div class=\"elementor-element elementor-element-2f2290cd elementor-widget elementor-widget-text-editor\" data-id=\"2f2290cd\" data-element_type=\"widget\" data-widget_type=\"text-editor.default\">\n\t\t\t\t<div class=\"elementor-widget-container\">\n\t\t\t<style>\/*! elementor - v3.10.2 - 29-01-2023 *\/\n.elementor-widget-text-editor.elementor-drop-cap-view-stacked .elementor-drop-cap{background-color:#818a91;color:#fff}.elementor-widget-text-editor.elementor-drop-cap-view-framed .elementor-drop-cap{color:#818a91;border:3px solid;background-color:transparent}.elementor-widget-text-editor:not(.elementor-drop-cap-view-default) .elementor-drop-cap{margin-top:8px}.elementor-widget-text-editor:not(.elementor-drop-cap-view-default) .elementor-drop-cap-letter{width:1em;height:1em}.elementor-widget-text-editor .elementor-drop-cap{float:left;text-align:center;line-height:1;font-size:50px}.elementor-widget-text-editor .elementor-drop-cap-letter{display:inline-block}<\/style>\t\t\t\t<p><strong>Pachuca, Hgo, 28 de febrero 2023.- <\/strong>El Grupo Legislativo del Partido Revolucionario Institucional (PRI) present\u00f3 durante la sesi\u00f3n n\u00famero 26 de la Diputaci\u00f3n Permanente cinco iniciativas, las cuales fueron enviadas a comisiones para ser analizadas y en su caso dictaminadas.<\/p><p>La primera de ellas sobre la reforma a la Ley de Asentamientos Humanos, Desarrollo Urbano y Ordenamiento Territorial de Hidalgo fue presentada por el diputado, Alejandro Enciso Arrellano,.<\/p><p>El legislador priista, explic\u00f3 que dicha propuesta pretende otorgar facultad a los municipios en permisos para la construcci\u00f3n e instalaci\u00f3n de casetas de vigilancia en fraccionamientos.<\/p><p>Roc\u00edo Sosa Jim\u00e9nez, diputada del PRI, present\u00f3 la iniciativa con proyecto de decreto por el que se reforma el art\u00edculo 23 del C\u00f3digo Civil de Hidalgo para contribuir al reconocimiento y respeto de la capacidad jur\u00eddica de las personas con discapacidad a dicho ordenamiento para que no sea una limitante en la toma de sus propias decisiones, con ello garantizar a plena capacidad jur\u00eddica y goce de sus derechos.<\/p><p>Con dicha reforma, se propone incluir acciones pertinentes para la toma de decisiones en favor de los mismos, refiri\u00f3 la legisladora.<\/p><p>El diputado, Julio Valera Piedras, present\u00f3 la iniciativa que reforma y adiciona diversas disposiciones de la Ley sobre el Uso de Medios Electr\u00f3nicos y Firma Electr\u00f3nica Avanzada de Hidalgo.<\/p><p>Con el objetivo, dijo, de fomentar la modernizaci\u00f3n del gobierno, por medio del uso de medios electr\u00f3nicos en los actos, tr\u00e1mites, servicios, comunicaciones y procedimientos administrativos a trav\u00e9s del empleo de la firma electr\u00f3nica, mediante la actualizaci\u00f3n del marco normativo en la materia.<\/p><p>Con ello se estar\u00e1 dotando de mejores herramientas para facilitar, agilizar y simplificar el actuar del gobierno, indic\u00f3.<\/p><p>La diputada Roc\u00edo Sosa, present\u00f3 otra iniciativa para reformar el art\u00edculo 100 bis 4 de la Ley de los Derechos de Ni\u00f1as, Ni\u00f1os y Adolescentes de Hidalgo, en materia de crianza positiva.<\/p><p>Lo anterior, dijo, con el objetivo de orientar pr\u00e1cticas de cuidado, protecci\u00f3n y gu\u00eda para el desarrollo, bienestar y crecimiento saludable de la ni\u00f1ez y adolescencia, configurando ambientes familiares sanos y comunidades respetuosas, salvaguardando el inter\u00e9s superior de la ni\u00f1ez.<\/p><p>Por su parte, el diputado de Morena, Luis \u00c1ngel Tenorio Cruz, present\u00f3 la iniciativa que reforma la fracci\u00f3n XLI del art\u00edculo 16 de la Ley de Seguridad P\u00fablica de Hidalgo.<\/p><p>Explic\u00f3 que con dicha propuesta se busca autorizar y vigilar la observancia de los protocolos m\u00ednimos de la actuaci\u00f3n policial, as\u00ed como los especializados en materia de atenci\u00f3n a la violencia de g\u00e9nero y a la violencia en contra de las personas de la diversidad sexogen\u00e9rica, enfoc\u00e1ndose en su cumplimiento con total respeto a los derechos humanos.<\/p><p>La diputada de Nueva Alianza, Mar\u00eda Adelaida Mu\u00f1oz Jumilla, present\u00f3 la iniciativa con proyecto de decreto por el que se deroga el art\u00edculo 320 del C\u00f3digo Penal de Hidalgo.<\/p><p>De acuerdo con la legisladora, dicha propuesta tiene el objetivo de derogar el art\u00edculo 320 del C\u00f3digo Penal de Hidalgo, que configura y establece sanciones punitivas para quien, de palabra o de obra, ultraje a una autoridad en el ejercicio de sus funciones o con motivo de ellas.<\/p><p>Toda vez que este tipo penal se ha considerado, inconstitucional, violatorio de derechos humanos, garant\u00edas y libertades, as\u00ed como carente de los principios doctrinales de legalidad penal en la vertiente de taxatividad y de necesidad de la pena, se\u00f1al\u00f3.<\/p><p>Con lo anterior, se busca dotar a nuestro marco jur\u00eddico local de mayor certeza y legalidad, acorde a los criterios Constitucionales y Convencionales que permiten la progresividad de los derechos fundamentales y humanos, indic\u00f3.<\/p><p>Por \u00faltimo, el diputado, Osiris Leines Med\u00e9cigo, present\u00f3 a nombre de los Grupos Legislativos del PT y Morena, la iniciativa que reforma los incisos GG) y HH) y adiciona el inciso II, a la fracci\u00f3n I del art\u00edculo 56, de la Ley Org\u00e1nica Municipal de Hidalgo, en materia de gobierno digital.<\/p><p>El legislador explic\u00f3 que el Municipio es el primer orden de gobierno al que acude la poblaci\u00f3n para solicitar la atenci\u00f3n de sus gobernantes, realizando tr\u00e1mites administrativos que permitan cumplir con sus obligaciones ciudadanas y que requieren una atenci\u00f3n prioritaria.<\/p><p>Esta iniciativa, dijo, propone incorporar a la Ley Org\u00e1nica Municipal estatal, la facultad para que los ayuntamientos puedan promover el Gobierno Digital como una herramienta de organizaci\u00f3n p\u00fablica para incentivar la innovaci\u00f3n gubernamental y uso de las tecnolog\u00edas que contribuyan a un mejor desempe\u00f1o, productividad y aprovechamiento \u00f3ptimo de los recursos de la gesti\u00f3n p\u00fablica.<\/p><p>Adem\u00e1s, fueron elegidos los integrantes de la directiva que presidir\u00e1 los trabajos durante marzo, correspondiente al segundo periodo de sesiones del segundo a\u00f1o de ejercicio constitucional, la cual estar\u00e1 integrada por las diputadas: Adelfa Zu\u00f1iga Fuentes, como presidenta, Marcia Torres Gonz\u00e1lez, vicepresidenta, Elvia Sierra Vite y Silvia S\u00e1nchez Garc\u00eda, como secretarias.<\/p><p>Mientras como vocales suplentes fueron elegidas las diputadas, Mar\u00eda del Carmen Lozano Moreno y Mar\u00eda Adelaida Mu\u00f1oz Jumilla.<\/p>\t\t\t\t\t\t<\/div>\n\t\t\t\t<\/div>\n\t\t\t\t\t<\/div>\n\t\t<\/div>\n\t\t\t\t\t\t\t<\/div>\n\t\t<\/section>\n\t\t\t\t\t\t\t<\/div>\n\t\t","protected":false},"excerpt":{"rendered":"<p>Pachuca, Hgo, 28 de febrero 2023.- El Grupo Legislativo del Partido Revolucionario Institucional (PRI) present\u00f3 durante la sesi\u00f3n n\u00famero 26 de la Diputaci\u00f3n Permanente cinco iniciativas, las cuales fueron enviadas a comisiones para ser analizadas y en su caso dictaminadas. La primera de ellas sobre la reforma a la Ley de Asentamientos Humanos, Desarrollo Urbano [&hellip;]<\/p>\n","protected":false},"author":1,"featured_media":2909,"comment_status":"closed","ping_status":"closed","sticky":false,"template":"","format":"standard","meta":[],"categories":[3],"tags":[],"_links":{"self":[{"href":"https:\/\/www.diarionoti7.com.mx\/index.php?rest_route=\/wp\/v2\/posts\/2907"}],"collection":[{"href":"https:\/\/www.diarionoti7.com.mx\/index.php?rest_route=\/wp\/v2\/posts"}],"about":[{"href":"https:\/\/www.diarionoti7.com.mx\/index.php?rest_route=\/wp\/v2\/types\/post"}],"author":[{"embeddable":true,"href":"https:\/\/www.diarionoti7.com.mx\/index.php?rest_route=\/wp\/v2\/users\/1"}],"replies":[{"embeddable":true,"href":"https:\/\/www.diarionoti7.com.mx\/index.php?rest_route=%2Fwp%2Fv2%2Fcomments&post=2907"}],"version-history":[{"count":4,"href":"https:\/\/www.diarionoti7.com.mx\/index.php?rest_route=\/wp\/v2\/posts\/2907\/revisions"}],"predecessor-version":[{"id":2912,"href":"https:\/\/www.diarionoti7.com.mx\/index.php?rest_route=\/wp\/v2\/posts\/2907\/revisions\/2912"}],"wp:featuredmedia":[{"embeddable":true,"href":"https:\/\/www.diarionoti7.com.mx\/index.php?rest_route=\/wp\/v2\/media\/2909"}],"wp:attachment":[{"href":"https:\/\/www.diarionoti7.com.mx\/index.php?rest_route=%2Fwp%2Fv2%2Fmedia&parent=2907"}],"wp:term":[{"taxonomy":"category","embeddable":true,"href":"https:\/\/www.diarionoti7.com.mx\/index.php?rest_route=%2Fwp%2Fv2%2Fcategories&post=2907"},{"taxonomy":"post_tag","embeddable":true,"href":"https:\/\/www.diarionoti7.com.mx\/index.php?rest_route=%2Fwp%2Fv2%2Ftags&post=2907"}],"curies":[{"name":"wp","href":"https:\/\/api.w.org\/{rel}","templated":true}]}}