{"id":2895,"date":"2023-03-01T16:06:24","date_gmt":"2023-03-01T16:06:24","guid":{"rendered":"https:\/\/www.diarionoti7.com.mx\/?p=2895"},"modified":"2023-03-01T16:08:34","modified_gmt":"2023-03-01T16:08:34","slug":"se-construira-otra-ciudad-de-las-mujeres-olivares-reyna","status":"publish","type":"post","link":"https:\/\/www.diarionoti7.com.mx\/?p=2895","title":{"rendered":"\u201cSe construir\u00e1 otra Ciudad de las Mujeres&#8221;: Olivares Reyna"},"content":{"rendered":"\t\t<div data-elementor-type=\"wp-post\" data-elementor-id=\"2895\" class=\"elementor elementor-2895\">\n\t\t\t\t\t\t\t\t\t<section class=\"elementor-section elementor-top-section elementor-element elementor-element-51c23a4c elementor-section-boxed elementor-section-height-default elementor-section-height-default\" data-id=\"51c23a4c\" data-element_type=\"section\">\n\t\t\t\t\t\t<div class=\"elementor-container elementor-column-gap-default\">\n\t\t\t\t\t<div class=\"elementor-column elementor-col-100 elementor-top-column elementor-element elementor-element-7d2e0b6e\" data-id=\"7d2e0b6e\" data-element_type=\"column\">\n\t\t\t<div class=\"elementor-widget-wrap elementor-element-populated\">\n\t\t\t\t\t\t\t\t<div class=\"elementor-element elementor-element-2f2290cd elementor-widget elementor-widget-text-editor\" data-id=\"2f2290cd\" data-element_type=\"widget\" data-widget_type=\"text-editor.default\">\n\t\t\t\t<div class=\"elementor-widget-container\">\n\t\t\t<style>\/*! elementor - v3.10.2 - 29-01-2023 *\/\n.elementor-widget-text-editor.elementor-drop-cap-view-stacked .elementor-drop-cap{background-color:#818a91;color:#fff}.elementor-widget-text-editor.elementor-drop-cap-view-framed .elementor-drop-cap{color:#818a91;border:3px solid;background-color:transparent}.elementor-widget-text-editor:not(.elementor-drop-cap-view-default) .elementor-drop-cap{margin-top:8px}.elementor-widget-text-editor:not(.elementor-drop-cap-view-default) .elementor-drop-cap-letter{width:1em;height:1em}.elementor-widget-text-editor .elementor-drop-cap{float:left;text-align:center;line-height:1;font-size:50px}.elementor-widget-text-editor .elementor-drop-cap-letter{display:inline-block}<\/style>\t\t\t\t<p><strong>*Pues ah\u00ed, donde las mujeres acceden a temas de salud,\u00a0 aprendizaje y atenci\u00f3n de violencia<\/strong><\/p><p><strong>*Ya es tiempo de que a las mujeres se les reconozcan sus derechos de igualdad<\/strong><\/p><p><strong>*Organizan SEGOBH E IHMN Jornada por las Mujeres y las Ni\u00f1as Previa al 8 de Marzo, en la Regi\u00f3n Tula-Tepeji <\/strong><\/p><p><strong>Tula de Allende, Hgo, 28 de febrero de 2023.-<\/strong>Uno de los pilares de la administraci\u00f3n que encabeza Julio Menchaca son las mujeres y muestra de ello son las \u2018Jornadas por las mujeres y las ni\u00f1as\u2019 realizadas en la regi\u00f3n Tula-Tepeji, manifest\u00f3 el titular de la Secretar\u00eda de Gobierno, durante el inicio de las mismas.<\/p><p>Guillermo Olivares enfatiz\u00f3: \u201cYa es tiempo de que a las mujeres se les reconozcan en plenitud sus derechos de igualdad, en relaci\u00f3n con el hombre, que se plasma en la Constituci\u00f3n Pol\u00edtica de los Estados Unidos Mexicanos, pero esta relaci\u00f3n de igualdad debe de manifestarse en todos los \u00f3rdenes, no nada m\u00e1s de palabra, no nada m\u00e1s porque as\u00ed lo dice un ordenamiento\u201d.<\/p><p>El secretario de Gobierno anunci\u00f3 que estas jornadas se van a replicar en todo el estado y enfatiz\u00f3 que si el presupuesto lo permite se construir\u00e1 otra Ciudad de las Mujeres&#8221;, ya que es a trav\u00e9s de estos organismos, donde las mujeres tienen acceso a temas de salud, de aprendizaje, de atenci\u00f3n de violencia, entre otros.<\/p><p>En su intervenci\u00f3n, la directora general del Instituto Hidalguense de las Mujeres (IHM) Bertha Miranda Rodr\u00edguez, puntualiz\u00f3 que el objetivo de esta jornada es visibilizar y acercar los derechos de la ciudadan\u00eda, espec\u00edficamente a las mujeres, a trav\u00e9s de diversas instituciones.<\/p><p>\u201cDichas estrategias van encaminadas en el marco del 8 de marzo, nuestro compromiso no s\u00f3lo es del discurso, o de un solo d\u00eda, nuestro compromiso es todo el a\u00f1o\u201d, recalc\u00f3.<\/p><p>La funcionaria estatal subray\u00f3 que es de suma importancia que las mujeres hidalguenses participen y se involucren en diversos \u00e1mbitos, adem\u00e1s de conocer sus derechos humanos y mejorar su calidad de vida.<\/p><p>Sandra Alicia Ord\u00f3\u00f1ez P\u00e9rez, directora general de la Ciudad de las Mujeres, se\u00f1al\u00f3 que se inicia una nueva etapa en esta administraci\u00f3n para trabajar con acciones concretas que permitan mejorar la calidad de vida de las ni\u00f1as y mujeres hidalguenses y, con ello, erradicar la violencia en este sector.<\/p><p>El objetivo de la jornada es proporcionar informaci\u00f3n clara, precisa, actualizada y suficiente a las mujeres sobre los servicios y programas que se proporcionan desde la Secretar\u00eda de Gobierno, fortaleciendo la actuaci\u00f3n interinstitucional para la prevenci\u00f3n y atenci\u00f3n de la violencia en los tres niveles de gobierno.<\/p><p>Adem\u00e1s, las asistentes obtuvieron informaci\u00f3n sobre el est\u00e1ndar EC0308 \u201cCapacitaci\u00f3n presencial a servidoras y servidores p\u00fablicos desde el enfoque de Igualdad entre mujeres y hombres.<\/p><p>La poblaci\u00f3n asistente particip\u00f3 en los talleres Derechos humanos de las mujeres; Mujeres y el derecho a la tierra; Herramientas para Asuntos Jur\u00eddicos; Prevenci\u00f3n del embarazo en la adolescencia y derechos sexuales y reproductivos; Jugando con los derechos y Yoga Infantil.<\/p><p>Asistieron: Margarita Cabrera Rom\u00e1n, directora general del Centro de Justicia de las Mujeres; la secretaria de Salud, Zorayda Robles Barrera; Ricardo G\u00f3mez Moreno, secretario de Desarrollo Pol\u00edtico, entre otras personas.<\/p>\t\t\t\t\t\t<\/div>\n\t\t\t\t<\/div>\n\t\t\t\t\t<\/div>\n\t\t<\/div>\n\t\t\t\t\t\t\t<\/div>\n\t\t<\/section>\n\t\t\t\t\t\t\t<\/div>\n\t\t","protected":false},"excerpt":{"rendered":"<p>*Pues ah\u00ed, donde las mujeres acceden a temas de salud,\u00a0 aprendizaje y atenci\u00f3n de violencia *Ya es tiempo de que a las mujeres se les reconozcan sus derechos de igualdad *Organizan SEGOBH E IHMN Jornada por las Mujeres y las Ni\u00f1as Previa al 8 de Marzo, en la Regi\u00f3n Tula-Tepeji Tula de Allende, Hgo, 28 [&hellip;]<\/p>\n","protected":false},"author":1,"featured_media":2897,"comment_status":"closed","ping_status":"closed","sticky":false,"template":"","format":"standard","meta":[],"categories":[7],"tags":[],"_links":{"self":[{"href":"https:\/\/www.diarionoti7.com.mx\/index.php?rest_route=\/wp\/v2\/posts\/2895"}],"collection":[{"href":"https:\/\/www.diarionoti7.com.mx\/index.php?rest_route=\/wp\/v2\/posts"}],"about":[{"href":"https:\/\/www.diarionoti7.com.mx\/index.php?rest_route=\/wp\/v2\/types\/post"}],"author":[{"embeddable":true,"href":"https:\/\/www.diarionoti7.com.mx\/index.php?rest_route=\/wp\/v2\/users\/1"}],"replies":[{"embeddable":true,"href":"https:\/\/www.diarionoti7.com.mx\/index.php?rest_route=%2Fwp%2Fv2%2Fcomments&post=2895"}],"version-history":[{"count":4,"href":"https:\/\/www.diarionoti7.com.mx\/index.php?rest_route=\/wp\/v2\/posts\/2895\/revisions"}],"predecessor-version":[{"id":2900,"href":"https:\/\/www.diarionoti7.com.mx\/index.php?rest_route=\/wp\/v2\/posts\/2895\/revisions\/2900"}],"wp:featuredmedia":[{"embeddable":true,"href":"https:\/\/www.diarionoti7.com.mx\/index.php?rest_route=\/wp\/v2\/media\/2897"}],"wp:attachment":[{"href":"https:\/\/www.diarionoti7.com.mx\/index.php?rest_route=%2Fwp%2Fv2%2Fmedia&parent=2895"}],"wp:term":[{"taxonomy":"category","embeddable":true,"href":"https:\/\/www.diarionoti7.com.mx\/index.php?rest_route=%2Fwp%2Fv2%2Fcategories&post=2895"},{"taxonomy":"post_tag","embeddable":true,"href":"https:\/\/www.diarionoti7.com.mx\/index.php?rest_route=%2Fwp%2Fv2%2Ftags&post=2895"}],"curies":[{"name":"wp","href":"https:\/\/api.w.org\/{rel}","templated":true}]}}