{"id":2889,"date":"2023-03-01T16:04:41","date_gmt":"2023-03-01T16:04:41","guid":{"rendered":"https:\/\/www.diarionoti7.com.mx\/?p=2889"},"modified":"2023-03-01T16:09:53","modified_gmt":"2023-03-01T16:09:53","slug":"aterrizaje-del-primer-avion-de-carga-de-la-empresa-dhl-en-el-aeropuerto-internacional-felipe-angeles","status":"publish","type":"post","link":"https:\/\/www.diarionoti7.com.mx\/?p=2889","title":{"rendered":"Aterrizaje del Primer Avi\u00f3n de Carga de la Empresa DHL en el Aeropuerto Internacional Felipe \u00c1ngeles"},"content":{"rendered":"\t\t<div data-elementor-type=\"wp-post\" data-elementor-id=\"2889\" class=\"elementor elementor-2889\">\n\t\t\t\t\t\t\t\t\t<section class=\"elementor-section elementor-top-section elementor-element elementor-element-51c23a4c elementor-section-boxed elementor-section-height-default elementor-section-height-default\" data-id=\"51c23a4c\" data-element_type=\"section\">\n\t\t\t\t\t\t<div class=\"elementor-container elementor-column-gap-default\">\n\t\t\t\t\t<div class=\"elementor-column elementor-col-100 elementor-top-column elementor-element elementor-element-7d2e0b6e\" data-id=\"7d2e0b6e\" data-element_type=\"column\">\n\t\t\t<div class=\"elementor-widget-wrap elementor-element-populated\">\n\t\t\t\t\t\t\t\t<div class=\"elementor-element elementor-element-2f2290cd elementor-widget elementor-widget-text-editor\" data-id=\"2f2290cd\" data-element_type=\"widget\" data-widget_type=\"text-editor.default\">\n\t\t\t\t<div class=\"elementor-widget-container\">\n\t\t\t<style>\/*! elementor - v3.10.2 - 29-01-2023 *\/\n.elementor-widget-text-editor.elementor-drop-cap-view-stacked .elementor-drop-cap{background-color:#818a91;color:#fff}.elementor-widget-text-editor.elementor-drop-cap-view-framed .elementor-drop-cap{color:#818a91;border:3px solid;background-color:transparent}.elementor-widget-text-editor:not(.elementor-drop-cap-view-default) .elementor-drop-cap{margin-top:8px}.elementor-widget-text-editor:not(.elementor-drop-cap-view-default) .elementor-drop-cap-letter{width:1em;height:1em}.elementor-widget-text-editor .elementor-drop-cap{float:left;text-align:center;line-height:1;font-size:50px}.elementor-widget-text-editor .elementor-drop-cap-letter{display:inline-block}<\/style>\t\t\t\t<p><strong>Zumpango, Estado de M\u00e9xico; 28 de febrero de 2023<\/strong>.-El gobernador de Hidalgo, Julio Menchaca Salazar, presenci\u00f3 el aterrizaje del primer avi\u00f3n de carga de la empresa DHL en el Aeropuerto Internacional Felipe \u00c1ngeles (AIFA), tras el decreto presidencial para que el transporte carguero del Aeropuerto de la Ciudad de M\u00e9xico migre hacia Santa Luc\u00eda, y de este modo, reducir la saturaci\u00f3n.<\/p><p>En su mensaje, el presidente Andr\u00e9s Manuel L\u00f3pez Obrador record\u00f3 que este centro aeroportuario cuenta con 3 mil hect\u00e1reas, espacio que le permitir\u00e1 a instituciones de carga tener el espacio suficiente para llevar a cabo sus operaciones sin demoras o posibles actos de corrupci\u00f3n.<\/p><p>El presidente\u00a0 L\u00f3pez Obrador asegur\u00f3 que\u00a0<strong>\u201c<\/strong>M\u00e9xico se ha ido ganando la confianza de inversionistas y empresas extranjeras\u201d.<\/p><p>Record\u00f3 que en 2022 el pa\u00eds registr\u00f3 r\u00e9cord al alcanzar\u00a0la cifra hist\u00f3rica de 27 mil 512 millones de d\u00f3lares en Inversi\u00f3n Extranjera Directa (IED), un\u00a0incremento del 49.2 por ciento\u00a0en comparaci\u00f3n con el mismo periodo de 2021 y confi\u00f3 en que este a\u00f1o volver\u00e1 a ser superior.<\/p><p>Por eso, dijo el mandatario,\u00a0\u201cM\u00e9xico tiene un lugar especial en el concierto de las naciones. (\u2026) Est\u00e1 considerado entre los tres mejores pa\u00edses para invertir hoy d\u00eda en el mundo\u201d.<\/p><p>Sostuvo que la instalaci\u00f3n de compa\u00f1\u00edas internacionales contribuye al\u00a0crecimiento econ\u00f3mico, a la generaci\u00f3n de empleos, al bienestar y a la paz social.<\/p><p>El presidente L\u00f3pez Obrador celebr\u00f3 que DHL superara la inversi\u00f3n inicial para ampliar sus operaciones en M\u00e9xico de 6 mil millones de pesos y anunciara que van a invertir el doble, 12 mil millones de pesos, \u201cesto es muy importante porque implica que M\u00e9xico se ha ido ganando la confianza de inversionistas y empresas extranjeras\u201d.<\/p><p>Por su parte el CEO de DHL Express, Antonio Arranz, destac\u00f3 que el AIFA mejora la conectividad con el Valle de M\u00e9xico, Puebla, Quer\u00e9taro, el Baj\u00edo, Hidalgo y el sur del pa\u00eds. M\u00e9xico -dijo- es uno de los cinco mercados prioritarios para DHL.<\/p><p>El presidente Andr\u00e9s Manuel L\u00f3pez Obrador asegur\u00f3 que\u00a0\u201cM\u00e9xico se ha ido ganando la confianza de inversionistas y empresas extranjeras\u201d.<\/p><p>Record\u00f3 que en 2022 el pa\u00eds registr\u00f3 r\u00e9cord al alcanzar\u00a0la cifra hist\u00f3rica de 27 mil 512 millones de d\u00f3lares en Inversi\u00f3n Extranjera Directa (IED), un\u00a0incremento del 49.2 por ciento\u00a0en comparaci\u00f3n con el mismo periodo de 2021 y confi\u00f3 en que este a\u00f1o volver\u00e1 a ser superior.<\/p><p>Por eso, dijo el mandatario,\u00a0\u201cM\u00e9xico tiene un lugar especial en el concierto de las naciones. (\u2026) Est\u00e1 considerado entre los tres mejores pa\u00edses para invertir hoy d\u00eda en el mundo\u201d.<\/p><p>Sostuvo que la instalaci\u00f3n de compa\u00f1\u00edas internacionales contribuye al\u00a0crecimiento econ\u00f3mico, a la generaci\u00f3n de empleos, al bienestar y a la paz social.<\/p><p>Arranz indic\u00f3 que la empresa de log\u00edstica internacional invertir\u00e1 en el AIFA mil millones de pesos para expandir sus operaciones, as\u00ed como ampliar sus operaciones y mejorar el alcance que ofrezca la mejor experiencia a sus clientes por medio de seguridad, instalaciones aduanales actualizadas y mejor conectividad.<\/p><p>Al finalizar el acto protocolario, Menchaca Salazar acompa\u00f1\u00f3 al presidente L\u00f3pez Obrador al recorrido por el Centro de Distribuci\u00f3n de DHL en el AIFA y a la inauguraci\u00f3n del hangar de transferencia de Nexen E-Logistics.<\/p>\t\t\t\t\t\t<\/div>\n\t\t\t\t<\/div>\n\t\t\t\t\t<\/div>\n\t\t<\/div>\n\t\t\t\t\t\t\t<\/div>\n\t\t<\/section>\n\t\t\t\t\t\t\t<\/div>\n\t\t","protected":false},"excerpt":{"rendered":"<p>Zumpango, Estado de M\u00e9xico; 28 de febrero de 2023.-El gobernador de Hidalgo, Julio Menchaca Salazar, presenci\u00f3 el aterrizaje del primer avi\u00f3n de carga de la empresa DHL en el Aeropuerto Internacional Felipe \u00c1ngeles (AIFA), tras el decreto presidencial para que el transporte carguero del Aeropuerto de la Ciudad de M\u00e9xico migre hacia Santa Luc\u00eda, y [&hellip;]<\/p>\n","protected":false},"author":1,"featured_media":2903,"comment_status":"closed","ping_status":"closed","sticky":false,"template":"","format":"standard","meta":[],"categories":[7],"tags":[],"_links":{"self":[{"href":"https:\/\/www.diarionoti7.com.mx\/index.php?rest_route=\/wp\/v2\/posts\/2889"}],"collection":[{"href":"https:\/\/www.diarionoti7.com.mx\/index.php?rest_route=\/wp\/v2\/posts"}],"about":[{"href":"https:\/\/www.diarionoti7.com.mx\/index.php?rest_route=\/wp\/v2\/types\/post"}],"author":[{"embeddable":true,"href":"https:\/\/www.diarionoti7.com.mx\/index.php?rest_route=\/wp\/v2\/users\/1"}],"replies":[{"embeddable":true,"href":"https:\/\/www.diarionoti7.com.mx\/index.php?rest_route=%2Fwp%2Fv2%2Fcomments&post=2889"}],"version-history":[{"count":8,"href":"https:\/\/www.diarionoti7.com.mx\/index.php?rest_route=\/wp\/v2\/posts\/2889\/revisions"}],"predecessor-version":[{"id":2906,"href":"https:\/\/www.diarionoti7.com.mx\/index.php?rest_route=\/wp\/v2\/posts\/2889\/revisions\/2906"}],"wp:featuredmedia":[{"embeddable":true,"href":"https:\/\/www.diarionoti7.com.mx\/index.php?rest_route=\/wp\/v2\/media\/2903"}],"wp:attachment":[{"href":"https:\/\/www.diarionoti7.com.mx\/index.php?rest_route=%2Fwp%2Fv2%2Fmedia&parent=2889"}],"wp:term":[{"taxonomy":"category","embeddable":true,"href":"https:\/\/www.diarionoti7.com.mx\/index.php?rest_route=%2Fwp%2Fv2%2Fcategories&post=2889"},{"taxonomy":"post_tag","embeddable":true,"href":"https:\/\/www.diarionoti7.com.mx\/index.php?rest_route=%2Fwp%2Fv2%2Ftags&post=2889"}],"curies":[{"name":"wp","href":"https:\/\/api.w.org\/{rel}","templated":true}]}}