{"id":2865,"date":"2023-03-01T15:58:13","date_gmt":"2023-03-01T15:58:13","guid":{"rendered":"https:\/\/www.diarionoti7.com.mx\/?p=2865"},"modified":"2023-03-01T15:58:59","modified_gmt":"2023-03-01T15:58:59","slug":"itaih-invita-a-organizaciones-de-la-sociedad-civil-a-participar-en-el-prosede-inai-2023","status":"publish","type":"post","link":"https:\/\/www.diarionoti7.com.mx\/?p=2865","title":{"rendered":"ITAIH Invita a Organizaciones de la Sociedad Civil a Participar en el \u201cPROSEDE INAI 2023\u201d."},"content":{"rendered":"\t\t<div data-elementor-type=\"wp-post\" data-elementor-id=\"2865\" class=\"elementor elementor-2865\">\n\t\t\t\t\t\t\t\t\t<section class=\"elementor-section elementor-top-section elementor-element elementor-element-51c23a4c elementor-section-boxed elementor-section-height-default elementor-section-height-default\" data-id=\"51c23a4c\" data-element_type=\"section\">\n\t\t\t\t\t\t<div class=\"elementor-container elementor-column-gap-default\">\n\t\t\t\t\t<div class=\"elementor-column elementor-col-100 elementor-top-column elementor-element elementor-element-7d2e0b6e\" data-id=\"7d2e0b6e\" data-element_type=\"column\">\n\t\t\t<div class=\"elementor-widget-wrap elementor-element-populated\">\n\t\t\t\t\t\t\t\t<div class=\"elementor-element elementor-element-2f2290cd elementor-widget elementor-widget-text-editor\" data-id=\"2f2290cd\" data-element_type=\"widget\" data-widget_type=\"text-editor.default\">\n\t\t\t\t<div class=\"elementor-widget-container\">\n\t\t\t<style>\/*! elementor - v3.10.2 - 29-01-2023 *\/\n.elementor-widget-text-editor.elementor-drop-cap-view-stacked .elementor-drop-cap{background-color:#818a91;color:#fff}.elementor-widget-text-editor.elementor-drop-cap-view-framed .elementor-drop-cap{color:#818a91;border:3px solid;background-color:transparent}.elementor-widget-text-editor:not(.elementor-drop-cap-view-default) .elementor-drop-cap{margin-top:8px}.elementor-widget-text-editor:not(.elementor-drop-cap-view-default) .elementor-drop-cap-letter{width:1em;height:1em}.elementor-widget-text-editor .elementor-drop-cap{float:left;text-align:center;line-height:1;font-size:50px}.elementor-widget-text-editor .elementor-drop-cap-letter{display:inline-block}<\/style>\t\t\t\t<p><strong>*Este Programa es una iniciativa del INAI, dirigida a las Organizaciones de la Sociedad Civil, quienes fungen como aliadas estrat\u00e9gicas para dar a conocer, promover y difundir los derechos de Acceso a la Informaci\u00f3n y Protecci\u00f3n de Datos Personales con un enfoque de utilidad social en sectores de la poblaci\u00f3n en situaci\u00f3n de vulnerabilidad<\/strong><\/p><p><strong>Pachuca, Hgo. 28 de febrero de 2023.-<\/strong>El Instituto Nacional de Transparencia, Acceso a la Informaci\u00f3n y Protecci\u00f3n de Datos Personales (INAI) a trav\u00e9s del Instituto de Transparencia, Acceso a la Informaci\u00f3n P\u00fablica Gubernamental y Protecci\u00f3n de Datos Personales del Estado de Hidalgo (ITAIH) invita a las Organizaciones de la Sociedad Civil a participar en el Programa de Sensibilizaci\u00f3n de Derechos de Acceso a la Informaci\u00f3n y Protecci\u00f3n de Datos Personales \u201cPROSEDE INAI 2023\u201d.<\/p><p>Este Programa es una iniciativa del INAI, dirigida a las Organizaciones de la Sociedad Civil, quienes fungen como aliadas estrat\u00e9gicas para dar a conocer, promover y difundir los derechos de Acceso a la Informaci\u00f3n y Protecci\u00f3n de Datos Personales con un enfoque de utilidad social en sectores de la poblaci\u00f3n en situaci\u00f3n de vulnerabilidad; a trav\u00e9s de la presentaci\u00f3n de proyectos incluyentes que generen y\/o den seguimiento a casos de \u00e9xito, incentiven la formaci\u00f3n de usuarios dedicados a replicar la obtenci\u00f3n de beneficios sociales concretos en zonas de alta y muy alta marginaci\u00f3n, promuevan el desarrollo humano y social, as\u00ed como aqu\u00e9llos que den impulso a temas novedosos.<\/p><p>Las Organizaciones de la Sociedad Civil que postulen sus proyectos los debera\u0301n registrar y enviar en tiempo y forma a trave\u0301s del micrositio PROSEDE INAI 2023 https:\/\/eventos.inai.org.mx\/prosede\/ hasta el 17 de abril a las 23:59 horas.<\/p><p>Para esta convocatoria del PRODESE INAI 2023 se cuenta con una suficiencia presupuestal de $ 1,800,000.00 (Un millo\u0301n ochocientos mil pesos 00\/100 M.N.) y el monto ma\u0301ximo de asignacio\u0301n para el desarrollo de cada proyecto sera\u0301 de $ 150,000.00 (Ciento cincuenta mil pesos 00\/100 M.N). La publicaci\u00f3n de los resultados ser\u00e1 el 18 de mayo en la p\u00e1gina oficial del INAI.<\/p><p>La convocatoria y lineamientos pueden ser consultados en: <a href=\"https:\/\/eventos.inai.org.mx\/prosede\/\">https:\/\/eventos.inai.org.mx\/prosede\/<\/a><\/p>\t\t\t\t\t\t<\/div>\n\t\t\t\t<\/div>\n\t\t\t\t\t<\/div>\n\t\t<\/div>\n\t\t\t\t\t\t\t<\/div>\n\t\t<\/section>\n\t\t\t\t\t\t\t<\/div>\n\t\t","protected":false},"excerpt":{"rendered":"<p>*Este Programa es una iniciativa del INAI, dirigida a las Organizaciones de la Sociedad Civil, quienes fungen como aliadas estrat\u00e9gicas para dar a conocer, promover y difundir los derechos de Acceso a la Informaci\u00f3n y Protecci\u00f3n de Datos Personales con un enfoque de utilidad social en sectores de la poblaci\u00f3n en situaci\u00f3n de vulnerabilidad Pachuca, [&hellip;]<\/p>\n","protected":false},"author":1,"featured_media":2867,"comment_status":"closed","ping_status":"closed","sticky":false,"template":"","format":"standard","meta":[],"categories":[7],"tags":[],"_links":{"self":[{"href":"https:\/\/www.diarionoti7.com.mx\/index.php?rest_route=\/wp\/v2\/posts\/2865"}],"collection":[{"href":"https:\/\/www.diarionoti7.com.mx\/index.php?rest_route=\/wp\/v2\/posts"}],"about":[{"href":"https:\/\/www.diarionoti7.com.mx\/index.php?rest_route=\/wp\/v2\/types\/post"}],"author":[{"embeddable":true,"href":"https:\/\/www.diarionoti7.com.mx\/index.php?rest_route=\/wp\/v2\/users\/1"}],"replies":[{"embeddable":true,"href":"https:\/\/www.diarionoti7.com.mx\/index.php?rest_route=%2Fwp%2Fv2%2Fcomments&post=2865"}],"version-history":[{"count":4,"href":"https:\/\/www.diarionoti7.com.mx\/index.php?rest_route=\/wp\/v2\/posts\/2865\/revisions"}],"predecessor-version":[{"id":2870,"href":"https:\/\/www.diarionoti7.com.mx\/index.php?rest_route=\/wp\/v2\/posts\/2865\/revisions\/2870"}],"wp:featuredmedia":[{"embeddable":true,"href":"https:\/\/www.diarionoti7.com.mx\/index.php?rest_route=\/wp\/v2\/media\/2867"}],"wp:attachment":[{"href":"https:\/\/www.diarionoti7.com.mx\/index.php?rest_route=%2Fwp%2Fv2%2Fmedia&parent=2865"}],"wp:term":[{"taxonomy":"category","embeddable":true,"href":"https:\/\/www.diarionoti7.com.mx\/index.php?rest_route=%2Fwp%2Fv2%2Fcategories&post=2865"},{"taxonomy":"post_tag","embeddable":true,"href":"https:\/\/www.diarionoti7.com.mx\/index.php?rest_route=%2Fwp%2Fv2%2Ftags&post=2865"}],"curies":[{"name":"wp","href":"https:\/\/api.w.org\/{rel}","templated":true}]}}