{"id":2835,"date":"2023-03-01T15:51:15","date_gmt":"2023-03-01T15:51:15","guid":{"rendered":"https:\/\/www.diarionoti7.com.mx\/?p=2835"},"modified":"2023-03-01T15:52:10","modified_gmt":"2023-03-01T15:52:10","slug":"upt-fortalece-campana-de-vacunacion-contra-covid-19-en-la-upt","status":"publish","type":"post","link":"https:\/\/www.diarionoti7.com.mx\/?p=2835","title":{"rendered":"UPT Fortalece Campa\u00f1a De Vacunaci\u00f3n Contra COVID-19 en la UPT"},"content":{"rendered":"\t\t<div data-elementor-type=\"wp-post\" data-elementor-id=\"2835\" class=\"elementor elementor-2835\">\n\t\t\t\t\t\t\t\t\t<section class=\"elementor-section elementor-top-section elementor-element elementor-element-51c23a4c elementor-section-boxed elementor-section-height-default elementor-section-height-default\" data-id=\"51c23a4c\" data-element_type=\"section\">\n\t\t\t\t\t\t<div class=\"elementor-container elementor-column-gap-default\">\n\t\t\t\t\t<div class=\"elementor-column elementor-col-100 elementor-top-column elementor-element elementor-element-7d2e0b6e\" data-id=\"7d2e0b6e\" data-element_type=\"column\">\n\t\t\t<div class=\"elementor-widget-wrap elementor-element-populated\">\n\t\t\t\t\t\t\t\t<div class=\"elementor-element elementor-element-2f2290cd elementor-widget elementor-widget-text-editor\" data-id=\"2f2290cd\" data-element_type=\"widget\" data-widget_type=\"text-editor.default\">\n\t\t\t\t<div class=\"elementor-widget-container\">\n\t\t\t<style>\/*! elementor - v3.10.2 - 29-01-2023 *\/\n.elementor-widget-text-editor.elementor-drop-cap-view-stacked .elementor-drop-cap{background-color:#818a91;color:#fff}.elementor-widget-text-editor.elementor-drop-cap-view-framed .elementor-drop-cap{color:#818a91;border:3px solid;background-color:transparent}.elementor-widget-text-editor:not(.elementor-drop-cap-view-default) .elementor-drop-cap{margin-top:8px}.elementor-widget-text-editor:not(.elementor-drop-cap-view-default) .elementor-drop-cap-letter{width:1em;height:1em}.elementor-widget-text-editor .elementor-drop-cap{float:left;text-align:center;line-height:1;font-size:50px}.elementor-widget-text-editor .elementor-drop-cap-letter{display:inline-block}<\/style>\t\t\t\t<p><strong>Tulancingo, Hgo. 28 de febrero de 2023.-<\/strong>A tres a\u00f1os de haber iniciado la pandemia en M\u00e9xico por COVID-19, la Universidad Polit\u00e9cnica de Tulancingo (UPT) contin\u00faa reforzando las medidas de bioseguridad en su comunidad, como lo son: filtros sanitarios al ingreso de la instituci\u00f3n, brigadas de seguridad e higiene y, en esta ocasi\u00f3n, la campa\u00f1a de vacunaci\u00f3n para estudiantes, personal docente, administrativo y de apoyo, con la finalidad de disminuir contagios en la poblaci\u00f3n educativa.<\/p><p>El Rector de la instituci\u00f3n, Felipe Dur\u00e1n Rocha mencion\u00f3 que en esta ocasi\u00f3n fueron m\u00e1s de 300 biol\u00f3gicos \u201cAbdala\u201d, los cuales fueron aplicados por personal del Instituto Mexicano del Seguro Social (IMSS). \u201cEs importante continuar con el autocuidado, por lo que invito a nuestra comunidad a ser part\u00edcipes y reforcemos las medidas como el uso correcto del cubrebocas y el lavado constante de manos\u201d, extern\u00f3.<\/p><p>De la misma forma, recalc\u00f3 que esta casa de estudios ha sido certificada como Universidad Promotora de Salud (UPS), lo que permite promover h\u00e1bitos saludables al interior y exterior de la UPT, con la finalidad de formar profesionistas sanos y comprometidos con su ambiente, reforzando actividades para que puedan fungir como agentes de cambio en el entorno, contribuyendo al desarrollo humano y social de su comunidad, fortaleciendo una cultura de salud integral.<\/p><p>Finalmente, mostr\u00f3 el compromiso que se tiene con los estudiantes y comunidad universitaria, por ello se cuenta con un programa contra la exposici\u00f3n al humo de tabaco; as\u00ed como el programa denominado \u201cBienestar Integral UPT\u201d, el cual consiste en informar de manera constante sobre temas de salud, con la finalidad de evitar acciones de riesgo dentro y fuera de la instituci\u00f3n.<\/p><p>\u00a0\u00a0\u00a0\u00a0\u00a0\u00a0\u00a0\u00a0\u00a0<\/p>\t\t\t\t\t\t<\/div>\n\t\t\t\t<\/div>\n\t\t\t\t\t<\/div>\n\t\t<\/div>\n\t\t\t\t\t\t\t<\/div>\n\t\t<\/section>\n\t\t\t\t\t\t\t<\/div>\n\t\t","protected":false},"excerpt":{"rendered":"<p>Tulancingo, Hgo. 28 de febrero de 2023.-A tres a\u00f1os de haber iniciado la pandemia en M\u00e9xico por COVID-19, la Universidad Polit\u00e9cnica de Tulancingo (UPT) contin\u00faa reforzando las medidas de bioseguridad en su comunidad, como lo son: filtros sanitarios al ingreso de la instituci\u00f3n, brigadas de seguridad e higiene y, en esta ocasi\u00f3n, la campa\u00f1a de [&hellip;]<\/p>\n","protected":false},"author":1,"featured_media":2837,"comment_status":"closed","ping_status":"closed","sticky":false,"template":"","format":"standard","meta":[],"categories":[4],"tags":[],"_links":{"self":[{"href":"https:\/\/www.diarionoti7.com.mx\/index.php?rest_route=\/wp\/v2\/posts\/2835"}],"collection":[{"href":"https:\/\/www.diarionoti7.com.mx\/index.php?rest_route=\/wp\/v2\/posts"}],"about":[{"href":"https:\/\/www.diarionoti7.com.mx\/index.php?rest_route=\/wp\/v2\/types\/post"}],"author":[{"embeddable":true,"href":"https:\/\/www.diarionoti7.com.mx\/index.php?rest_route=\/wp\/v2\/users\/1"}],"replies":[{"embeddable":true,"href":"https:\/\/www.diarionoti7.com.mx\/index.php?rest_route=%2Fwp%2Fv2%2Fcomments&post=2835"}],"version-history":[{"count":4,"href":"https:\/\/www.diarionoti7.com.mx\/index.php?rest_route=\/wp\/v2\/posts\/2835\/revisions"}],"predecessor-version":[{"id":2840,"href":"https:\/\/www.diarionoti7.com.mx\/index.php?rest_route=\/wp\/v2\/posts\/2835\/revisions\/2840"}],"wp:featuredmedia":[{"embeddable":true,"href":"https:\/\/www.diarionoti7.com.mx\/index.php?rest_route=\/wp\/v2\/media\/2837"}],"wp:attachment":[{"href":"https:\/\/www.diarionoti7.com.mx\/index.php?rest_route=%2Fwp%2Fv2%2Fmedia&parent=2835"}],"wp:term":[{"taxonomy":"category","embeddable":true,"href":"https:\/\/www.diarionoti7.com.mx\/index.php?rest_route=%2Fwp%2Fv2%2Fcategories&post=2835"},{"taxonomy":"post_tag","embeddable":true,"href":"https:\/\/www.diarionoti7.com.mx\/index.php?rest_route=%2Fwp%2Fv2%2Ftags&post=2835"}],"curies":[{"name":"wp","href":"https:\/\/api.w.org\/{rel}","templated":true}]}}