{"id":2823,"date":"2023-03-01T15:48:59","date_gmt":"2023-03-01T15:48:59","guid":{"rendered":"https:\/\/www.diarionoti7.com.mx\/?p=2823"},"modified":"2023-03-01T15:49:55","modified_gmt":"2023-03-01T15:49:55","slug":"rebasan-expectativa-de-asistencia-los-dias-por-el-empleoen-tulancingo","status":"publish","type":"post","link":"https:\/\/www.diarionoti7.com.mx\/?p=2823","title":{"rendered":"Rebasan Expectativa de Asistencia \u201cLos D\u00edas por el Empleo\u201den Tulancingo"},"content":{"rendered":"\t\t<div data-elementor-type=\"wp-post\" data-elementor-id=\"2823\" class=\"elementor elementor-2823\">\n\t\t\t\t\t\t\t\t\t<section class=\"elementor-section elementor-top-section elementor-element elementor-element-51c23a4c elementor-section-boxed elementor-section-height-default elementor-section-height-default\" data-id=\"51c23a4c\" data-element_type=\"section\">\n\t\t\t\t\t\t<div class=\"elementor-container elementor-column-gap-default\">\n\t\t\t\t\t<div class=\"elementor-column elementor-col-100 elementor-top-column elementor-element elementor-element-7d2e0b6e\" data-id=\"7d2e0b6e\" data-element_type=\"column\">\n\t\t\t<div class=\"elementor-widget-wrap elementor-element-populated\">\n\t\t\t\t\t\t\t\t<div class=\"elementor-element elementor-element-2f2290cd elementor-widget elementor-widget-text-editor\" data-id=\"2f2290cd\" data-element_type=\"widget\" data-widget_type=\"text-editor.default\">\n\t\t\t\t<div class=\"elementor-widget-container\">\n\t\t\t<style>\/*! elementor - v3.10.2 - 29-01-2023 *\/\n.elementor-widget-text-editor.elementor-drop-cap-view-stacked .elementor-drop-cap{background-color:#818a91;color:#fff}.elementor-widget-text-editor.elementor-drop-cap-view-framed .elementor-drop-cap{color:#818a91;border:3px solid;background-color:transparent}.elementor-widget-text-editor:not(.elementor-drop-cap-view-default) .elementor-drop-cap{margin-top:8px}.elementor-widget-text-editor:not(.elementor-drop-cap-view-default) .elementor-drop-cap-letter{width:1em;height:1em}.elementor-widget-text-editor .elementor-drop-cap{float:left;text-align:center;line-height:1;font-size:50px}.elementor-widget-text-editor .elementor-drop-cap-letter{display:inline-block}<\/style>\t\t\t\t<p><strong>*En este a\u00f1o hay mayor demanda en j\u00f3venes que buscan su primera oportunidad laboral<\/strong><\/p><p><strong>Tulancingo, Hgo. 28 de febrero de 2023.-<\/strong>La Secretar\u00eda de Fomento Econ\u00f3mico a trav\u00e9s de Bolsa de Trabajo, dio a conocer que en lo que va del a\u00f1o, se han rebasado significativamente la expectativa de asistentes a los d\u00edas por el empleo.<\/p><p>Esa actividad de vinculaci\u00f3n laboral, se\u00a0\u00a0 efect\u00faa cada jueves en la explanada del centro cultural Ricardo Garibay, con un horario de 10:00 a 14:00 horas<\/p><p>Los mayores buscadores de empleo, son j\u00f3venes (en muchos casos sin experiencia) que buscan su primera oportunidad laboral o personas reci\u00e9n llegadas al municipio, con intenciones de vincularse a una oferta laboral.<\/p><p>Este jueves 2 de marzo, el d\u00eda por el empleo 8 de este a\u00f1o, agrupar\u00e1 a tres empresas que en conjunto ofertar\u00e1n un centenar de vacantes.<\/p><p>Las empresas que realizar\u00e1n entrevistas de trabajo este jueves son: Alaflex (dedicada a la fabricaci\u00f3n de conductos de tuber\u00eda) y requieren de ayudantes generales, tanto hombres como mujeres de 18 a 50 a\u00f1os.<\/p><p>Asimismo, Laboratorios Santa Mar\u00eda que solicitan: laboratorista, auxiliar de laboratorio e intendente.<\/p><p>De igual manera, distribuidora Rocha requiere de personal para atenci\u00f3n a clientes.<\/p><p>En las tres empresas la escolaridad\u00a0\u00a0 solicitada es la b\u00e1sica y se ofrecer\u00e1 a las contratadas prestaciones de ley, capacitaciones y bonos de productividad.<\/p><p>Con la realizaci\u00f3n de los d\u00edas por el empleo, han disminuido el n\u00famero de personas que son objeto de fraude al recurrir a plataformas digitales.<\/p><p>Por ello se recomienda a los buscadores de empleo, solicitar apoyo para la vinculaci\u00f3n laboral, el cual no tiene costo.<\/p><p>Por instrucciones del presidente Jorge M\u00e1rquez Alvarado, opera activamente una oficina de Bolsa de Trabajo con atenci\u00f3n permanente en la planta baja de presidencia municipal y tambi\u00e9n se organizan jornadas de promoci\u00f3n de vacantes, como los llamados D\u00edas por el empleo.<\/p><p>Para facilitar la interacci\u00f3n con los buscadores de empleo, fue habilitado el whatsapp con n\u00famero 5534072708 con atenci\u00f3n de 8.30 a 16:00 horas, de lunes a viernes.<\/p>\t\t\t\t\t\t<\/div>\n\t\t\t\t<\/div>\n\t\t\t\t\t<\/div>\n\t\t<\/div>\n\t\t\t\t\t\t\t<\/div>\n\t\t<\/section>\n\t\t\t\t\t\t\t<\/div>\n\t\t","protected":false},"excerpt":{"rendered":"<p>*En este a\u00f1o hay mayor demanda en j\u00f3venes que buscan su primera oportunidad laboral Tulancingo, Hgo. 28 de febrero de 2023.-La Secretar\u00eda de Fomento Econ\u00f3mico a trav\u00e9s de Bolsa de Trabajo, dio a conocer que en lo que va del a\u00f1o, se han rebasado significativamente la expectativa de asistentes a los d\u00edas por el empleo. [&hellip;]<\/p>\n","protected":false},"author":1,"featured_media":2825,"comment_status":"closed","ping_status":"closed","sticky":false,"template":"","format":"standard","meta":[],"categories":[9],"tags":[],"_links":{"self":[{"href":"https:\/\/www.diarionoti7.com.mx\/index.php?rest_route=\/wp\/v2\/posts\/2823"}],"collection":[{"href":"https:\/\/www.diarionoti7.com.mx\/index.php?rest_route=\/wp\/v2\/posts"}],"about":[{"href":"https:\/\/www.diarionoti7.com.mx\/index.php?rest_route=\/wp\/v2\/types\/post"}],"author":[{"embeddable":true,"href":"https:\/\/www.diarionoti7.com.mx\/index.php?rest_route=\/wp\/v2\/users\/1"}],"replies":[{"embeddable":true,"href":"https:\/\/www.diarionoti7.com.mx\/index.php?rest_route=%2Fwp%2Fv2%2Fcomments&post=2823"}],"version-history":[{"count":4,"href":"https:\/\/www.diarionoti7.com.mx\/index.php?rest_route=\/wp\/v2\/posts\/2823\/revisions"}],"predecessor-version":[{"id":2828,"href":"https:\/\/www.diarionoti7.com.mx\/index.php?rest_route=\/wp\/v2\/posts\/2823\/revisions\/2828"}],"wp:featuredmedia":[{"embeddable":true,"href":"https:\/\/www.diarionoti7.com.mx\/index.php?rest_route=\/wp\/v2\/media\/2825"}],"wp:attachment":[{"href":"https:\/\/www.diarionoti7.com.mx\/index.php?rest_route=%2Fwp%2Fv2%2Fmedia&parent=2823"}],"wp:term":[{"taxonomy":"category","embeddable":true,"href":"https:\/\/www.diarionoti7.com.mx\/index.php?rest_route=%2Fwp%2Fv2%2Fcategories&post=2823"},{"taxonomy":"post_tag","embeddable":true,"href":"https:\/\/www.diarionoti7.com.mx\/index.php?rest_route=%2Fwp%2Fv2%2Ftags&post=2823"}],"curies":[{"name":"wp","href":"https:\/\/api.w.org\/{rel}","templated":true}]}}