{"id":28127,"date":"2023-12-03T15:44:13","date_gmt":"2023-12-03T15:44:13","guid":{"rendered":"https:\/\/www.diarionoti7.com.mx\/?p=28127"},"modified":"2023-12-03T15:45:12","modified_gmt":"2023-12-03T15:45:12","slug":"todas-las-expresiones-deben-ser-escuchadas-pero-sin-atentar-contra-la-dignidad-ni-la-legalidad-jms","status":"publish","type":"post","link":"https:\/\/www.diarionoti7.com.mx\/?p=28127","title":{"rendered":"Todas las Expresiones Deben Ser Escuchadas, Pero Sin Atentar Contra La Dignidad Ni la Legalidad: JMS"},"content":{"rendered":"\t\t<div data-elementor-type=\"wp-post\" data-elementor-id=\"28127\" class=\"elementor elementor-28127\">\n\t\t\t\t\t\t\t\t\t<section class=\"elementor-section elementor-top-section elementor-element elementor-element-c09b8f0 elementor-section-boxed elementor-section-height-default elementor-section-height-default\" data-id=\"c09b8f0\" data-element_type=\"section\">\n\t\t\t\t\t\t<div class=\"elementor-container elementor-column-gap-default\">\n\t\t\t\t\t<div class=\"elementor-column elementor-col-100 elementor-top-column elementor-element elementor-element-955a561\" data-id=\"955a561\" data-element_type=\"column\">\n\t\t\t<div class=\"elementor-widget-wrap elementor-element-populated\">\n\t\t\t\t\t\t\t\t<div class=\"elementor-element elementor-element-0ce869c elementor-widget elementor-widget-text-editor\" data-id=\"0ce869c\" data-element_type=\"widget\" data-widget_type=\"text-editor.default\">\n\t\t\t\t<div class=\"elementor-widget-container\">\n\t\t\t<style>\/*! elementor - v3.10.2 - 29-01-2023 *\/\n.elementor-widget-text-editor.elementor-drop-cap-view-stacked .elementor-drop-cap{background-color:#818a91;color:#fff}.elementor-widget-text-editor.elementor-drop-cap-view-framed .elementor-drop-cap{color:#818a91;border:3px solid;background-color:transparent}.elementor-widget-text-editor:not(.elementor-drop-cap-view-default) .elementor-drop-cap{margin-top:8px}.elementor-widget-text-editor:not(.elementor-drop-cap-view-default) .elementor-drop-cap-letter{width:1em;height:1em}.elementor-widget-text-editor .elementor-drop-cap{float:left;text-align:center;line-height:1;font-size:50px}.elementor-widget-text-editor .elementor-drop-cap-letter{display:inline-block}<\/style>\t\t\t\t<p><b>*Este s\u00e1bado en <\/b><a href=\"https:\/\/www.facebook.com\/hashtag\/ixmiquilpan?__eep__=6&amp;__cft__%5b0%5d=AZW0pj4XWaf2QK7ZYvWe7pfL-2lHGxlT0xAjSSp2arzKrw1vV_2CkIP93nKOg8lJVqE_vPneoMf8I20Rnc3WYX_Ek_9sWjGIPqBq9g4aETvr6mcDDgQC_PCPKkOnA54_vfVxC3yUXodvN5RD3MQjeyWByPKfrsVmj3zVtcV2UK7hHaBrKFvYHLOb9-1QPFcxC0g&amp;__tn__=*NK-R\"><b>Ixmiquilpan<\/b><\/a><b> entregamos apoyos del bienestar y desarrollo para grupos de atenci\u00f3n prioritaria y m\u00e1s de 130 millones de inversi\u00f3n para seguir dignificando caminos e infraestructura hidr\u00e1ulica.<\/b><\/p><p><b>*En las <\/b><a href=\"https:\/\/www.facebook.com\/hashtag\/rutasdelatransformaci%C3%B3n?__eep__=6&amp;__cft__%5b0%5d=AZW0pj4XWaf2QK7ZYvWe7pfL-2lHGxlT0xAjSSp2arzKrw1vV_2CkIP93nKOg8lJVqE_vPneoMf8I20Rnc3WYX_Ek_9sWjGIPqBq9g4aETvr6mcDDgQC_PCPKkOnA54_vfVxC3yUXodvN5RD3MQjeyWByPKfrsVmj3zVtcV2UK7hHaBrKFvYHLOb9-1QPFcxC0g&amp;__tn__=*NK-R\"><b>Rutas de la Transformaci\u00f3n<\/b><\/a><b> seguimos llevando m\u00f3dulos de salud, servicios y vinculaci\u00f3n laboral para el pueblo<\/b><\/p><p><b>*Supervisamos el avance en la rehabilitaci\u00f3n de la Carretera Paso por <\/b><a href=\"https:\/\/www.facebook.com\/hashtag\/ixmiquilpan?__eep__=6&amp;__cft__%5b0%5d=AZUk6jLFSAdjd-0nvMtwEch_FztX_1AhJDWSQ-07Jzx9KB7E7w--VfN7HGc2VfY6j-xlg8RFKu68Ha3tu8ER6KXjKiMB8XZGKTn1rKaaTXzJCmSLTl5Haqtjr3-8T1TFXDzKg-HNMAq2_3Ij2srssgsxO6Ui8cuCRXB9xuU_Ug9-0K1yhvRYuL2aZ2G4Z_Hdevk&amp;__tn__=*NK-R\"><b>Ixmiquilpan<\/b><\/a><b> que mejorar\u00e1 el acceso al municipio as\u00ed como a servicios tur\u00edsticos, de salud y educaci\u00f3n.<\/b><\/p><p><b>*Esto, para garantizar infraestructura carretera, educativa y de salud<\/b><\/p><p><b>Ixmiquilpan, Hgo., 2 de diciembre de 2023.-<\/b><span style=\"font-weight: 400;\">\u201cLa construcci\u00f3n social ante el abandono y la falta de atenci\u00f3n tuvo manifestaciones que atentan contra los derechos humanos. Todas las expresiones deben ser escuchadas, pero el argumento de los usos y costumbres no deben atentar contra la dignidad; s\u00ed en la manera de organizarse, pero no contra la legalidad\u201d, afirm\u00f3 el mandatario Julio Menchaca Salazar.<\/span><\/p><p><span style=\"font-weight: 400;\">Al encabezar las Rutas de la Transformaci\u00f3n &#8211; Gobierno en Movimiento en los municipios de Ixmiquilpan y Alfajayucan, el titular del Ejecutivo estatal asegur\u00f3 que la estructura gubernamental continuar\u00e1 impulsando el bienestar de la poblaci\u00f3n a trav\u00e9s de la escucha activa, pero sin ceder ante las presiones.\u00a0<\/span><\/p><p><span style=\"font-weight: 400;\">El gobernador resalt\u00f3 que en las demarcaciones visitadas en esta jornada se invierten m\u00e1s de 200 millones de pesos para garantizar infraestructura carretera, educativa y de salud a la altura de las expectativas ciudadanas.\u00a0<\/span><\/p><p><span style=\"font-weight: 400;\">\u201cHoy estamos poniendo acento en el manejo transparente de los recursos p\u00fablicos y nosotros estamos en estos recorridos para seguir llevando las obras que son necesarias y que no se visualizan desde un escritorio, sino a partir de la escucha de sus necesidades\u201d, subray\u00f3.\u00a0<\/span><\/p><p><span style=\"font-weight: 400;\">En su visita a Ixmiquilpan, Menchaca Salazar supervis\u00f3 la rehabilitaci\u00f3n de la carretera Paso por Ixmiquilpan, en la cual se invertir\u00e1n m\u00e1s de 27 millones de pesos para garantizar la movilidad de m\u00e1s de 156 mil personas.\u00a0<\/span><\/p><p><span style=\"font-weight: 400;\">Tambi\u00e9n realiz\u00f3 la entrega de la pavimentaci\u00f3n asf\u00e1ltica en el Libramiento Oriente La Loma de la Cruz \u2013 UTVM, Circuito Paredes y en la calle 15 de Septiembre de la localidad de Remedios, obras que requirieron de 6 millones 602 mil pesos. Igualmente se inform\u00f3 que, para la rehabilitaci\u00f3n de pavimento asf\u00e1ltico en la Av. Felipe \u00c1ngeles, el Gobierno de Hidalgo invirti\u00f3 7 millones 556 mil 379 pesos.<\/span><\/p><p><span style=\"font-weight: 400;\">Siguiendo con estas entregas el mandatario estatal inaugur\u00f3 la construcci\u00f3n de la pavimentaci\u00f3n hidr\u00e1ulica en la localidad de El Oro y en el acceso principal de la localidad El Manantial, la cual implic\u00f3 un gasto programado de 5 millones 780 mil pesos.<\/span><\/p><p><span style=\"font-weight: 400;\">Asimismo, anunci\u00f3 la rehabilitaci\u00f3n del Hospital General del Valle del Mezquital, nosocomio en el que cerca de 98 mil personas podr\u00e1n recibir atenci\u00f3n m\u00e9dica de calidad, pues se invertir\u00e1n m\u00e1s de 2 millones de pesos.<\/span><\/p><p><span style=\"font-weight: 400;\">A estos anuncios se suman la ampliaci\u00f3n de la red de agua potable e interconexi\u00f3n a la red de CFE de Paneles Solares en la localidad de Cuesta Colorada, en donde se tiene prevista la inversi\u00f3n de m\u00e1s de 4 millones de pesos; la rehabilitaci\u00f3n de la carretera Ixmiquilpan &#8211; Capula, tramo del Km 0+400 al Km 2+100, en barrios San Miguel y El Nith, con una proyecci\u00f3n presupuestal de 4 millones de pesos.<\/span><\/p><p><span style=\"font-weight: 400;\">Bajo este tenor tambi\u00e9n se llevar\u00e1 a cabo la construcci\u00f3n del centro comunitario de la localidad La Estaci\u00f3n, as\u00ed como la pavimentaci\u00f3n asf\u00e1ltica en las localidades de Bangandh\u00f3, El Alberto, Libramiento Oriente \u2013 La Loma de la Cruz \u2013 Universidad y en la interconexi\u00f3n Los Pinos Panales \u2013 El Maye, infraestructura que en su conjunto representan m\u00e1s de 25 millones de pesos del presupuesto estatal.<\/span><\/p><p><span style=\"font-weight: 400;\">Gracias a la utilizaci\u00f3n de m\u00e1s de 38 millones de pesos se realizar\u00e1 la modernizaci\u00f3n de camino Santa Ana &#8211; La Loma L\u00f3pez Ray\u00f3n y calle Cobre, la construcci\u00f3n de obras de infraestructura para el mejoramiento de la calidad y el suministro del agua en las localidades de Nequeteje, El Mirador, Jaguey, Huapilla Capula, La Mesa, Loma, L\u00f3pez Ray\u00f3n y El Olivo.<\/span><\/p><p><span style=\"font-weight: 400;\">Menchaca Salazar record\u00f3 que gracias al programa Construye tu Camino su administraci\u00f3n destinar\u00e1 m\u00e1s de 5 millones de pesos para la construcci\u00f3n del tramo San Andr\u00e9s &#8211; El Olivo.<\/span><\/p><p><span style=\"font-weight: 400;\">En materia de salud, el gobernador inform\u00f3 que se realizar\u00e1n trabajos de conservaci\u00f3n y mantenimiento en los centros de salud de Ixmiquilpan, Orizabita, Panales, El Alberto y El Defay, destinando para estas tareas m\u00e1s de 3 millones 933 mil pesos, logrando beneficiar a 30 800 mil habitantes.<\/span><\/p><p><span style=\"font-weight: 400;\">Adelant\u00f3 que a final de mes se realizar\u00e1 la entrega de aulas multisensoriales para alumnos con discapacidad en 4 Centros de Atenci\u00f3n M\u00faltiple, cuyo valor asciende a los 4 millones de pesos.<\/span><\/p><p><span style=\"font-weight: 400;\">Para combatir los rezagos de grupos sociales hist\u00f3ricamente marginados, el titular del Ejecutivo atestigu\u00f3 la entrega de los Programas \u201cApoyo para el Bienestar y Desarrollo\u201d y \u201cBienestar de Madres Solteras\u201d y adelant\u00f3 el rescate de artesan\u00edas en el municipio de Ixmiquilpan a trav\u00e9s del Fondo de Desarrollo Econ\u00f3mico y la Competitividad del Estado de Hidalgo, teniendo contemplada la utilizaci\u00f3n de m\u00e1s de 2 millones 400 mil pesos para este fin.<\/span><\/p>\t\t\t\t\t\t<\/div>\n\t\t\t\t<\/div>\n\t\t\t\t\t<\/div>\n\t\t<\/div>\n\t\t\t\t\t\t\t<\/div>\n\t\t<\/section>\n\t\t\t\t\t\t\t<\/div>\n\t\t","protected":false},"excerpt":{"rendered":"<p>*Este s\u00e1bado en Ixmiquilpan entregamos apoyos del bienestar y desarrollo para grupos de atenci\u00f3n prioritaria y m\u00e1s de 130 millones de inversi\u00f3n para seguir dignificando caminos e infraestructura hidr\u00e1ulica. *En las Rutas de la Transformaci\u00f3n seguimos llevando m\u00f3dulos de salud, servicios y vinculaci\u00f3n laboral para el pueblo *Supervisamos el avance en la rehabilitaci\u00f3n de la [&hellip;]<\/p>\n","protected":false},"author":1,"featured_media":28129,"comment_status":"closed","ping_status":"closed","sticky":false,"template":"","format":"standard","meta":[],"categories":[7],"tags":[],"_links":{"self":[{"href":"https:\/\/www.diarionoti7.com.mx\/index.php?rest_route=\/wp\/v2\/posts\/28127"}],"collection":[{"href":"https:\/\/www.diarionoti7.com.mx\/index.php?rest_route=\/wp\/v2\/posts"}],"about":[{"href":"https:\/\/www.diarionoti7.com.mx\/index.php?rest_route=\/wp\/v2\/types\/post"}],"author":[{"embeddable":true,"href":"https:\/\/www.diarionoti7.com.mx\/index.php?rest_route=\/wp\/v2\/users\/1"}],"replies":[{"embeddable":true,"href":"https:\/\/www.diarionoti7.com.mx\/index.php?rest_route=%2Fwp%2Fv2%2Fcomments&post=28127"}],"version-history":[{"count":4,"href":"https:\/\/www.diarionoti7.com.mx\/index.php?rest_route=\/wp\/v2\/posts\/28127\/revisions"}],"predecessor-version":[{"id":28132,"href":"https:\/\/www.diarionoti7.com.mx\/index.php?rest_route=\/wp\/v2\/posts\/28127\/revisions\/28132"}],"wp:featuredmedia":[{"embeddable":true,"href":"https:\/\/www.diarionoti7.com.mx\/index.php?rest_route=\/wp\/v2\/media\/28129"}],"wp:attachment":[{"href":"https:\/\/www.diarionoti7.com.mx\/index.php?rest_route=%2Fwp%2Fv2%2Fmedia&parent=28127"}],"wp:term":[{"taxonomy":"category","embeddable":true,"href":"https:\/\/www.diarionoti7.com.mx\/index.php?rest_route=%2Fwp%2Fv2%2Fcategories&post=28127"},{"taxonomy":"post_tag","embeddable":true,"href":"https:\/\/www.diarionoti7.com.mx\/index.php?rest_route=%2Fwp%2Fv2%2Ftags&post=28127"}],"curies":[{"name":"wp","href":"https:\/\/api.w.org\/{rel}","templated":true}]}}