{"id":28115,"date":"2023-12-03T15:42:28","date_gmt":"2023-12-03T15:42:28","guid":{"rendered":"https:\/\/www.diarionoti7.com.mx\/?p=28115"},"modified":"2023-12-03T15:43:26","modified_gmt":"2023-12-03T15:43:26","slug":"julio-menchaca-sugiere-que-alumnos-del-tec-de-pachuca-vuelvan-a-clases-luego-de-dos-meses-de-paro","status":"publish","type":"post","link":"https:\/\/www.diarionoti7.com.mx\/?p=28115","title":{"rendered":"Julio Menchaca Sugiere Que Alumnos del Tec De Pachuca  Vuelvan a Clases Luego de  Dos Meses de Paro"},"content":{"rendered":"\t\t<div data-elementor-type=\"wp-post\" data-elementor-id=\"28115\" class=\"elementor elementor-28115\">\n\t\t\t\t\t\t\t\t\t<section class=\"elementor-section elementor-top-section elementor-element elementor-element-c09b8f0 elementor-section-boxed elementor-section-height-default elementor-section-height-default\" data-id=\"c09b8f0\" data-element_type=\"section\">\n\t\t\t\t\t\t<div class=\"elementor-container elementor-column-gap-default\">\n\t\t\t\t\t<div class=\"elementor-column elementor-col-100 elementor-top-column elementor-element elementor-element-955a561\" data-id=\"955a561\" data-element_type=\"column\">\n\t\t\t<div class=\"elementor-widget-wrap elementor-element-populated\">\n\t\t\t\t\t\t\t\t<div class=\"elementor-element elementor-element-0ce869c elementor-widget elementor-widget-text-editor\" data-id=\"0ce869c\" data-element_type=\"widget\" data-widget_type=\"text-editor.default\">\n\t\t\t\t<div class=\"elementor-widget-container\">\n\t\t\t<style>\/*! elementor - v3.10.2 - 29-01-2023 *\/\n.elementor-widget-text-editor.elementor-drop-cap-view-stacked .elementor-drop-cap{background-color:#818a91;color:#fff}.elementor-widget-text-editor.elementor-drop-cap-view-framed .elementor-drop-cap{color:#818a91;border:3px solid;background-color:transparent}.elementor-widget-text-editor:not(.elementor-drop-cap-view-default) .elementor-drop-cap{margin-top:8px}.elementor-widget-text-editor:not(.elementor-drop-cap-view-default) .elementor-drop-cap-letter{width:1em;height:1em}.elementor-widget-text-editor .elementor-drop-cap{float:left;text-align:center;line-height:1;font-size:50px}.elementor-widget-text-editor .elementor-drop-cap-letter{display:inline-block}<\/style>\t\t\t\t<p><b>Pachuca, Hgo, 2 de Diciembre 2023.- <\/b><span style=\"font-weight: 400;\">El gobernador de Hidalgo,\u00a0<\/span><a href=\"https:\/\/twitter.com\/juliomenchaca_\"><span style=\"font-weight: 400;\">Julio Menchaca Salazar<\/span><\/a><span style=\"font-weight: 400;\">, sugiri\u00f3 que se apliquen los protocolos y que alumnos se reintegren a las clases en el Instituto Tecnol\u00f3gico de Pachuca (ITP), esto a dos meses de paro estudiantil.<\/span><\/p><p><span style=\"font-weight: 400;\">Lo anterior lo se\u00f1al\u00f3 el mandatario tras encabezar este viernes la Cuarta sesi\u00f3n ordinaria del Consejo Nacional del Sistema Nacional de Educaci\u00f3n Media Superior, en la que Hidalgo fue sede.<\/span><\/p><p><span style=\"font-weight: 400;\">El gobernador propuso que siga por separado, no en el olvido, el tr\u00e1mite de sus demandas y sus quejas, \u201csobre todo las de acoso\u201d, dijo. \u00a0<\/span><\/p><p><span style=\"font-weight: 400;\">Refiri\u00f3 que espera no se pierda el semestre en el ITP, aunque reconoci\u00f3 que es dif\u00edcil a un mes de concluir el a\u00f1o.<\/span><\/p><p><span style=\"font-weight: 400;\">\u201cEs una cuesti\u00f3n del \u00e1mbito federal, particularmente la Secretar\u00eda de Gobierno se ha desplegado disposici\u00f3n de di\u00e1logo, y yo he platicado con los j\u00f3venes y yo sugiero que apliquen los protocolos que se reintegren a las clases. Est\u00e1 dif\u00edcil, a un mes de terminar el a\u00f1o\u00bb, indic\u00f3 el gobernador.<\/span><\/p><p><span style=\"font-weight: 400;\">Este jueves era la fecha l\u00edmite que dio el Tecnol\u00f3gico Nacional de M\u00e9xico (TEcNM) para que se retomaran las clases ajustando el calendario escolar con clases en diciembre y enero para salvar el semestre. Sin embargo estudiantes, personal docente y no docente, mantienen tomadas las instalaciones.<\/span><\/p><p>\u00a0<\/p>\t\t\t\t\t\t<\/div>\n\t\t\t\t<\/div>\n\t\t\t\t\t<\/div>\n\t\t<\/div>\n\t\t\t\t\t\t\t<\/div>\n\t\t<\/section>\n\t\t\t\t\t\t\t<\/div>\n\t\t","protected":false},"excerpt":{"rendered":"<p>Pachuca, Hgo, 2 de Diciembre 2023.- El gobernador de Hidalgo,\u00a0Julio Menchaca Salazar, sugiri\u00f3 que se apliquen los protocolos y que alumnos se reintegren a las clases en el Instituto Tecnol\u00f3gico de Pachuca (ITP), esto a dos meses de paro estudiantil. Lo anterior lo se\u00f1al\u00f3 el mandatario tras encabezar este viernes la Cuarta sesi\u00f3n ordinaria del [&hellip;]<\/p>\n","protected":false},"author":1,"featured_media":28117,"comment_status":"closed","ping_status":"closed","sticky":false,"template":"","format":"standard","meta":[],"categories":[4],"tags":[],"_links":{"self":[{"href":"https:\/\/www.diarionoti7.com.mx\/index.php?rest_route=\/wp\/v2\/posts\/28115"}],"collection":[{"href":"https:\/\/www.diarionoti7.com.mx\/index.php?rest_route=\/wp\/v2\/posts"}],"about":[{"href":"https:\/\/www.diarionoti7.com.mx\/index.php?rest_route=\/wp\/v2\/types\/post"}],"author":[{"embeddable":true,"href":"https:\/\/www.diarionoti7.com.mx\/index.php?rest_route=\/wp\/v2\/users\/1"}],"replies":[{"embeddable":true,"href":"https:\/\/www.diarionoti7.com.mx\/index.php?rest_route=%2Fwp%2Fv2%2Fcomments&post=28115"}],"version-history":[{"count":4,"href":"https:\/\/www.diarionoti7.com.mx\/index.php?rest_route=\/wp\/v2\/posts\/28115\/revisions"}],"predecessor-version":[{"id":28120,"href":"https:\/\/www.diarionoti7.com.mx\/index.php?rest_route=\/wp\/v2\/posts\/28115\/revisions\/28120"}],"wp:featuredmedia":[{"embeddable":true,"href":"https:\/\/www.diarionoti7.com.mx\/index.php?rest_route=\/wp\/v2\/media\/28117"}],"wp:attachment":[{"href":"https:\/\/www.diarionoti7.com.mx\/index.php?rest_route=%2Fwp%2Fv2%2Fmedia&parent=28115"}],"wp:term":[{"taxonomy":"category","embeddable":true,"href":"https:\/\/www.diarionoti7.com.mx\/index.php?rest_route=%2Fwp%2Fv2%2Fcategories&post=28115"},{"taxonomy":"post_tag","embeddable":true,"href":"https:\/\/www.diarionoti7.com.mx\/index.php?rest_route=%2Fwp%2Fv2%2Ftags&post=28115"}],"curies":[{"name":"wp","href":"https:\/\/api.w.org\/{rel}","templated":true}]}}