{"id":2788,"date":"2023-02-27T14:27:47","date_gmt":"2023-02-27T14:27:47","guid":{"rendered":"https:\/\/www.diarionoti7.com.mx\/?p=2788"},"modified":"2023-02-27T14:29:10","modified_gmt":"2023-02-27T14:29:10","slug":"organos-internos-de-control-vigilaran-la-cuenta-publica-capacitan-194-contralores-internos-de-los-tres-poderes","status":"publish","type":"post","link":"https:\/\/www.diarionoti7.com.mx\/?p=2788","title":{"rendered":"\u00d3rganos Internos de Control Vigilar\u00e1n la Cuenta P\u00fablica Capacitan 194 Contralores Internos de los Tres Poderes"},"content":{"rendered":"\t\t<div data-elementor-type=\"wp-post\" data-elementor-id=\"2788\" class=\"elementor elementor-2788\">\n\t\t\t\t\t\t\t\t\t<section class=\"elementor-section elementor-top-section elementor-element elementor-element-51c23a4c elementor-section-boxed elementor-section-height-default elementor-section-height-default\" data-id=\"51c23a4c\" data-element_type=\"section\">\n\t\t\t\t\t\t<div class=\"elementor-container elementor-column-gap-default\">\n\t\t\t\t\t<div class=\"elementor-column elementor-col-100 elementor-top-column elementor-element elementor-element-7d2e0b6e\" data-id=\"7d2e0b6e\" data-element_type=\"column\">\n\t\t\t<div class=\"elementor-widget-wrap elementor-element-populated\">\n\t\t\t\t\t\t\t\t<div class=\"elementor-element elementor-element-2f2290cd elementor-widget elementor-widget-text-editor\" data-id=\"2f2290cd\" data-element_type=\"widget\" data-widget_type=\"text-editor.default\">\n\t\t\t\t<div class=\"elementor-widget-container\">\n\t\t\t<style>\/*! elementor - v3.10.2 - 29-01-2023 *\/\n.elementor-widget-text-editor.elementor-drop-cap-view-stacked .elementor-drop-cap{background-color:#818a91;color:#fff}.elementor-widget-text-editor.elementor-drop-cap-view-framed .elementor-drop-cap{color:#818a91;border:3px solid;background-color:transparent}.elementor-widget-text-editor:not(.elementor-drop-cap-view-default) .elementor-drop-cap{margin-top:8px}.elementor-widget-text-editor:not(.elementor-drop-cap-view-default) .elementor-drop-cap-letter{width:1em;height:1em}.elementor-widget-text-editor .elementor-drop-cap{float:left;text-align:center;line-height:1;font-size:50px}.elementor-widget-text-editor .elementor-drop-cap-letter{display:inline-block}<\/style>\t\t\t\t<p><strong>*El<\/strong> <strong>objetivo, cubrir las necesidades que los \u00f3rganos de vigilancia necesitan en la revisi\u00f3n a detalle de la cuenta p\u00fablica de la instituci\u00f3n a la que pertenecen. <\/strong><\/p><p><strong>Pachuca, Hgo. 26 de febrero de 2024.-<\/strong>Enfocados en el proyecto del gobernador Julio Menchaca Salazar, este viernes la Secretar\u00eda de Contralor\u00eda encabezada por su titular \u00c1lvaro Bardales, realiz\u00f3 la mesa de trabajo \u201cEl papel del \u00d3rgano Interno de Control (OIC) en el seguimiento a la cuenta p\u00fablica\u201d, tema impartido por Sergio Carlos Jim\u00e9nez, presidente del Sistema Estatal Anticorrupci\u00f3n.<\/p><p>Participaron 194 titulares de las contralor\u00edas internas de los tres poderes en el estado, con el objetivo de cubrir las necesidades que los \u00f3rganos de vigilancia necesitan en la revisi\u00f3n a detalle de la cuenta p\u00fablica de la instituci\u00f3n a la que pertenecen.<\/p><p>Uno de los principales prop\u00f3sitos es comprobar que los aspectos financieros, presupuestales y program\u00e1ticos del ingreso-gasto, se realicen con eficiencia y eficacia, en apego a la ley que los regula.<\/p><p>Cabe destacar que los OIC deben prestar atenci\u00f3n a los informes de la Auditor\u00eda Superior del Estado de Hidalgo (ASEH), para conocer las irregularidades detectadas y que a trav\u00e9s del Comit\u00e9 de Control Interno y Desempe\u00f1o Institucional deben solventarse de manera oportuna.<\/p>\t\t\t\t\t\t<\/div>\n\t\t\t\t<\/div>\n\t\t\t\t\t<\/div>\n\t\t<\/div>\n\t\t\t\t\t\t\t<\/div>\n\t\t<\/section>\n\t\t\t\t\t\t\t<\/div>\n\t\t","protected":false},"excerpt":{"rendered":"<p>*El objetivo, cubrir las necesidades que los \u00f3rganos de vigilancia necesitan en la revisi\u00f3n a detalle de la cuenta p\u00fablica de la instituci\u00f3n a la que pertenecen. Pachuca, Hgo. 26 de febrero de 2024.-Enfocados en el proyecto del gobernador Julio Menchaca Salazar, este viernes la Secretar\u00eda de Contralor\u00eda encabezada por su titular \u00c1lvaro Bardales, realiz\u00f3 [&hellip;]<\/p>\n","protected":false},"author":1,"featured_media":2790,"comment_status":"closed","ping_status":"closed","sticky":false,"template":"","format":"standard","meta":[],"categories":[7],"tags":[],"_links":{"self":[{"href":"https:\/\/www.diarionoti7.com.mx\/index.php?rest_route=\/wp\/v2\/posts\/2788"}],"collection":[{"href":"https:\/\/www.diarionoti7.com.mx\/index.php?rest_route=\/wp\/v2\/posts"}],"about":[{"href":"https:\/\/www.diarionoti7.com.mx\/index.php?rest_route=\/wp\/v2\/types\/post"}],"author":[{"embeddable":true,"href":"https:\/\/www.diarionoti7.com.mx\/index.php?rest_route=\/wp\/v2\/users\/1"}],"replies":[{"embeddable":true,"href":"https:\/\/www.diarionoti7.com.mx\/index.php?rest_route=%2Fwp%2Fv2%2Fcomments&post=2788"}],"version-history":[{"count":4,"href":"https:\/\/www.diarionoti7.com.mx\/index.php?rest_route=\/wp\/v2\/posts\/2788\/revisions"}],"predecessor-version":[{"id":2793,"href":"https:\/\/www.diarionoti7.com.mx\/index.php?rest_route=\/wp\/v2\/posts\/2788\/revisions\/2793"}],"wp:featuredmedia":[{"embeddable":true,"href":"https:\/\/www.diarionoti7.com.mx\/index.php?rest_route=\/wp\/v2\/media\/2790"}],"wp:attachment":[{"href":"https:\/\/www.diarionoti7.com.mx\/index.php?rest_route=%2Fwp%2Fv2%2Fmedia&parent=2788"}],"wp:term":[{"taxonomy":"category","embeddable":true,"href":"https:\/\/www.diarionoti7.com.mx\/index.php?rest_route=%2Fwp%2Fv2%2Fcategories&post=2788"},{"taxonomy":"post_tag","embeddable":true,"href":"https:\/\/www.diarionoti7.com.mx\/index.php?rest_route=%2Fwp%2Fv2%2Ftags&post=2788"}],"curies":[{"name":"wp","href":"https:\/\/api.w.org\/{rel}","templated":true}]}}