{"id":27707,"date":"2023-11-29T18:13:16","date_gmt":"2023-11-29T18:13:16","guid":{"rendered":"https:\/\/www.diarionoti7.com.mx\/?p=27707"},"modified":"2023-11-29T18:14:43","modified_gmt":"2023-11-29T18:14:43","slug":"finaliza-mi-trabajo-transforma-campana-de-mejora-laboral-en-hidalgo","status":"publish","type":"post","link":"https:\/\/www.diarionoti7.com.mx\/?p=27707","title":{"rendered":"Finaliza \u201cMi Trabajo Transforma\u201d, Campa\u00f1a de Mejora Laboral en Hidalgo"},"content":{"rendered":"\t\t<div data-elementor-type=\"wp-post\" data-elementor-id=\"27707\" class=\"elementor elementor-27707\">\n\t\t\t\t\t\t\t\t\t<section class=\"elementor-section elementor-top-section elementor-element elementor-element-c09b8f0 elementor-section-boxed elementor-section-height-default elementor-section-height-default\" data-id=\"c09b8f0\" data-element_type=\"section\">\n\t\t\t\t\t\t<div class=\"elementor-container elementor-column-gap-default\">\n\t\t\t\t\t<div class=\"elementor-column elementor-col-100 elementor-top-column elementor-element elementor-element-955a561\" data-id=\"955a561\" data-element_type=\"column\">\n\t\t\t<div class=\"elementor-widget-wrap elementor-element-populated\">\n\t\t\t\t\t\t\t\t<div class=\"elementor-element elementor-element-0ce869c elementor-widget elementor-widget-text-editor\" data-id=\"0ce869c\" data-element_type=\"widget\" data-widget_type=\"text-editor.default\">\n\t\t\t\t<div class=\"elementor-widget-container\">\n\t\t\t<style>\/*! elementor - v3.10.2 - 29-01-2023 *\/\n.elementor-widget-text-editor.elementor-drop-cap-view-stacked .elementor-drop-cap{background-color:#818a91;color:#fff}.elementor-widget-text-editor.elementor-drop-cap-view-framed .elementor-drop-cap{color:#818a91;border:3px solid;background-color:transparent}.elementor-widget-text-editor:not(.elementor-drop-cap-view-default) .elementor-drop-cap{margin-top:8px}.elementor-widget-text-editor:not(.elementor-drop-cap-view-default) .elementor-drop-cap-letter{width:1em;height:1em}.elementor-widget-text-editor .elementor-drop-cap{float:left;text-align:center;line-height:1;font-size:50px}.elementor-widget-text-editor .elementor-drop-cap-letter{display:inline-block}<\/style>\t\t\t\t<p><strong>-En los trabajos de difusi\u00f3n 6 regiones fueron participantes <\/strong><\/p><p><strong>Pachuca, Hgo., 28 de noviembre de 2023.-<\/strong>En las instalaciones de la Universidad Polit\u00e9cnica de Pachuca (UPP) concluyeron las actividades correspondientes a la campa\u00f1a \u201cMi Trabajo Transforma\u201d, iniciativa promovida por \u00c1lvaro Bardales Ram\u00edrez, secretario de la Contralor\u00eda en el gobierno de Hidalgo.<\/p><p>Dicha actividad dirigida a los trabajadores del servicio p\u00fablico abordo diversas tem\u00e1ticas sobre \u00c9tica, C\u00f3digo de Conducta, Lineamientos Generales, as\u00ed como Protocolo Cero, herramientas que tiene como objetivo de generar espacios laborales adecuado, basados en principios y valores.<\/p><p>\u201cMi Trabajo Transforma\u201d es un proyecto conjunto en el que participaron la Secretar\u00eda de Contralor\u00eda,\u00a0 Secretar\u00eda de Educaci\u00f3n (SPEH) y la Secretar\u00eda de Salud (SSH), adem\u00e1s de la Oficial\u00eda Mayor y el Instituto Hidalguense de la Mujer (IHM).<\/p><p>La campa\u00f1a gubernamental atendi\u00f3 a servidores p\u00fablicos de los municipios Ixmiquilpan, Tula de Allende, Tulancingo, Zacualtip\u00e1n de los \u00c1ngeles, Huejutla de Reyes y Pachuca de Soto.<\/p><p>Fomentar espacios laborales \u00f3ptimos, es un compromiso que tienen el gobierno que encabeza Julio Menchaca Salazar, mediante acciones que fomenten una sana convivencia en las dependencias de la administraci\u00f3n estatal.<\/p><p>En dicho plan participaron el secretario de Gobierno, Guillermo Olivares Reyna; la titular de la Secretar\u00eda de Bienestar e Inclusi\u00f3n Social, Simey Olvera; la subsecretaria de Administraci\u00f3n y Finanzas de la Secretar\u00eda de Educaci\u00f3n P\u00fablica de Hidalgo, Maricarmen Mandujano, as\u00ed como autoridades educativas de las regiones participantes.<\/p><p>En el cierre de los trabajos, estuvo presente adem\u00e1s el subsecretario de Educaci\u00f3n Media Superior y Superior, Daniel Fragoso Torres, el rector de la UPP, Francisco Marroqu\u00edn Guti\u00e9rrez, entre otras autoridades.<\/p>\t\t\t\t\t\t<\/div>\n\t\t\t\t<\/div>\n\t\t\t\t\t<\/div>\n\t\t<\/div>\n\t\t\t\t\t\t\t<\/div>\n\t\t<\/section>\n\t\t\t\t\t\t\t<\/div>\n\t\t","protected":false},"excerpt":{"rendered":"<p>-En los trabajos de difusi\u00f3n 6 regiones fueron participantes Pachuca, Hgo., 28 de noviembre de 2023.-En las instalaciones de la Universidad Polit\u00e9cnica de Pachuca (UPP) concluyeron las actividades correspondientes a la campa\u00f1a \u201cMi Trabajo Transforma\u201d, iniciativa promovida por \u00c1lvaro Bardales Ram\u00edrez, secretario de la Contralor\u00eda en el gobierno de Hidalgo. Dicha actividad dirigida a los [&hellip;]<\/p>\n","protected":false},"author":1,"featured_media":27709,"comment_status":"closed","ping_status":"closed","sticky":false,"template":"","format":"standard","meta":[],"categories":[7],"tags":[],"_links":{"self":[{"href":"https:\/\/www.diarionoti7.com.mx\/index.php?rest_route=\/wp\/v2\/posts\/27707"}],"collection":[{"href":"https:\/\/www.diarionoti7.com.mx\/index.php?rest_route=\/wp\/v2\/posts"}],"about":[{"href":"https:\/\/www.diarionoti7.com.mx\/index.php?rest_route=\/wp\/v2\/types\/post"}],"author":[{"embeddable":true,"href":"https:\/\/www.diarionoti7.com.mx\/index.php?rest_route=\/wp\/v2\/users\/1"}],"replies":[{"embeddable":true,"href":"https:\/\/www.diarionoti7.com.mx\/index.php?rest_route=%2Fwp%2Fv2%2Fcomments&post=27707"}],"version-history":[{"count":4,"href":"https:\/\/www.diarionoti7.com.mx\/index.php?rest_route=\/wp\/v2\/posts\/27707\/revisions"}],"predecessor-version":[{"id":27712,"href":"https:\/\/www.diarionoti7.com.mx\/index.php?rest_route=\/wp\/v2\/posts\/27707\/revisions\/27712"}],"wp:featuredmedia":[{"embeddable":true,"href":"https:\/\/www.diarionoti7.com.mx\/index.php?rest_route=\/wp\/v2\/media\/27709"}],"wp:attachment":[{"href":"https:\/\/www.diarionoti7.com.mx\/index.php?rest_route=%2Fwp%2Fv2%2Fmedia&parent=27707"}],"wp:term":[{"taxonomy":"category","embeddable":true,"href":"https:\/\/www.diarionoti7.com.mx\/index.php?rest_route=%2Fwp%2Fv2%2Fcategories&post=27707"},{"taxonomy":"post_tag","embeddable":true,"href":"https:\/\/www.diarionoti7.com.mx\/index.php?rest_route=%2Fwp%2Fv2%2Ftags&post=27707"}],"curies":[{"name":"wp","href":"https:\/\/api.w.org\/{rel}","templated":true}]}}