{"id":27623,"date":"2023-11-29T17:48:37","date_gmt":"2023-11-29T17:48:37","guid":{"rendered":"https:\/\/www.diarionoti7.com.mx\/?p=27623"},"modified":"2023-11-29T17:50:23","modified_gmt":"2023-11-29T17:50:23","slug":"busca-seph-erradicar-violencia-de-genero-en-aulas-asi-como-oficinas","status":"publish","type":"post","link":"https:\/\/www.diarionoti7.com.mx\/?p=27623","title":{"rendered":"Busca SEPH Erradicar Violencia De G\u00e9nero en Aulas, As\u00ed Como Oficinas"},"content":{"rendered":"\t\t<div data-elementor-type=\"wp-post\" data-elementor-id=\"27623\" class=\"elementor elementor-27623\">\n\t\t\t\t\t\t\t\t\t<section class=\"elementor-section elementor-top-section elementor-element elementor-element-c09b8f0 elementor-section-boxed elementor-section-height-default elementor-section-height-default\" data-id=\"c09b8f0\" data-element_type=\"section\">\n\t\t\t\t\t\t<div class=\"elementor-container elementor-column-gap-default\">\n\t\t\t\t\t<div class=\"elementor-column elementor-col-100 elementor-top-column elementor-element elementor-element-955a561\" data-id=\"955a561\" data-element_type=\"column\">\n\t\t\t<div class=\"elementor-widget-wrap elementor-element-populated\">\n\t\t\t\t\t\t\t\t<div class=\"elementor-element elementor-element-0ce869c elementor-widget elementor-widget-text-editor\" data-id=\"0ce869c\" data-element_type=\"widget\" data-widget_type=\"text-editor.default\">\n\t\t\t\t<div class=\"elementor-widget-container\">\n\t\t\t<style>\/*! elementor - v3.10.2 - 29-01-2023 *\/\n.elementor-widget-text-editor.elementor-drop-cap-view-stacked .elementor-drop-cap{background-color:#818a91;color:#fff}.elementor-widget-text-editor.elementor-drop-cap-view-framed .elementor-drop-cap{color:#818a91;border:3px solid;background-color:transparent}.elementor-widget-text-editor:not(.elementor-drop-cap-view-default) .elementor-drop-cap{margin-top:8px}.elementor-widget-text-editor:not(.elementor-drop-cap-view-default) .elementor-drop-cap-letter{width:1em;height:1em}.elementor-widget-text-editor .elementor-drop-cap{float:left;text-align:center;line-height:1;font-size:50px}.elementor-widget-text-editor .elementor-drop-cap-letter{display:inline-block}<\/style>\t\t\t\t<p><strong>*Dependencia se suma a iniciativas a favor de las mujeres, las adolescentes y ni\u00f1as <\/strong><\/p><p><strong>Pachuca, Hgo., 28 de noviembre de 2023.-<\/strong>El Colegio de Estudios Cient\u00edficos y Tecnol\u00f3gicos del Estado de Hidalgo (Cecyteh) Plantel Pachuca, fue el espacio donde autoridades, docentes, estudiantes, entre otros integrantes de la comunidad educativa estatal, dieron muestra de unidad para sumarse al rechazo colectivo contra la violencia hacia las mujeres, las adolescentes y ni\u00f1as, desde las aulas. \u00a0\u00a0\u00a0 \u00a0\u00a0<\/p><p>En el marco del D\u00eda Internacional de la Eliminaci\u00f3n de la Violencia Contra las Mujeres, Natividad Castrej\u00f3n Valdez, secretario de Educaci\u00f3n P\u00fablica de Hidalgo, invit\u00f3 a todo el sector educativo a trabajar para construir una sociedad m\u00e1s equitativa y sin violencia de g\u00e9nero en cada una de las escuelas, para lograr que estos esfuerzos logren trascender e impactar en los \u00e1mbitos familiar y social.\u00a0<\/p><p>Entre las acciones que emprender\u00e1 la SEPH para respaldar al sector, la dependencia estatal se sum\u00f3 a la campa\u00f1a \u201c16 D\u00edas de activismo contra la violencia de g\u00e9nero\u201d, iniciativa que promueve la Organizaci\u00f3n de las Naciones Unidas (ONU).<\/p><p>Ante la comunidad del Cecyteh, Castrej\u00f3n Valdez, dijo: \u201cReconocemos a todas y todos los organizadores de las m\u00faltiples, y variadas actividades que habr\u00e1n de realizarse a lo largo de estos 16 d\u00edas, donde tendremos la oportunidad de reflexionar, debatir, proponer e impulsar acciones concretas, que nos identifiquen como activistas comprometidos y responsables en todos los temas relacionados con la violencia de g\u00e9nero\u201d.<\/p><p>La directora de la Unidad Institucional para la Igualdad entre Mujeres y Hombres, Nhur Amira N\u00fa\u00f1ez Ponce, se\u00f1al\u00f3 que se requiere trabajar en transversalizar la perspectiva de g\u00e9nero en la estructura educativa, con herramientas que permitan fomentar una cultura igualitaria y en lo colectivo se protejan los derechos de las ni\u00f1as, adolescentes y mujeres.<\/p><p>Durante el inicio de estas actividades se imparti\u00f3 la conferencia \u201cLa igualdad de g\u00e9nero en el trabajo es la base para un futuro libre de violencia para las mujeres\u201d, a cargo de la maestra Norma Cerros; adem\u00e1s, destaca la ponencia \u201cDoble presencia, Prevenci\u00f3n y atenci\u00f3n integral de delitos cibern\u00e9ticos, protocolo cero, activaci\u00f3n f\u00edsica y cine debate, entre otras.<\/p>\t\t\t\t\t\t<\/div>\n\t\t\t\t<\/div>\n\t\t\t\t\t<\/div>\n\t\t<\/div>\n\t\t\t\t\t\t\t<\/div>\n\t\t<\/section>\n\t\t\t\t<section class=\"elementor-section elementor-top-section elementor-element elementor-element-20c3397 elementor-section-boxed elementor-section-height-default elementor-section-height-default\" data-id=\"20c3397\" data-element_type=\"section\">\n\t\t\t\t\t\t<div class=\"elementor-container elementor-column-gap-default\">\n\t\t\t\t\t<div class=\"elementor-column elementor-col-100 elementor-top-column elementor-element elementor-element-e1bb2f6\" data-id=\"e1bb2f6\" data-element_type=\"column\">\n\t\t\t<div class=\"elementor-widget-wrap elementor-element-populated\">\n\t\t\t\t\t\t\t\t<div class=\"elementor-element elementor-element-cdac0ef elementor-aspect-ratio-169 elementor-widget elementor-widget-video\" data-id=\"cdac0ef\" data-element_type=\"widget\" data-settings=\"{&quot;youtube_url&quot;:&quot;https:\\\/\\\/youtu.be\\\/SFS7OXJhM3Q&quot;,&quot;video_type&quot;:&quot;youtube&quot;,&quot;controls&quot;:&quot;yes&quot;,&quot;aspect_ratio&quot;:&quot;169&quot;}\" data-widget_type=\"video.default\">\n\t\t\t\t<div class=\"elementor-widget-container\">\n\t\t\t<style>\/*! elementor - v3.10.2 - 29-01-2023 *\/\n.elementor-widget-video .elementor-widget-container{overflow:hidden;transform:translateZ(0)}.elementor-widget-video .elementor-open-inline .elementor-custom-embed-image-overlay{position:absolute;top:0;left:0;width:100%;height:100%;background-size:cover;background-position:50%}.elementor-widget-video .elementor-custom-embed-image-overlay{cursor:pointer;text-align:center}.elementor-widget-video .elementor-custom-embed-image-overlay:hover .elementor-custom-embed-play i{opacity:1}.elementor-widget-video .elementor-custom-embed-image-overlay img{display:block;width:100%}.elementor-widget-video .e-hosted-video .elementor-video{-o-object-fit:cover;object-fit:cover}.e-con-inner>.elementor-widget-video,.e-con>.elementor-widget-video{width:var(--container-widget-width);--flex-grow:var(--container-widget-flex-grow)}<\/style>\t\t<div class=\"elementor-wrapper elementor-fit-aspect-ratio elementor-open-inline\">\n\t\t\t<div class=\"elementor-video\"><\/div>\t\t<\/div>\n\t\t\t\t<\/div>\n\t\t\t\t<\/div>\n\t\t\t\t\t<\/div>\n\t\t<\/div>\n\t\t\t\t\t\t\t<\/div>\n\t\t<\/section>\n\t\t\t\t\t\t\t<\/div>\n\t\t","protected":false},"excerpt":{"rendered":"<p>*Dependencia se suma a iniciativas a favor de las mujeres, las adolescentes y ni\u00f1as Pachuca, Hgo., 28 de noviembre de 2023.-El Colegio de Estudios Cient\u00edficos y Tecnol\u00f3gicos del Estado de Hidalgo (Cecyteh) Plantel Pachuca, fue el espacio donde autoridades, docentes, estudiantes, entre otros integrantes de la comunidad educativa estatal, dieron muestra de unidad para sumarse [&hellip;]<\/p>\n","protected":false},"author":1,"featured_media":27625,"comment_status":"closed","ping_status":"closed","sticky":false,"template":"","format":"standard","meta":[],"categories":[4],"tags":[],"_links":{"self":[{"href":"https:\/\/www.diarionoti7.com.mx\/index.php?rest_route=\/wp\/v2\/posts\/27623"}],"collection":[{"href":"https:\/\/www.diarionoti7.com.mx\/index.php?rest_route=\/wp\/v2\/posts"}],"about":[{"href":"https:\/\/www.diarionoti7.com.mx\/index.php?rest_route=\/wp\/v2\/types\/post"}],"author":[{"embeddable":true,"href":"https:\/\/www.diarionoti7.com.mx\/index.php?rest_route=\/wp\/v2\/users\/1"}],"replies":[{"embeddable":true,"href":"https:\/\/www.diarionoti7.com.mx\/index.php?rest_route=%2Fwp%2Fv2%2Fcomments&post=27623"}],"version-history":[{"count":4,"href":"https:\/\/www.diarionoti7.com.mx\/index.php?rest_route=\/wp\/v2\/posts\/27623\/revisions"}],"predecessor-version":[{"id":27628,"href":"https:\/\/www.diarionoti7.com.mx\/index.php?rest_route=\/wp\/v2\/posts\/27623\/revisions\/27628"}],"wp:featuredmedia":[{"embeddable":true,"href":"https:\/\/www.diarionoti7.com.mx\/index.php?rest_route=\/wp\/v2\/media\/27625"}],"wp:attachment":[{"href":"https:\/\/www.diarionoti7.com.mx\/index.php?rest_route=%2Fwp%2Fv2%2Fmedia&parent=27623"}],"wp:term":[{"taxonomy":"category","embeddable":true,"href":"https:\/\/www.diarionoti7.com.mx\/index.php?rest_route=%2Fwp%2Fv2%2Fcategories&post=27623"},{"taxonomy":"post_tag","embeddable":true,"href":"https:\/\/www.diarionoti7.com.mx\/index.php?rest_route=%2Fwp%2Fv2%2Ftags&post=27623"}],"curies":[{"name":"wp","href":"https:\/\/api.w.org\/{rel}","templated":true}]}}