{"id":27617,"date":"2023-11-29T17:47:36","date_gmt":"2023-11-29T17:47:36","guid":{"rendered":"https:\/\/www.diarionoti7.com.mx\/?p=27617"},"modified":"2023-11-29T17:48:33","modified_gmt":"2023-11-29T17:48:33","slug":"participa-hidalgo-en-acuerdos-bilaterales-con-dependencias-federales-en-favor-de-la-cultura","status":"publish","type":"post","link":"https:\/\/www.diarionoti7.com.mx\/?p=27617","title":{"rendered":"Participa Hidalgo en Acuerdos Bilaterales con Dependencias Federales en Favor de la Cultura"},"content":{"rendered":"\t\t<div data-elementor-type=\"wp-post\" data-elementor-id=\"27617\" class=\"elementor elementor-27617\">\n\t\t\t\t\t\t\t\t\t<section class=\"elementor-section elementor-top-section elementor-element elementor-element-c09b8f0 elementor-section-boxed elementor-section-height-default elementor-section-height-default\" data-id=\"c09b8f0\" data-element_type=\"section\">\n\t\t\t\t\t\t<div class=\"elementor-container elementor-column-gap-default\">\n\t\t\t\t\t<div class=\"elementor-column elementor-col-100 elementor-top-column elementor-element elementor-element-955a561\" data-id=\"955a561\" data-element_type=\"column\">\n\t\t\t<div class=\"elementor-widget-wrap elementor-element-populated\">\n\t\t\t\t\t\t\t\t<div class=\"elementor-element elementor-element-0ce869c elementor-widget elementor-widget-text-editor\" data-id=\"0ce869c\" data-element_type=\"widget\" data-widget_type=\"text-editor.default\">\n\t\t\t\t<div class=\"elementor-widget-container\">\n\t\t\t<style>\/*! elementor - v3.10.2 - 29-01-2023 *\/\n.elementor-widget-text-editor.elementor-drop-cap-view-stacked .elementor-drop-cap{background-color:#818a91;color:#fff}.elementor-widget-text-editor.elementor-drop-cap-view-framed .elementor-drop-cap{color:#818a91;border:3px solid;background-color:transparent}.elementor-widget-text-editor:not(.elementor-drop-cap-view-default) .elementor-drop-cap{margin-top:8px}.elementor-widget-text-editor:not(.elementor-drop-cap-view-default) .elementor-drop-cap-letter{width:1em;height:1em}.elementor-widget-text-editor .elementor-drop-cap{float:left;text-align:center;line-height:1;font-size:50px}.elementor-widget-text-editor .elementor-drop-cap-letter{display:inline-block}<\/style>\t\t\t\t<p><strong>*La entidad es representada en la Reuni\u00f3n Nacional de Cultura por la titular de la secretar\u00eda estatal, Tania Meza Escorza<\/strong><\/p><p><strong>*Se propusieron directrices de pol\u00edtica p\u00fablica y de impacto cultural para favorecer la cohesi\u00f3n social, la solidaridad y la cooperaci\u00f3n <\/strong><\/p><p><strong>La Paz, Baja California Sur., 28 de noviembre de 2023. \u2013<\/strong> Como parte de la Reuni\u00f3n Nacional de Cultura, que se lleva a cabo en La Paz, Baja California Sur, este martes, la titular de Cultura en Hidalgo, Tania Meza Escorza, particip\u00f3 en los Acuerdos Bilaterales con unidades administrativas de la dependencia federal con el fin de generar v\u00ednculos que permitan realizar gestiones para la entidad.<\/p><p>Meza Escorza declar\u00f3 que, en estas reuniones, la federaci\u00f3n explic\u00f3 los servicios culturales que presta el Estado, a trav\u00e9s de sus diferentes \u00e1reas para llegar a acuerdos sobre la promoci\u00f3n de la oferta art\u00edstica y cultural que respete los derechos culturales a nivel estatal y nacional.<\/p><p>De esta manera, la funcionaria se reuni\u00f3 con Jes\u00fas Antonio Rodr\u00edguez Aguirre, de la Direcci\u00f3n General de Culturas Populares, Ind\u00edgenas y Urbanas; con Juan Carlos Guti\u00e9rrez Bonet, del Sistema de Apoyos a la Creaci\u00f3n y Proyectos Culturales; Diego Prieto Hern\u00e1ndez, del Instituto Nacional de Antropolog\u00eda e Historia; Mariana Aymerich Ordo\u00f1ez, de la Direcci\u00f3n General de Asuntos Internacionales.<\/p><p>Asimismo, Guillermina P\u00e9rez Su\u00e1rez, de la Coordinaci\u00f3n Nacional de Desarrollo Cultural Infantil; Emma Yanes Rizo, del Fondo Nacional para el Fomento a las Artesan\u00edas; Mar\u00eda Luisa Novaro Pe\u00f1aloza, del Instituto Mexicano de Cinematograf\u00eda; Rodrigo Borja Torres, Direcci\u00f3n General de Bibliotecas; Lucina Jim\u00e9nez L\u00f3pez, Instituto Nacional de Bellas Artes y Literatura; Alejandro Pelayo Rangel, Cineteca Nacional y Marcela Flores M\u00e9ndez, del Centro de Cultura Digital.<\/p><p>La funcionaria estatal tambi\u00e9n coment\u00f3 que se propusieron directrices de pol\u00edtica p\u00fablica y de impacto cultural para favorecer la cohesi\u00f3n social, la solidaridad y la cooperaci\u00f3n entre la comunidad art\u00edstica y las dependencias.<\/p><p>La Reuni\u00f3n Nacional de Cultura 2023 es realizada por el Instituto Sudcaliforniano de Cultura (ISC), en coordinaci\u00f3n con la Secretar\u00eda de Cultura de M\u00e9xico, donde acudieron 32 titulares de cultura del pa\u00eds este 27 y 28 de noviembre.<\/p>\t\t\t\t\t\t<\/div>\n\t\t\t\t<\/div>\n\t\t\t\t\t<\/div>\n\t\t<\/div>\n\t\t\t\t\t\t\t<\/div>\n\t\t<\/section>\n\t\t\t\t\t\t\t<\/div>\n\t\t","protected":false},"excerpt":{"rendered":"<p>*La entidad es representada en la Reuni\u00f3n Nacional de Cultura por la titular de la secretar\u00eda estatal, Tania Meza Escorza *Se propusieron directrices de pol\u00edtica p\u00fablica y de impacto cultural para favorecer la cohesi\u00f3n social, la solidaridad y la cooperaci\u00f3n La Paz, Baja California Sur., 28 de noviembre de 2023. \u2013 Como parte de la [&hellip;]<\/p>\n","protected":false},"author":1,"featured_media":27619,"comment_status":"closed","ping_status":"closed","sticky":false,"template":"","format":"standard","meta":[],"categories":[4],"tags":[],"_links":{"self":[{"href":"https:\/\/www.diarionoti7.com.mx\/index.php?rest_route=\/wp\/v2\/posts\/27617"}],"collection":[{"href":"https:\/\/www.diarionoti7.com.mx\/index.php?rest_route=\/wp\/v2\/posts"}],"about":[{"href":"https:\/\/www.diarionoti7.com.mx\/index.php?rest_route=\/wp\/v2\/types\/post"}],"author":[{"embeddable":true,"href":"https:\/\/www.diarionoti7.com.mx\/index.php?rest_route=\/wp\/v2\/users\/1"}],"replies":[{"embeddable":true,"href":"https:\/\/www.diarionoti7.com.mx\/index.php?rest_route=%2Fwp%2Fv2%2Fcomments&post=27617"}],"version-history":[{"count":4,"href":"https:\/\/www.diarionoti7.com.mx\/index.php?rest_route=\/wp\/v2\/posts\/27617\/revisions"}],"predecessor-version":[{"id":27622,"href":"https:\/\/www.diarionoti7.com.mx\/index.php?rest_route=\/wp\/v2\/posts\/27617\/revisions\/27622"}],"wp:featuredmedia":[{"embeddable":true,"href":"https:\/\/www.diarionoti7.com.mx\/index.php?rest_route=\/wp\/v2\/media\/27619"}],"wp:attachment":[{"href":"https:\/\/www.diarionoti7.com.mx\/index.php?rest_route=%2Fwp%2Fv2%2Fmedia&parent=27617"}],"wp:term":[{"taxonomy":"category","embeddable":true,"href":"https:\/\/www.diarionoti7.com.mx\/index.php?rest_route=%2Fwp%2Fv2%2Fcategories&post=27617"},{"taxonomy":"post_tag","embeddable":true,"href":"https:\/\/www.diarionoti7.com.mx\/index.php?rest_route=%2Fwp%2Fv2%2Ftags&post=27617"}],"curies":[{"name":"wp","href":"https:\/\/api.w.org\/{rel}","templated":true}]}}