{"id":26651,"date":"2023-11-20T18:08:32","date_gmt":"2023-11-20T18:08:32","guid":{"rendered":"https:\/\/www.diarionoti7.com.mx\/?p=26651"},"modified":"2023-11-20T18:09:40","modified_gmt":"2023-11-20T18:09:40","slug":"inconformes-con-el-alza-a-los-paae-es-el-personal-de-limpieza-y-administrativos-no-tienen-por-que-emitir-posicionamiento-al-respecto-castrejon-valdes","status":"publish","type":"post","link":"https:\/\/www.diarionoti7.com.mx\/?p=26651","title":{"rendered":"Inconformes Con el Alza a los PAAE, es el Personal de Limpieza y Administrativos, No Tienen Por Qu\u00e9 Emitir Posicionamiento al Respecto: Castrej\u00f3n Vald\u00e9s"},"content":{"rendered":"\t\t<div data-elementor-type=\"wp-post\" data-elementor-id=\"26651\" class=\"elementor elementor-26651\">\n\t\t\t\t\t\t\t\t\t<section class=\"elementor-section elementor-top-section elementor-element elementor-element-c09b8f0 elementor-section-boxed elementor-section-height-default elementor-section-height-default\" data-id=\"c09b8f0\" data-element_type=\"section\">\n\t\t\t\t\t\t<div class=\"elementor-container elementor-column-gap-default\">\n\t\t\t\t\t<div class=\"elementor-column elementor-col-100 elementor-top-column elementor-element elementor-element-955a561\" data-id=\"955a561\" data-element_type=\"column\">\n\t\t\t<div class=\"elementor-widget-wrap elementor-element-populated\">\n\t\t\t\t\t\t\t\t<div class=\"elementor-element elementor-element-0ce869c elementor-widget elementor-widget-text-editor\" data-id=\"0ce869c\" data-element_type=\"widget\" data-widget_type=\"text-editor.default\">\n\t\t\t\t<div class=\"elementor-widget-container\">\n\t\t\t<style>\/*! elementor - v3.10.2 - 29-01-2023 *\/\n.elementor-widget-text-editor.elementor-drop-cap-view-stacked .elementor-drop-cap{background-color:#818a91;color:#fff}.elementor-widget-text-editor.elementor-drop-cap-view-framed .elementor-drop-cap{color:#818a91;border:3px solid;background-color:transparent}.elementor-widget-text-editor:not(.elementor-drop-cap-view-default) .elementor-drop-cap{margin-top:8px}.elementor-widget-text-editor:not(.elementor-drop-cap-view-default) .elementor-drop-cap-letter{width:1em;height:1em}.elementor-widget-text-editor .elementor-drop-cap{float:left;text-align:center;line-height:1;font-size:50px}.elementor-widget-text-editor .elementor-drop-cap-letter{display:inline-block}<\/style>\t\t\t\t<p><strong>*Es igualmente \u201crespetable el trabajo de un intendente que del secretario general del SNTE\u201d.<\/strong><\/p><p><strong>Pachuca, Hgo., 19 de noviembre 2023.- <\/strong>El titular de la Secretar\u00eda de Educaci\u00f3n P\u00fablica de Hidalgo (SEPH), Natividad Castrej\u00f3n Valdez, cuestion\u00f3 las cr\u00edticas por parte de docentes al no ser considerados en incrementos salariales, que s\u00ed obtuvo el Personal de Apoyo y Asistencia a la Educaci\u00f3n (PAAE), en el rubro de Medida del Bienestar (MB).<\/p><p>Argument\u00f3 que el acuerdo de alza salarial fue gracias a las gestiones del Sindicato Nacional de los Trabajadores de la Educaci\u00f3n (SNTE) y el gobierno federal para que ninguno de los trabajadores perciba menos de 16 mil pesos mensuales.<\/p><p>Consider\u00f3 que aquellos docentes inconformes con el alza a los PAAE, que es el personal de limpieza y administrativos, no tienen por qu\u00e9 emitir posicionamiento al respecto, ya que es igualmente \u201crespetable el trabajo de un intendente que del secretario general del SNTE\u201d.<\/p><p>Tengo conocimiento de las quejas pero que \u201ctampoco son muchas\u201d puesto que los docentes han recibido bonos de 25 o 30 mil pesos en retribuci\u00f3n al acuerdo nacional logrado el pasado 15 de mayo.<\/p><p>Castrej\u00f3n Valdez destac\u00f3 el aumento salarial que, dijo, es retroactivo a enero del 2023 y con el descuento de los impuestos los PAAE obtienen m\u00e1s o menos 14 mil pesos, es un gran salto y se deber\u00eda festejar independiente del nivel al que se pertenezca.<\/p><p>El pasado 16 de noviembre la subsecretar\u00eda de Administraci\u00f3n y Finanzas de la SEPH, Maricarmen Mandujano Cerilla, declar\u00f3 para este medio de comunicaci\u00f3n, que el pago del Ajuste para la Medida del Bienestar fue un total de 30 millones de pesos ya con el retroactivo.<\/p><p>Explic\u00f3 que fue tanto para el personal de Apoyo y Asistencia como a docentes de preescolar y primaria.<\/p>\t\t\t\t\t\t<\/div>\n\t\t\t\t<\/div>\n\t\t\t\t\t<\/div>\n\t\t<\/div>\n\t\t\t\t\t\t\t<\/div>\n\t\t<\/section>\n\t\t\t\t\t\t\t<\/div>\n\t\t","protected":false},"excerpt":{"rendered":"<p>*Es igualmente \u201crespetable el trabajo de un intendente que del secretario general del SNTE\u201d. Pachuca, Hgo., 19 de noviembre 2023.- El titular de la Secretar\u00eda de Educaci\u00f3n P\u00fablica de Hidalgo (SEPH), Natividad Castrej\u00f3n Valdez, cuestion\u00f3 las cr\u00edticas por parte de docentes al no ser considerados en incrementos salariales, que s\u00ed obtuvo el Personal de Apoyo [&hellip;]<\/p>\n","protected":false},"author":1,"featured_media":26653,"comment_status":"closed","ping_status":"closed","sticky":false,"template":"","format":"standard","meta":[],"categories":[4],"tags":[],"_links":{"self":[{"href":"https:\/\/www.diarionoti7.com.mx\/index.php?rest_route=\/wp\/v2\/posts\/26651"}],"collection":[{"href":"https:\/\/www.diarionoti7.com.mx\/index.php?rest_route=\/wp\/v2\/posts"}],"about":[{"href":"https:\/\/www.diarionoti7.com.mx\/index.php?rest_route=\/wp\/v2\/types\/post"}],"author":[{"embeddable":true,"href":"https:\/\/www.diarionoti7.com.mx\/index.php?rest_route=\/wp\/v2\/users\/1"}],"replies":[{"embeddable":true,"href":"https:\/\/www.diarionoti7.com.mx\/index.php?rest_route=%2Fwp%2Fv2%2Fcomments&post=26651"}],"version-history":[{"count":4,"href":"https:\/\/www.diarionoti7.com.mx\/index.php?rest_route=\/wp\/v2\/posts\/26651\/revisions"}],"predecessor-version":[{"id":26656,"href":"https:\/\/www.diarionoti7.com.mx\/index.php?rest_route=\/wp\/v2\/posts\/26651\/revisions\/26656"}],"wp:featuredmedia":[{"embeddable":true,"href":"https:\/\/www.diarionoti7.com.mx\/index.php?rest_route=\/wp\/v2\/media\/26653"}],"wp:attachment":[{"href":"https:\/\/www.diarionoti7.com.mx\/index.php?rest_route=%2Fwp%2Fv2%2Fmedia&parent=26651"}],"wp:term":[{"taxonomy":"category","embeddable":true,"href":"https:\/\/www.diarionoti7.com.mx\/index.php?rest_route=%2Fwp%2Fv2%2Fcategories&post=26651"},{"taxonomy":"post_tag","embeddable":true,"href":"https:\/\/www.diarionoti7.com.mx\/index.php?rest_route=%2Fwp%2Fv2%2Ftags&post=26651"}],"curies":[{"name":"wp","href":"https:\/\/api.w.org\/{rel}","templated":true}]}}