{"id":26533,"date":"2023-11-18T17:51:49","date_gmt":"2023-11-18T17:51:49","guid":{"rendered":"https:\/\/www.diarionoti7.com.mx\/?p=26533"},"modified":"2023-11-18T17:52:36","modified_gmt":"2023-11-18T17:52:36","slug":"natividad-castrejon-inauguro-encuentro-interconalep-2023","status":"publish","type":"post","link":"https:\/\/www.diarionoti7.com.mx\/?p=26533","title":{"rendered":"Natividad Castrej\u00f3n Inaugur\u00f3 Encuentro InterCONALEP 2023"},"content":{"rendered":"\t\t<div data-elementor-type=\"wp-post\" data-elementor-id=\"26533\" class=\"elementor elementor-26533\">\n\t\t\t\t\t\t\t\t\t<section class=\"elementor-section elementor-top-section elementor-element elementor-element-c09b8f0 elementor-section-boxed elementor-section-height-default elementor-section-height-default\" data-id=\"c09b8f0\" data-element_type=\"section\">\n\t\t\t\t\t\t<div class=\"elementor-container elementor-column-gap-default\">\n\t\t\t\t\t<div class=\"elementor-column elementor-col-100 elementor-top-column elementor-element elementor-element-955a561\" data-id=\"955a561\" data-element_type=\"column\">\n\t\t\t<div class=\"elementor-widget-wrap elementor-element-populated\">\n\t\t\t\t\t\t\t\t<div class=\"elementor-element elementor-element-0ce869c elementor-widget elementor-widget-text-editor\" data-id=\"0ce869c\" data-element_type=\"widget\" data-widget_type=\"text-editor.default\">\n\t\t\t\t<div class=\"elementor-widget-container\">\n\t\t\t<style>\/*! elementor - v3.10.2 - 29-01-2023 *\/\n.elementor-widget-text-editor.elementor-drop-cap-view-stacked .elementor-drop-cap{background-color:#818a91;color:#fff}.elementor-widget-text-editor.elementor-drop-cap-view-framed .elementor-drop-cap{color:#818a91;border:3px solid;background-color:transparent}.elementor-widget-text-editor:not(.elementor-drop-cap-view-default) .elementor-drop-cap{margin-top:8px}.elementor-widget-text-editor:not(.elementor-drop-cap-view-default) .elementor-drop-cap-letter{width:1em;height:1em}.elementor-widget-text-editor .elementor-drop-cap{float:left;text-align:center;line-height:1;font-size:50px}.elementor-widget-text-editor .elementor-drop-cap-letter{display:inline-block}<\/style>\t\t\t\t<p><strong>Pachuca, Hgo., 17 de noviembre de 2023.-<\/strong>Participar en actividades donde intervenga el deporte y la cultura, templa el car\u00e1cter y la personalidad, as\u00ed lo expres\u00f3 el secretario de Educaci\u00f3n P\u00fablica de Hidalgo, Natividad Castrej\u00f3n Valdez, al encabezar la inauguraci\u00f3n del InterCONALEP 2023, en las instalaciones de la Unidad Deportiva Municipal de Mineral de la Reforma.<\/p><p>\u201cJ\u00f3venes estudiantes del CONALEP Hidalgo, ustedes saben que el participar en actividades como la de hoy les ense\u00f1a a aceptar la derrota, a celebrar la victoria y a\u00fan m\u00e1s, a disfrutar una grata y emotiva experiencia que formar\u00e1 parte de sus recuerdos m\u00e1s memorables\u201d, afirm\u00f3.<\/p><p>El titular de la Secretar\u00eda de Educaci\u00f3n P\u00fablica de Hidalgo (SEPH) destac\u00f3 que en la Nueva Escuela Mexicana (NEM) hay un eje que se llama vida saludable, e implica diversos factores como la alimentaci\u00f3n, la actividad f\u00edsica, el descanso; es por eso hoy la participaci\u00f3n de las y los j\u00f3venes dejar\u00e1 huella en la rese\u00f1a de este InterCONALEP.<\/p><p>Natividad Castrej\u00f3n reiter\u00f3 el compromiso del gobernador Julio Menchaca Salazar, de seguir garantizando los recursos necesarios para que realicen sus actividades escolares en las mejores condiciones posibles, a fin de asegurar que reciban una educaci\u00f3n de excelencia que les permita ser agentes del cambio y la transformaci\u00f3n que se quiere para la entidad.<\/p><p>En su oportunidad, el presidente municipal de Mineral de la Reforma, Israel F\u00e9lix Soto, dese\u00f3 que este evento siga por muchos a\u00f1os m\u00e1s, y que se sumen m\u00e1s instituciones educativas.<\/p><p>Durante el InterCONALEP 2023 participar\u00e1n cerca de 400 estudiantes, y por lo menos 100 adultos que forman parte de la plantilla de personal docente y administrativo de planteles y la Direcci\u00f3n General.<\/p><p>Las disciplinas que se tienen contempladas son f\u00fatbol, basquetbol en las ramas varonil y femenil, as\u00ed como voleibol, ajedrez en la rama varonil y las actividades culturales como oratoria, cuento corto, danza folkl\u00f3rica, pintura, canto individual, fotograf\u00eda y escolta.<\/p><p>En el evento estuvo presente el subsecretario de Educaci\u00f3n Media Superior y Superior, Daniel Fragoso Torres; el director general del CONALEP Hidalgo, Abel Rojo Mu\u00f1oz, as\u00ed como la presidenta del DIF de Mineral de la Reforma, Shadia Mart\u00ednez Lozada.<\/p>\t\t\t\t\t\t<\/div>\n\t\t\t\t<\/div>\n\t\t\t\t\t<\/div>\n\t\t<\/div>\n\t\t\t\t\t\t\t<\/div>\n\t\t<\/section>\n\t\t\t\t\t\t\t<\/div>\n\t\t","protected":false},"excerpt":{"rendered":"<p>Pachuca, Hgo., 17 de noviembre de 2023.-Participar en actividades donde intervenga el deporte y la cultura, templa el car\u00e1cter y la personalidad, as\u00ed lo expres\u00f3 el secretario de Educaci\u00f3n P\u00fablica de Hidalgo, Natividad Castrej\u00f3n Valdez, al encabezar la inauguraci\u00f3n del InterCONALEP 2023, en las instalaciones de la Unidad Deportiva Municipal de Mineral de la Reforma. [&hellip;]<\/p>\n","protected":false},"author":1,"featured_media":26535,"comment_status":"closed","ping_status":"closed","sticky":false,"template":"","format":"standard","meta":[],"categories":[4],"tags":[],"_links":{"self":[{"href":"https:\/\/www.diarionoti7.com.mx\/index.php?rest_route=\/wp\/v2\/posts\/26533"}],"collection":[{"href":"https:\/\/www.diarionoti7.com.mx\/index.php?rest_route=\/wp\/v2\/posts"}],"about":[{"href":"https:\/\/www.diarionoti7.com.mx\/index.php?rest_route=\/wp\/v2\/types\/post"}],"author":[{"embeddable":true,"href":"https:\/\/www.diarionoti7.com.mx\/index.php?rest_route=\/wp\/v2\/users\/1"}],"replies":[{"embeddable":true,"href":"https:\/\/www.diarionoti7.com.mx\/index.php?rest_route=%2Fwp%2Fv2%2Fcomments&post=26533"}],"version-history":[{"count":4,"href":"https:\/\/www.diarionoti7.com.mx\/index.php?rest_route=\/wp\/v2\/posts\/26533\/revisions"}],"predecessor-version":[{"id":26538,"href":"https:\/\/www.diarionoti7.com.mx\/index.php?rest_route=\/wp\/v2\/posts\/26533\/revisions\/26538"}],"wp:featuredmedia":[{"embeddable":true,"href":"https:\/\/www.diarionoti7.com.mx\/index.php?rest_route=\/wp\/v2\/media\/26535"}],"wp:attachment":[{"href":"https:\/\/www.diarionoti7.com.mx\/index.php?rest_route=%2Fwp%2Fv2%2Fmedia&parent=26533"}],"wp:term":[{"taxonomy":"category","embeddable":true,"href":"https:\/\/www.diarionoti7.com.mx\/index.php?rest_route=%2Fwp%2Fv2%2Fcategories&post=26533"},{"taxonomy":"post_tag","embeddable":true,"href":"https:\/\/www.diarionoti7.com.mx\/index.php?rest_route=%2Fwp%2Fv2%2Ftags&post=26533"}],"curies":[{"name":"wp","href":"https:\/\/api.w.org\/{rel}","templated":true}]}}