{"id":26337,"date":"2023-11-16T18:13:45","date_gmt":"2023-11-16T18:13:45","guid":{"rendered":"https:\/\/www.diarionoti7.com.mx\/?p=26337"},"modified":"2023-11-16T18:14:47","modified_gmt":"2023-11-16T18:14:47","slug":"capacito-seph-a-jefes-de-sector-y-supervisores-de-educacion-inicial-y-preescolar-indigena","status":"publish","type":"post","link":"https:\/\/www.diarionoti7.com.mx\/?p=26337","title":{"rendered":"Capacit\u00f3 SEPH a Jefes de Sector y Supervisores  de Educaci\u00f3n Inicial y Preescolar Ind\u00edgena"},"content":{"rendered":"\t\t<div data-elementor-type=\"wp-post\" data-elementor-id=\"26337\" class=\"elementor elementor-26337\">\n\t\t\t\t\t\t\t\t\t<section class=\"elementor-section elementor-top-section elementor-element elementor-element-c09b8f0 elementor-section-boxed elementor-section-height-default elementor-section-height-default\" data-id=\"c09b8f0\" data-element_type=\"section\">\n\t\t\t\t\t\t<div class=\"elementor-container elementor-column-gap-default\">\n\t\t\t\t\t<div class=\"elementor-column elementor-col-100 elementor-top-column elementor-element elementor-element-955a561\" data-id=\"955a561\" data-element_type=\"column\">\n\t\t\t<div class=\"elementor-widget-wrap elementor-element-populated\">\n\t\t\t\t\t\t\t\t<div class=\"elementor-element elementor-element-0ce869c elementor-widget elementor-widget-text-editor\" data-id=\"0ce869c\" data-element_type=\"widget\" data-widget_type=\"text-editor.default\">\n\t\t\t\t<div class=\"elementor-widget-container\">\n\t\t\t<style>\/*! elementor - v3.10.2 - 29-01-2023 *\/\n.elementor-widget-text-editor.elementor-drop-cap-view-stacked .elementor-drop-cap{background-color:#818a91;color:#fff}.elementor-widget-text-editor.elementor-drop-cap-view-framed .elementor-drop-cap{color:#818a91;border:3px solid;background-color:transparent}.elementor-widget-text-editor:not(.elementor-drop-cap-view-default) .elementor-drop-cap{margin-top:8px}.elementor-widget-text-editor:not(.elementor-drop-cap-view-default) .elementor-drop-cap-letter{width:1em;height:1em}.elementor-widget-text-editor .elementor-drop-cap{float:left;text-align:center;line-height:1;font-size:50px}.elementor-widget-text-editor .elementor-drop-cap-letter{display:inline-block}<\/style>\t\t\t\t<p><strong>&#8211; El Instituto Hidalguense de Educaci\u00f3n brind\u00f3 taller sobre lineamientos de USICAMM <\/strong><\/p><p><strong>Pachuca, Hgo., 15 de noviembre de 2023.-<\/strong>Con el objetivo de impartir capacitaci\u00f3n permanente al magisterio hidalguense e impulsar la excelencia educativa, como lo ha instruido el gobernador Julio Mencha Salazar y el secretario de Educaci\u00f3n P\u00fablica en la entidad, Natividad Castej\u00f3n Valdez, el Instituto Hidalguense de Educaci\u00f3n (IHE) brind\u00f3 un taller sobre lineamientos de la Unidad del Sistema para la Carrera de las Maestras y Maestros (USICAMM).<\/p><p>Al evento protocolario acudi\u00f3 en representaci\u00f3n de Myrl\u00e9n Salas Dorantes, subsecretaria de Educaci\u00f3n B\u00e1sica, Nancy Adriana Le\u00f3n Vite, directora general de Educaci\u00f3n B\u00e1sica, quien se\u00f1al\u00f3 que las y los participantes tendr\u00e1n un acercamiento a la normativa del Sistema que concibe a las y los docentes como actores de transformaci\u00f3n social.<\/p><p>En ese sentido, se\u00f1al\u00f3 que la USICAMM garantiza que las y los profesores evaluados cumplan con los requisitos marcados en los procesos de ingreso, promoci\u00f3n, permanencia y reconocimiento para contribuir a la mejora de la Educaci\u00f3n B\u00e1sica, mediante la aplicaci\u00f3n de las evaluaciones en forma imparcial, objetiva y transparente.<\/p><p>La funcionaria aprovech\u00f3 el espacio para reconocer el esfuerzo, trabajo y compromiso de los integrantes del nivel educativo a quienes les dese\u00f3 \u00e9xito durante la jornada.<\/p><p>Al hacer uso de la voz, Bonny Lizeth Rivera Arrieta, subdirectora de Inicial y Preescolar Ind\u00edgena, habl\u00f3 sobre la importancia de que el personal cuente con acceso al Sistema de manera equitativa, de acuerdo a sus m\u00e9ritos, reconocimientos y como un medio para lograr la excelencia en su preparaci\u00f3n educativa.<\/p><p>Cabe mencionar que la capacitaci\u00f3n contempl\u00f3 a jefes de sector y supervisores del nivel de Educaci\u00f3n Inicial y Preescolar Ind\u00edgena.<\/p><p>Tambi\u00e9n estuvieron presentes en el inicio del taller, Teresa Hern\u00e1ndez L\u00f3pez, enlace designado en la entidad ante la USICAMM, as\u00ed como Isidro M\u00e1rquez Jim\u00e9nez, subdirector de Administraci\u00f3n de la Informaci\u00f3n de la Unidad, en representaci\u00f3n de Ubaldo Gonz\u00e1lez Vargas, titular de dicha \u00e1rea.<\/p>\t\t\t\t\t\t<\/div>\n\t\t\t\t<\/div>\n\t\t\t\t\t<\/div>\n\t\t<\/div>\n\t\t\t\t\t\t\t<\/div>\n\t\t<\/section>\n\t\t\t\t\t\t\t<\/div>\n\t\t","protected":false},"excerpt":{"rendered":"<p>&#8211; El Instituto Hidalguense de Educaci\u00f3n brind\u00f3 taller sobre lineamientos de USICAMM Pachuca, Hgo., 15 de noviembre de 2023.-Con el objetivo de impartir capacitaci\u00f3n permanente al magisterio hidalguense e impulsar la excelencia educativa, como lo ha instruido el gobernador Julio Mencha Salazar y el secretario de Educaci\u00f3n P\u00fablica en la entidad, Natividad Castej\u00f3n Valdez, el [&hellip;]<\/p>\n","protected":false},"author":1,"featured_media":26339,"comment_status":"closed","ping_status":"closed","sticky":false,"template":"","format":"standard","meta":[],"categories":[4],"tags":[],"_links":{"self":[{"href":"https:\/\/www.diarionoti7.com.mx\/index.php?rest_route=\/wp\/v2\/posts\/26337"}],"collection":[{"href":"https:\/\/www.diarionoti7.com.mx\/index.php?rest_route=\/wp\/v2\/posts"}],"about":[{"href":"https:\/\/www.diarionoti7.com.mx\/index.php?rest_route=\/wp\/v2\/types\/post"}],"author":[{"embeddable":true,"href":"https:\/\/www.diarionoti7.com.mx\/index.php?rest_route=\/wp\/v2\/users\/1"}],"replies":[{"embeddable":true,"href":"https:\/\/www.diarionoti7.com.mx\/index.php?rest_route=%2Fwp%2Fv2%2Fcomments&post=26337"}],"version-history":[{"count":4,"href":"https:\/\/www.diarionoti7.com.mx\/index.php?rest_route=\/wp\/v2\/posts\/26337\/revisions"}],"predecessor-version":[{"id":26342,"href":"https:\/\/www.diarionoti7.com.mx\/index.php?rest_route=\/wp\/v2\/posts\/26337\/revisions\/26342"}],"wp:featuredmedia":[{"embeddable":true,"href":"https:\/\/www.diarionoti7.com.mx\/index.php?rest_route=\/wp\/v2\/media\/26339"}],"wp:attachment":[{"href":"https:\/\/www.diarionoti7.com.mx\/index.php?rest_route=%2Fwp%2Fv2%2Fmedia&parent=26337"}],"wp:term":[{"taxonomy":"category","embeddable":true,"href":"https:\/\/www.diarionoti7.com.mx\/index.php?rest_route=%2Fwp%2Fv2%2Fcategories&post=26337"},{"taxonomy":"post_tag","embeddable":true,"href":"https:\/\/www.diarionoti7.com.mx\/index.php?rest_route=%2Fwp%2Fv2%2Ftags&post=26337"}],"curies":[{"name":"wp","href":"https:\/\/api.w.org\/{rel}","templated":true}]}}