{"id":26331,"date":"2023-11-16T18:12:25","date_gmt":"2023-11-16T18:12:25","guid":{"rendered":"https:\/\/www.diarionoti7.com.mx\/?p=26331"},"modified":"2023-11-16T18:13:29","modified_gmt":"2023-11-16T18:13:29","slug":"comunidad-estudiantil-del-instituto-de-artes-regresa-a-clases","status":"publish","type":"post","link":"https:\/\/www.diarionoti7.com.mx\/?p=26331","title":{"rendered":"Comunidad estudiantil del Instituto de Artes regresa a clases"},"content":{"rendered":"\t\t<div data-elementor-type=\"wp-post\" data-elementor-id=\"26331\" class=\"elementor elementor-26331\">\n\t\t\t\t\t\t\t\t\t<section class=\"elementor-section elementor-top-section elementor-element elementor-element-c09b8f0 elementor-section-boxed elementor-section-height-default elementor-section-height-default\" data-id=\"c09b8f0\" data-element_type=\"section\">\n\t\t\t\t\t\t<div class=\"elementor-container elementor-column-gap-default\">\n\t\t\t\t\t<div class=\"elementor-column elementor-col-100 elementor-top-column elementor-element elementor-element-955a561\" data-id=\"955a561\" data-element_type=\"column\">\n\t\t\t<div class=\"elementor-widget-wrap elementor-element-populated\">\n\t\t\t\t\t\t\t\t<div class=\"elementor-element elementor-element-0ce869c elementor-widget elementor-widget-text-editor\" data-id=\"0ce869c\" data-element_type=\"widget\" data-widget_type=\"text-editor.default\">\n\t\t\t\t<div class=\"elementor-widget-container\">\n\t\t\t<style>\/*! elementor - v3.10.2 - 29-01-2023 *\/\n.elementor-widget-text-editor.elementor-drop-cap-view-stacked .elementor-drop-cap{background-color:#818a91;color:#fff}.elementor-widget-text-editor.elementor-drop-cap-view-framed .elementor-drop-cap{color:#818a91;border:3px solid;background-color:transparent}.elementor-widget-text-editor:not(.elementor-drop-cap-view-default) .elementor-drop-cap{margin-top:8px}.elementor-widget-text-editor:not(.elementor-drop-cap-view-default) .elementor-drop-cap-letter{width:1em;height:1em}.elementor-widget-text-editor .elementor-drop-cap{float:left;text-align:center;line-height:1;font-size:50px}.elementor-widget-text-editor .elementor-drop-cap-letter{display:inline-block}<\/style>\t\t\t\t<p><strong>Pachuca, Hgo., 15 de noviembre de 2023.-<\/strong> La comunidad estudiantil, acad\u00e9mica y administrativa del Instituto de Artes (IA) de la Universidad Aut\u00f3noma del Estado de Hidalgo (UAEH) retom\u00f3 las clases este mi\u00e9rcoles 15 de noviembre en el Centro Cultural Universitario \u201cLa Garza\u201d, en un ambiente de unidad y compromiso por la educaci\u00f3n.<\/p><p>Tras solicitar a las autoridades universitarias continuar con las clases para salvar el semestre, se acord\u00f3 que se realizar\u00e1 una estrategia acad\u00e9mica conforme a las necesidades del estudiantado, la cual tendr\u00e1 continuidad a trav\u00e9s de las y los coordinadores de los programas educativos, quienes se mantendr\u00e1n atentos ante cualquier duda acad\u00e9mica.<\/p><p>Es importante destacar que el regreso a clases del IA refleja el compromiso mutuo de la comunidad universitaria y las autoridades para garantizar un entorno acad\u00e9mico seguro, inclusivo y enriquecedor. La Universidad reitera su compromiso con la calidad educativa y la formaci\u00f3n integral de sus estudiantes.<\/p>\t\t\t\t\t\t<\/div>\n\t\t\t\t<\/div>\n\t\t\t\t\t<\/div>\n\t\t<\/div>\n\t\t\t\t\t\t\t<\/div>\n\t\t<\/section>\n\t\t\t\t\t\t\t<\/div>\n\t\t","protected":false},"excerpt":{"rendered":"<p>Pachuca, Hgo., 15 de noviembre de 2023.- La comunidad estudiantil, acad\u00e9mica y administrativa del Instituto de Artes (IA) de la Universidad Aut\u00f3noma del Estado de Hidalgo (UAEH) retom\u00f3 las clases este mi\u00e9rcoles 15 de noviembre en el Centro Cultural Universitario \u201cLa Garza\u201d, en un ambiente de unidad y compromiso por la educaci\u00f3n. Tras solicitar a [&hellip;]<\/p>\n","protected":false},"author":1,"featured_media":26333,"comment_status":"closed","ping_status":"closed","sticky":false,"template":"","format":"standard","meta":[],"categories":[4],"tags":[],"_links":{"self":[{"href":"https:\/\/www.diarionoti7.com.mx\/index.php?rest_route=\/wp\/v2\/posts\/26331"}],"collection":[{"href":"https:\/\/www.diarionoti7.com.mx\/index.php?rest_route=\/wp\/v2\/posts"}],"about":[{"href":"https:\/\/www.diarionoti7.com.mx\/index.php?rest_route=\/wp\/v2\/types\/post"}],"author":[{"embeddable":true,"href":"https:\/\/www.diarionoti7.com.mx\/index.php?rest_route=\/wp\/v2\/users\/1"}],"replies":[{"embeddable":true,"href":"https:\/\/www.diarionoti7.com.mx\/index.php?rest_route=%2Fwp%2Fv2%2Fcomments&post=26331"}],"version-history":[{"count":4,"href":"https:\/\/www.diarionoti7.com.mx\/index.php?rest_route=\/wp\/v2\/posts\/26331\/revisions"}],"predecessor-version":[{"id":26336,"href":"https:\/\/www.diarionoti7.com.mx\/index.php?rest_route=\/wp\/v2\/posts\/26331\/revisions\/26336"}],"wp:featuredmedia":[{"embeddable":true,"href":"https:\/\/www.diarionoti7.com.mx\/index.php?rest_route=\/wp\/v2\/media\/26333"}],"wp:attachment":[{"href":"https:\/\/www.diarionoti7.com.mx\/index.php?rest_route=%2Fwp%2Fv2%2Fmedia&parent=26331"}],"wp:term":[{"taxonomy":"category","embeddable":true,"href":"https:\/\/www.diarionoti7.com.mx\/index.php?rest_route=%2Fwp%2Fv2%2Fcategories&post=26331"},{"taxonomy":"post_tag","embeddable":true,"href":"https:\/\/www.diarionoti7.com.mx\/index.php?rest_route=%2Fwp%2Fv2%2Ftags&post=26331"}],"curies":[{"name":"wp","href":"https:\/\/api.w.org\/{rel}","templated":true}]}}