{"id":2629,"date":"2023-02-25T18:25:05","date_gmt":"2023-02-25T18:25:05","guid":{"rendered":"https:\/\/www.diarionoti7.com.mx\/?p=2629"},"modified":"2023-02-25T18:27:09","modified_gmt":"2023-02-25T18:27:09","slug":"reitera-semarnath-habra-certificacion-voluntaria-hasta-el-30-de-junio-del-2023","status":"publish","type":"post","link":"https:\/\/www.diarionoti7.com.mx\/?p=2629","title":{"rendered":"Reitera Semarnath, Habr\u00e1 Certificaci\u00f3n Voluntaria Hasta el 30 de Junio del 2023"},"content":{"rendered":"\t\t<div data-elementor-type=\"wp-post\" data-elementor-id=\"2629\" class=\"elementor elementor-2629\">\n\t\t\t\t\t\t\t\t\t<section class=\"elementor-section elementor-top-section elementor-element elementor-element-51c23a4c elementor-section-boxed elementor-section-height-default elementor-section-height-default\" data-id=\"51c23a4c\" data-element_type=\"section\">\n\t\t\t\t\t\t<div class=\"elementor-container elementor-column-gap-default\">\n\t\t\t\t\t<div class=\"elementor-column elementor-col-100 elementor-top-column elementor-element elementor-element-7d2e0b6e\" data-id=\"7d2e0b6e\" data-element_type=\"column\">\n\t\t\t<div class=\"elementor-widget-wrap elementor-element-populated\">\n\t\t\t\t\t\t\t\t<div class=\"elementor-element elementor-element-2f2290cd elementor-widget elementor-widget-text-editor\" data-id=\"2f2290cd\" data-element_type=\"widget\" data-widget_type=\"text-editor.default\">\n\t\t\t\t<div class=\"elementor-widget-container\">\n\t\t\t<style>\/*! elementor - v3.10.2 - 29-01-2023 *\/\n.elementor-widget-text-editor.elementor-drop-cap-view-stacked .elementor-drop-cap{background-color:#818a91;color:#fff}.elementor-widget-text-editor.elementor-drop-cap-view-framed .elementor-drop-cap{color:#818a91;border:3px solid;background-color:transparent}.elementor-widget-text-editor:not(.elementor-drop-cap-view-default) .elementor-drop-cap{margin-top:8px}.elementor-widget-text-editor:not(.elementor-drop-cap-view-default) .elementor-drop-cap-letter{width:1em;height:1em}.elementor-widget-text-editor .elementor-drop-cap{float:left;text-align:center;line-height:1;font-size:50px}.elementor-widget-text-editor .elementor-drop-cap-letter{display:inline-block}<\/style>\t\t\t\t<p><strong>Pachuca, Hgo, 24 de febrero 20p23.- <\/strong>Si tienes un\u00a0veh\u00edculo\u00a0con placas de\u00a0Hidalgo\u00a0puedes verificar tu unidad de forma voluntaria en alguno de los 50 centros de verificaci\u00f3n que est\u00e1n en el estado hasta el\u00a030 de junio, inform\u00f3 la Secretar\u00eda de Medio Ambiente y Recursos Naturales estatal (Semarnath).<\/p><p>Hay que recordar\u00a0 que \u00a0en los primeros seis meses de este a\u00f1o no se aplica el calendario\u00a0 de verificaci\u00f3n vehicular en el estado hasta el 30 de junio, pero se puede asistir a verificar en cuanto \u00a0se haya realizado tu\u00a0reemplacamiento<strong>\u00a0<\/strong>o pago de placas presentando el comprobante de pago emitido por la Secretar\u00eda de Finanzas estatal.<\/p><p>Hay que recordar que \u00a0que se desea circular por la Ciudad de M\u00e9xico se debe contar con verificaci\u00f3n vehicular vigente de este semestre y apegarse al programa \u201cHoy no circula\u201d y al Programa de Contingencias Ambientales establecidos para la Zona del Valle de M\u00e9xico.<\/p><p>Estas medidas se aplicar\u00e1n durante la primera mitad del a\u00f1o, hasta que la\u00a0Semarnath<strong>\u00a0<\/strong>d\u00e9 a conocer si se extiende este plan de verificaci\u00f3n vehicular voluntaria o se modifica al esquema obligatorio con calendarizaci\u00f3n por bimestre como se desarrollaba hasta antes del cierre de los centros de verificaci\u00f3n.<\/p><p>La Semarnath, orden\u00f3 la suspensi\u00f3n del funcionamiento de los centros de verificaci\u00f3n del estado, al identificare presuntas alteraciones en los softwares que permit\u00edan hechos de corrupci\u00f3n, sin embargo, los concesionarios denunciaron que hubo una imposici\u00f3n de las autoridades estatales para impedirles su funcionamiento.<\/p>\t\t\t\t\t\t<\/div>\n\t\t\t\t<\/div>\n\t\t\t\t\t<\/div>\n\t\t<\/div>\n\t\t\t\t\t\t\t<\/div>\n\t\t<\/section>\n\t\t\t\t\t\t\t<\/div>\n\t\t","protected":false},"excerpt":{"rendered":"<p>Pachuca, Hgo, 24 de febrero 20p23.- Si tienes un\u00a0veh\u00edculo\u00a0con placas de\u00a0Hidalgo\u00a0puedes verificar tu unidad de forma voluntaria en alguno de los 50 centros de verificaci\u00f3n que est\u00e1n en el estado hasta el\u00a030 de junio, inform\u00f3 la Secretar\u00eda de Medio Ambiente y Recursos Naturales estatal (Semarnath). Hay que recordar\u00a0 que \u00a0en los primeros seis meses de [&hellip;]<\/p>\n","protected":false},"author":1,"featured_media":2631,"comment_status":"closed","ping_status":"closed","sticky":false,"template":"","format":"standard","meta":[],"categories":[7],"tags":[],"_links":{"self":[{"href":"https:\/\/www.diarionoti7.com.mx\/index.php?rest_route=\/wp\/v2\/posts\/2629"}],"collection":[{"href":"https:\/\/www.diarionoti7.com.mx\/index.php?rest_route=\/wp\/v2\/posts"}],"about":[{"href":"https:\/\/www.diarionoti7.com.mx\/index.php?rest_route=\/wp\/v2\/types\/post"}],"author":[{"embeddable":true,"href":"https:\/\/www.diarionoti7.com.mx\/index.php?rest_route=\/wp\/v2\/users\/1"}],"replies":[{"embeddable":true,"href":"https:\/\/www.diarionoti7.com.mx\/index.php?rest_route=%2Fwp%2Fv2%2Fcomments&post=2629"}],"version-history":[{"count":4,"href":"https:\/\/www.diarionoti7.com.mx\/index.php?rest_route=\/wp\/v2\/posts\/2629\/revisions"}],"predecessor-version":[{"id":2634,"href":"https:\/\/www.diarionoti7.com.mx\/index.php?rest_route=\/wp\/v2\/posts\/2629\/revisions\/2634"}],"wp:featuredmedia":[{"embeddable":true,"href":"https:\/\/www.diarionoti7.com.mx\/index.php?rest_route=\/wp\/v2\/media\/2631"}],"wp:attachment":[{"href":"https:\/\/www.diarionoti7.com.mx\/index.php?rest_route=%2Fwp%2Fv2%2Fmedia&parent=2629"}],"wp:term":[{"taxonomy":"category","embeddable":true,"href":"https:\/\/www.diarionoti7.com.mx\/index.php?rest_route=%2Fwp%2Fv2%2Fcategories&post=2629"},{"taxonomy":"post_tag","embeddable":true,"href":"https:\/\/www.diarionoti7.com.mx\/index.php?rest_route=%2Fwp%2Fv2%2Ftags&post=2629"}],"curies":[{"name":"wp","href":"https:\/\/api.w.org\/{rel}","templated":true}]}}