{"id":2623,"date":"2023-02-25T18:22:56","date_gmt":"2023-02-25T18:22:56","guid":{"rendered":"https:\/\/www.diarionoti7.com.mx\/?p=2623"},"modified":"2023-02-25T18:24:57","modified_gmt":"2023-02-25T18:24:57","slug":"no-comparto-el-criterio-del-ex-ministro-de-la-scjn-que-permitio-descongelar-las-cuentas-del-la-uael-santiago-nieto","status":"publish","type":"post","link":"https:\/\/www.diarionoti7.com.mx\/?p=2623","title":{"rendered":"No Comparto el Criterio del Ex Ministro de la SCJN Que Permiti\u00f3 Descongelar las Cuentas del la UAEL : Santiago Nieto"},"content":{"rendered":"\t\t<div data-elementor-type=\"wp-post\" data-elementor-id=\"2623\" class=\"elementor elementor-2623\">\n\t\t\t\t\t\t\t\t\t<section class=\"elementor-section elementor-top-section elementor-element elementor-element-51c23a4c elementor-section-boxed elementor-section-height-default elementor-section-height-default\" data-id=\"51c23a4c\" data-element_type=\"section\">\n\t\t\t\t\t\t<div class=\"elementor-container elementor-column-gap-default\">\n\t\t\t\t\t<div class=\"elementor-column elementor-col-100 elementor-top-column elementor-element elementor-element-7d2e0b6e\" data-id=\"7d2e0b6e\" data-element_type=\"column\">\n\t\t\t<div class=\"elementor-widget-wrap elementor-element-populated\">\n\t\t\t\t\t\t\t\t<div class=\"elementor-element elementor-element-2f2290cd elementor-widget elementor-widget-text-editor\" data-id=\"2f2290cd\" data-element_type=\"widget\" data-widget_type=\"text-editor.default\">\n\t\t\t\t<div class=\"elementor-widget-container\">\n\t\t\t<style>\/*! elementor - v3.10.2 - 29-01-2023 *\/\n.elementor-widget-text-editor.elementor-drop-cap-view-stacked .elementor-drop-cap{background-color:#818a91;color:#fff}.elementor-widget-text-editor.elementor-drop-cap-view-framed .elementor-drop-cap{color:#818a91;border:3px solid;background-color:transparent}.elementor-widget-text-editor:not(.elementor-drop-cap-view-default) .elementor-drop-cap{margin-top:8px}.elementor-widget-text-editor:not(.elementor-drop-cap-view-default) .elementor-drop-cap-letter{width:1em;height:1em}.elementor-widget-text-editor .elementor-drop-cap{float:left;text-align:center;line-height:1;font-size:50px}.elementor-widget-text-editor .elementor-drop-cap-letter{display:inline-block}<\/style>\t\t\t\t<p><strong>Pachuca, Hgo. 24 de febrero 2023.- <\/strong>Santiago Nieto Castillo, \u00a0en el marco de la conmemoraci\u00f3n del D\u00eda de la Bandera que se realiz\u00f3 en la Plaza Ju\u00e1rez de Pachuca dijo \u201cNo comparto el criterio del ex ministro de la Corte de Justicia de la Naci\u00f3n (SCJN) Eduardo Medina Mora, ya que al generar la jurisprudencia con la que la Universidad Aut\u00f3noma del Estado de Hidalgo (UAEH) pudo descongelar sus cuentas bancarias, ha puesto a la Unidad de Inteligencia Financiera (UIF) y al pa\u00eds en una situaci\u00f3n \u201cprecaria\u201d.\u00a0<\/p><p>Lo anterior \u2013 asegur\u00f3 &#8211; \u201dPermite el descongelamiento de las cuentas y no hay una solicitud de car\u00e1cter internacional\u201d, por lo que record\u00f3 que fue una llamada de los Estados Unidos de Am\u00e9rica (EUA) la que permiti\u00f3 conocer la transferencia por m\u00e1s de 151 millones de d\u00f3lares a las cuentas del Patronato Universitario lo que motiv\u00f3 el congelamiento de las cuentas.\u00a0<\/p><p>Reitero el encargado del Despacho de la PGJEH: \u201cNo comparto el criterio pero s\u00ed hay una jurisprudencia que permite liberar las cuentas, no se debe pasar por alto que es\u00a0 contraria a las recomendaciones cuatro y 38 de Gafi de Educaci\u00f3n Financiera Internacional, lo que puede provocar un menoscabo a la calificaci\u00f3n que tiene el estado mexicano en esta materia\u201d.\u00a0<\/p><p>Por ultimo, destac\u00f3 que los procesos en torno a la denominada Estafa Siniestra, contin\u00faan en tanto otras investigaciones avanzan, y adelant\u00f3 que se continuar\u00e1 con el trabajo encomendado por el gobernador de la entidad, Julio Menchaca Salazar..<\/p>\t\t\t\t\t\t<\/div>\n\t\t\t\t<\/div>\n\t\t\t\t\t<\/div>\n\t\t<\/div>\n\t\t\t\t\t\t\t<\/div>\n\t\t<\/section>\n\t\t\t\t\t\t\t<\/div>\n\t\t","protected":false},"excerpt":{"rendered":"<p>Pachuca, Hgo. 24 de febrero 2023.- Santiago Nieto Castillo, \u00a0en el marco de la conmemoraci\u00f3n del D\u00eda de la Bandera que se realiz\u00f3 en la Plaza Ju\u00e1rez de Pachuca dijo \u201cNo comparto el criterio del ex ministro de la Corte de Justicia de la Naci\u00f3n (SCJN) Eduardo Medina Mora, ya que al generar la jurisprudencia [&hellip;]<\/p>\n","protected":false},"author":1,"featured_media":2625,"comment_status":"closed","ping_status":"closed","sticky":false,"template":"","format":"standard","meta":[],"categories":[7],"tags":[],"_links":{"self":[{"href":"https:\/\/www.diarionoti7.com.mx\/index.php?rest_route=\/wp\/v2\/posts\/2623"}],"collection":[{"href":"https:\/\/www.diarionoti7.com.mx\/index.php?rest_route=\/wp\/v2\/posts"}],"about":[{"href":"https:\/\/www.diarionoti7.com.mx\/index.php?rest_route=\/wp\/v2\/types\/post"}],"author":[{"embeddable":true,"href":"https:\/\/www.diarionoti7.com.mx\/index.php?rest_route=\/wp\/v2\/users\/1"}],"replies":[{"embeddable":true,"href":"https:\/\/www.diarionoti7.com.mx\/index.php?rest_route=%2Fwp%2Fv2%2Fcomments&post=2623"}],"version-history":[{"count":4,"href":"https:\/\/www.diarionoti7.com.mx\/index.php?rest_route=\/wp\/v2\/posts\/2623\/revisions"}],"predecessor-version":[{"id":2628,"href":"https:\/\/www.diarionoti7.com.mx\/index.php?rest_route=\/wp\/v2\/posts\/2623\/revisions\/2628"}],"wp:featuredmedia":[{"embeddable":true,"href":"https:\/\/www.diarionoti7.com.mx\/index.php?rest_route=\/wp\/v2\/media\/2625"}],"wp:attachment":[{"href":"https:\/\/www.diarionoti7.com.mx\/index.php?rest_route=%2Fwp%2Fv2%2Fmedia&parent=2623"}],"wp:term":[{"taxonomy":"category","embeddable":true,"href":"https:\/\/www.diarionoti7.com.mx\/index.php?rest_route=%2Fwp%2Fv2%2Fcategories&post=2623"},{"taxonomy":"post_tag","embeddable":true,"href":"https:\/\/www.diarionoti7.com.mx\/index.php?rest_route=%2Fwp%2Fv2%2Ftags&post=2623"}],"curies":[{"name":"wp","href":"https:\/\/api.w.org\/{rel}","templated":true}]}}