{"id":26217,"date":"2023-11-15T17:43:39","date_gmt":"2023-11-15T17:43:39","guid":{"rendered":"https:\/\/www.diarionoti7.com.mx\/?p=26217"},"modified":"2023-11-15T17:44:41","modified_gmt":"2023-11-15T17:44:41","slug":"uaeh-anuncio-que-este-miercoles-reanudaran-las-clases-del-instituto-de-artes-ia-en-el-centro-cultural-universitario-la-garza","status":"publish","type":"post","link":"https:\/\/www.diarionoti7.com.mx\/?p=26217","title":{"rendered":"UAEH Anunci\u00f3 Que Este mi\u00e9rcoles Reanudar\u00e1n las Clases del Instituto de Artes (IA) en el Centro Cultural Universitario \u201cLa Garza\u201d."},"content":{"rendered":"\t\t<div data-elementor-type=\"wp-post\" data-elementor-id=\"26217\" class=\"elementor elementor-26217\">\n\t\t\t\t\t\t\t\t\t<section class=\"elementor-section elementor-top-section elementor-element elementor-element-c09b8f0 elementor-section-boxed elementor-section-height-default elementor-section-height-default\" data-id=\"c09b8f0\" data-element_type=\"section\">\n\t\t\t\t\t\t<div class=\"elementor-container elementor-column-gap-default\">\n\t\t\t\t\t<div class=\"elementor-column elementor-col-100 elementor-top-column elementor-element elementor-element-955a561\" data-id=\"955a561\" data-element_type=\"column\">\n\t\t\t<div class=\"elementor-widget-wrap elementor-element-populated\">\n\t\t\t\t\t\t\t\t<div class=\"elementor-element elementor-element-0ce869c elementor-widget elementor-widget-text-editor\" data-id=\"0ce869c\" data-element_type=\"widget\" data-widget_type=\"text-editor.default\">\n\t\t\t\t<div class=\"elementor-widget-container\">\n\t\t\t<style>\/*! elementor - v3.10.2 - 29-01-2023 *\/\n.elementor-widget-text-editor.elementor-drop-cap-view-stacked .elementor-drop-cap{background-color:#818a91;color:#fff}.elementor-widget-text-editor.elementor-drop-cap-view-framed .elementor-drop-cap{color:#818a91;border:3px solid;background-color:transparent}.elementor-widget-text-editor:not(.elementor-drop-cap-view-default) .elementor-drop-cap{margin-top:8px}.elementor-widget-text-editor:not(.elementor-drop-cap-view-default) .elementor-drop-cap-letter{width:1em;height:1em}.elementor-widget-text-editor .elementor-drop-cap{float:left;text-align:center;line-height:1;font-size:50px}.elementor-widget-text-editor .elementor-drop-cap-letter{display:inline-block}<\/style>\t\t\t\t<p><strong>Pachuca, Hgo., 14 de noviembre 2023.- <\/strong>La Universidad Aut\u00f3noma del Estado de Hidalgo (UAEH) anunci\u00f3 que este mi\u00e9rcoles se reanudar\u00e1n las actividades acad\u00e9micas del Instituto de Artes (IA) en el Centro Cultural Universitario \u201cLa Garza\u201d, despu\u00e9s de recibir la petici\u00f3n de un grupo de alumnos que externaron su preocupaci\u00f3n para salvar el semestre.<\/p><p>A trav\u00e9s de un comunicado, la casa de estudios revel\u00f3 que un grupo de estudiantes externaron su preocupaci\u00f3n por perder el semestre escolar, por lo cual determinaron reanudar las actividades presenciales en el edificio central de Abasolo.<\/p><p>De la misma manera, enfatiz\u00f3 que pondr\u00e1 todos los recursos y apoyo necesario para proteger la educaci\u00f3n del estudiantado que decida salvar el semestre, por lo cual se ajustar\u00e1 el calendario escolar para el plantel educativo que se mantiene en paro desde el pasado 28 de agosto.<\/p><p>Apenas el viernes pasado un grupo de estudiantes del IA bloquearon la carretera estatal Pachuca-Actopan en ambos sentidos a la altura de las Torres de Rector\u00eda para exigir la reanudaci\u00f3n del di\u00e1logo con las autoridades universitarias, ya que acusaron que desde el pasado 26 de octubre no han recibido respuesta por parte de la rector\u00eda.<\/p><p>El IA inici\u00f3 el paro de actividades desde el pasado 28 de agosto para exigir la renuncia en su momento de la directora del plantel, Mar\u00eda Teresa Paul\u00edn R\u00edos, al acusarla de acciones d\u00e9spotas y groseras contra el alumnado y el pasado 19 de septiembre se suscit\u00f3 un enfrentamiento entre estudiantes del IA y trabajadores de la UAEH en las instalaciones del Centro Cultural La Garza.<\/p><p>Por esos hechos se produjo un paro general en cinco de los seis institutos de la UAEH, as\u00ed como en la Escuela Superior de Actopan (ESAC) para solidarizarse con la comunidad estudiantil, y aunque Mar\u00eda Teresa Paul\u00edn renunci\u00f3 a su cargo, las protestas se extendieron contra el presidente del Consejo Estudiantil Universitario del Estado de Hidalgo (CEUEH).<\/p><p>Aunque los institutos retornaron a las clases de forma paulatina, el IA se mantiene como el \u00fanico plantel en paro, por lo cual los estudiantes acusaron la falta de respuesta de las autoridades universitarias para atender sus necesidades con la intervenci\u00f3n del gobierno estatal como mediador.<\/p>\t\t\t\t\t\t<\/div>\n\t\t\t\t<\/div>\n\t\t\t\t\t<\/div>\n\t\t<\/div>\n\t\t\t\t\t\t\t<\/div>\n\t\t<\/section>\n\t\t\t\t\t\t\t<\/div>\n\t\t","protected":false},"excerpt":{"rendered":"<p>Pachuca, Hgo., 14 de noviembre 2023.- La Universidad Aut\u00f3noma del Estado de Hidalgo (UAEH) anunci\u00f3 que este mi\u00e9rcoles se reanudar\u00e1n las actividades acad\u00e9micas del Instituto de Artes (IA) en el Centro Cultural Universitario \u201cLa Garza\u201d, despu\u00e9s de recibir la petici\u00f3n de un grupo de alumnos que externaron su preocupaci\u00f3n para salvar el semestre. A trav\u00e9s [&hellip;]<\/p>\n","protected":false},"author":1,"featured_media":26219,"comment_status":"closed","ping_status":"closed","sticky":false,"template":"","format":"standard","meta":[],"categories":[4],"tags":[],"_links":{"self":[{"href":"https:\/\/www.diarionoti7.com.mx\/index.php?rest_route=\/wp\/v2\/posts\/26217"}],"collection":[{"href":"https:\/\/www.diarionoti7.com.mx\/index.php?rest_route=\/wp\/v2\/posts"}],"about":[{"href":"https:\/\/www.diarionoti7.com.mx\/index.php?rest_route=\/wp\/v2\/types\/post"}],"author":[{"embeddable":true,"href":"https:\/\/www.diarionoti7.com.mx\/index.php?rest_route=\/wp\/v2\/users\/1"}],"replies":[{"embeddable":true,"href":"https:\/\/www.diarionoti7.com.mx\/index.php?rest_route=%2Fwp%2Fv2%2Fcomments&post=26217"}],"version-history":[{"count":4,"href":"https:\/\/www.diarionoti7.com.mx\/index.php?rest_route=\/wp\/v2\/posts\/26217\/revisions"}],"predecessor-version":[{"id":26222,"href":"https:\/\/www.diarionoti7.com.mx\/index.php?rest_route=\/wp\/v2\/posts\/26217\/revisions\/26222"}],"wp:featuredmedia":[{"embeddable":true,"href":"https:\/\/www.diarionoti7.com.mx\/index.php?rest_route=\/wp\/v2\/media\/26219"}],"wp:attachment":[{"href":"https:\/\/www.diarionoti7.com.mx\/index.php?rest_route=%2Fwp%2Fv2%2Fmedia&parent=26217"}],"wp:term":[{"taxonomy":"category","embeddable":true,"href":"https:\/\/www.diarionoti7.com.mx\/index.php?rest_route=%2Fwp%2Fv2%2Fcategories&post=26217"},{"taxonomy":"post_tag","embeddable":true,"href":"https:\/\/www.diarionoti7.com.mx\/index.php?rest_route=%2Fwp%2Fv2%2Ftags&post=26217"}],"curies":[{"name":"wp","href":"https:\/\/api.w.org\/{rel}","templated":true}]}}