{"id":26074,"date":"2023-11-14T17:21:23","date_gmt":"2023-11-14T17:21:23","guid":{"rendered":"https:\/\/www.diarionoti7.com.mx\/?p=26074"},"modified":"2023-11-14T17:22:18","modified_gmt":"2023-11-14T17:22:18","slug":"vinculan-a-integrante-del-consejo-estudiantil-de-la-uaeh-determina-el-juez-que-seguira-su-proceso-en-libertad","status":"publish","type":"post","link":"https:\/\/www.diarionoti7.com.mx\/?p=26074","title":{"rendered":"Vinculan a Integrante del consejo Estudiantil de la UAEH, Determina el Juez que Seguir\u00e1 su Proceso en Libertad"},"content":{"rendered":"\t\t<div data-elementor-type=\"wp-post\" data-elementor-id=\"26074\" class=\"elementor elementor-26074\">\n\t\t\t\t\t\t\t\t\t<section class=\"elementor-section elementor-top-section elementor-element elementor-element-c09b8f0 elementor-section-boxed elementor-section-height-default elementor-section-height-default\" data-id=\"c09b8f0\" data-element_type=\"section\">\n\t\t\t\t\t\t<div class=\"elementor-container elementor-column-gap-default\">\n\t\t\t\t\t<div class=\"elementor-column elementor-col-100 elementor-top-column elementor-element elementor-element-955a561\" data-id=\"955a561\" data-element_type=\"column\">\n\t\t\t<div class=\"elementor-widget-wrap elementor-element-populated\">\n\t\t\t\t\t\t\t\t<div class=\"elementor-element elementor-element-0ce869c elementor-widget elementor-widget-text-editor\" data-id=\"0ce869c\" data-element_type=\"widget\" data-widget_type=\"text-editor.default\">\n\t\t\t\t<div class=\"elementor-widget-container\">\n\t\t\t<style>\/*! elementor - v3.10.2 - 29-01-2023 *\/\n.elementor-widget-text-editor.elementor-drop-cap-view-stacked .elementor-drop-cap{background-color:#818a91;color:#fff}.elementor-widget-text-editor.elementor-drop-cap-view-framed .elementor-drop-cap{color:#818a91;border:3px solid;background-color:transparent}.elementor-widget-text-editor:not(.elementor-drop-cap-view-default) .elementor-drop-cap{margin-top:8px}.elementor-widget-text-editor:not(.elementor-drop-cap-view-default) .elementor-drop-cap-letter{width:1em;height:1em}.elementor-widget-text-editor .elementor-drop-cap{float:left;text-align:center;line-height:1;font-size:50px}.elementor-widget-text-editor .elementor-drop-cap-letter{display:inline-block}<\/style>\t\t\t\t<p><strong>*Es acusado de cometer delitos en pandilla contra siete personas, la seguridad p\u00fablica y la colectiva.<\/strong><\/p><p><strong>Pachuca, Hgo., 13 de noviembre 2023.- <\/strong>El miembro del CEUEH, \u00d3scar Andr\u00e9s \u201cN\u201d, fue vinculado a proceso por delitos en pandilla contra estudiantes del IDA, pero seguir\u00e1 en libertad.<\/p><p>Fue vinculado a proceso el integrante del Consejo Estudiantil Universitario del Estado de Hidalgo (CEUEH), O.A.G.G., acusado de cometer delitos en pandilla contra siete personas, la seguridad p\u00fablica y la colectiva.<\/p><p>\u00a0As\u00ed lo inform\u00f3 la Procuradur\u00eda General de Justicia del estado de Hidalgo (PGJEH), tras presentar ante un juez de control elementos de prueba, luego que el pasado 8 de noviembre fue aprehendido y puesto a disposici\u00f3n del juez.<\/p><p>\u00a0La imputaci\u00f3n deriva del enfrentamiento del pasado 19 de septiembre en instalaciones de la UAEH, ubicadas en la calle Mariano Abasolo de Pachuca, y hoy, durante la continuaci\u00f3n de la audiencia, fue vinculado.<\/p><p>\u00a0La autoridad judicial concedi\u00f3 un plazo de tres meses para el cierre de la investigaci\u00f3n complementaria y como medida cautelar, la autoridad judicial le impuso no acercarse a las v\u00edctimas, agreg\u00f3 la PGJEH.<\/p><p>\u00a0\u00d3scar Andr\u00e9s &#8220;N&#8221; fue detenido el mi\u00e9rcoles de la semana pasada, acusado de lesiones contra alumnos del Instituto de Artes (IDA), pero se apeg\u00f3 a la duplicidad del plazo constitucional y qued\u00f3 en libertad inmediata.<\/p><p>\u00a0En aquella ocasi\u00f3n, el Ministerio P\u00fablico solicit\u00f3 que el acusado fuera arraigado en el Centro de Readaptaci\u00f3n Social de Pachuca (Cereso), pero dicha petici\u00f3n fue denegada y aunque hoy fue vinculado, sigue en libertad.<\/p>\t\t\t\t\t\t<\/div>\n\t\t\t\t<\/div>\n\t\t\t\t\t<\/div>\n\t\t<\/div>\n\t\t\t\t\t\t\t<\/div>\n\t\t<\/section>\n\t\t\t\t\t\t\t<\/div>\n\t\t","protected":false},"excerpt":{"rendered":"<p>*Es acusado de cometer delitos en pandilla contra siete personas, la seguridad p\u00fablica y la colectiva. Pachuca, Hgo., 13 de noviembre 2023.- El miembro del CEUEH, \u00d3scar Andr\u00e9s \u201cN\u201d, fue vinculado a proceso por delitos en pandilla contra estudiantes del IDA, pero seguir\u00e1 en libertad. Fue vinculado a proceso el integrante del Consejo Estudiantil Universitario [&hellip;]<\/p>\n","protected":false},"author":1,"featured_media":26076,"comment_status":"closed","ping_status":"closed","sticky":false,"template":"","format":"standard","meta":[],"categories":[22],"tags":[],"_links":{"self":[{"href":"https:\/\/www.diarionoti7.com.mx\/index.php?rest_route=\/wp\/v2\/posts\/26074"}],"collection":[{"href":"https:\/\/www.diarionoti7.com.mx\/index.php?rest_route=\/wp\/v2\/posts"}],"about":[{"href":"https:\/\/www.diarionoti7.com.mx\/index.php?rest_route=\/wp\/v2\/types\/post"}],"author":[{"embeddable":true,"href":"https:\/\/www.diarionoti7.com.mx\/index.php?rest_route=\/wp\/v2\/users\/1"}],"replies":[{"embeddable":true,"href":"https:\/\/www.diarionoti7.com.mx\/index.php?rest_route=%2Fwp%2Fv2%2Fcomments&post=26074"}],"version-history":[{"count":4,"href":"https:\/\/www.diarionoti7.com.mx\/index.php?rest_route=\/wp\/v2\/posts\/26074\/revisions"}],"predecessor-version":[{"id":26079,"href":"https:\/\/www.diarionoti7.com.mx\/index.php?rest_route=\/wp\/v2\/posts\/26074\/revisions\/26079"}],"wp:featuredmedia":[{"embeddable":true,"href":"https:\/\/www.diarionoti7.com.mx\/index.php?rest_route=\/wp\/v2\/media\/26076"}],"wp:attachment":[{"href":"https:\/\/www.diarionoti7.com.mx\/index.php?rest_route=%2Fwp%2Fv2%2Fmedia&parent=26074"}],"wp:term":[{"taxonomy":"category","embeddable":true,"href":"https:\/\/www.diarionoti7.com.mx\/index.php?rest_route=%2Fwp%2Fv2%2Fcategories&post=26074"},{"taxonomy":"post_tag","embeddable":true,"href":"https:\/\/www.diarionoti7.com.mx\/index.php?rest_route=%2Fwp%2Fv2%2Ftags&post=26074"}],"curies":[{"name":"wp","href":"https:\/\/api.w.org\/{rel}","templated":true}]}}