{"id":26062,"date":"2023-11-14T17:19:16","date_gmt":"2023-11-14T17:19:16","guid":{"rendered":"https:\/\/www.diarionoti7.com.mx\/?p=26062"},"modified":"2023-11-14T17:20:16","modified_gmt":"2023-11-14T17:20:16","slug":"60-anos-de-prision-a-tres-homicidas-que-balacearon-y-mataron-a-siete-personas-en-mineral-de-la-reforma","status":"publish","type":"post","link":"https:\/\/www.diarionoti7.com.mx\/?p=26062","title":{"rendered":"60 A\u00f1os de Prisi\u00f3n a Tres Homicidas Que Balacearon y Mataron a Siete Personas en Mineral de la Reforma"},"content":{"rendered":"\t\t<div data-elementor-type=\"wp-post\" data-elementor-id=\"26062\" class=\"elementor elementor-26062\">\n\t\t\t\t\t\t\t\t\t<section class=\"elementor-section elementor-top-section elementor-element elementor-element-c09b8f0 elementor-section-boxed elementor-section-height-default elementor-section-height-default\" data-id=\"c09b8f0\" data-element_type=\"section\">\n\t\t\t\t\t\t<div class=\"elementor-container elementor-column-gap-default\">\n\t\t\t\t\t<div class=\"elementor-column elementor-col-100 elementor-top-column elementor-element elementor-element-955a561\" data-id=\"955a561\" data-element_type=\"column\">\n\t\t\t<div class=\"elementor-widget-wrap elementor-element-populated\">\n\t\t\t\t\t\t\t\t<div class=\"elementor-element elementor-element-0ce869c elementor-widget elementor-widget-text-editor\" data-id=\"0ce869c\" data-element_type=\"widget\" data-widget_type=\"text-editor.default\">\n\t\t\t\t<div class=\"elementor-widget-container\">\n\t\t\t<style>\/*! elementor - v3.10.2 - 29-01-2023 *\/\n.elementor-widget-text-editor.elementor-drop-cap-view-stacked .elementor-drop-cap{background-color:#818a91;color:#fff}.elementor-widget-text-editor.elementor-drop-cap-view-framed .elementor-drop-cap{color:#818a91;border:3px solid;background-color:transparent}.elementor-widget-text-editor:not(.elementor-drop-cap-view-default) .elementor-drop-cap{margin-top:8px}.elementor-widget-text-editor:not(.elementor-drop-cap-view-default) .elementor-drop-cap-letter{width:1em;height:1em}.elementor-widget-text-editor .elementor-drop-cap{float:left;text-align:center;line-height:1;font-size:50px}.elementor-widget-text-editor .elementor-drop-cap-letter{display:inline-block}<\/style>\t\t\t\t<p><strong>*Juez de Control los sentencio por Homicidio Doloso Calificado en Agravio de Siete Personas, <\/strong><\/p><p><strong>Pachuca, Hgo., 13 de noviembre de 2023.-<\/strong>La Procuradur\u00eda General de Justicia del Estado de Hidalgo (PGJEH) a trav\u00e9s de la Subprocuradur\u00eda oriente, acredit\u00f3 ante la autoridad judicial la plena responsabilidad de tres personas en hechos que la ley sanciona como homicidio doloso calificado, en agravio de siete v\u00edctimas, los hechos investigados y por los que esta representaci\u00f3n social consigui\u00f3 sentencia de 60 a\u00f1os de prisi\u00f3n para los responsables, ocurrieron en Mineral de la Reforma.<\/p><p>Los hechos que fueron materia de la imputaci\u00f3n ocurrieron el 30 de enero de 2022 en la calle Juan de la Barrera, de la colonia Militar, en el citado municipio, donde siete personas fueron atacadas con disparos de armas de fuego, provoc\u00e1ndoles lesiones que les causaron la muerte.<\/p><p>Como resultado de un trabajo de investigaci\u00f3n coordinado por agentes del Ministerio P\u00fablico y en el que colaboraron agentes de la Divisi\u00f3n de Investigaci\u00f3n, as\u00ed como peritas y peritos de la Divisi\u00f3n Cient\u00edfica, se estableci\u00f3 la identidad de los probables responsables, identificados con iniciales J. C. A. C., A. A. M., y E. S. I.<\/p><p>Posteriormente esta representaci\u00f3n social solicit\u00f3 a un juez de control las \u00f3rdenes de aprehensi\u00f3n para las tres personas imputadas y una vez que fueron otorgadas, elementos de la Divisi\u00f3n de Investigaci\u00f3n ejecutaron dichos mandamientos judiciales.<\/p><p>Una vez que las personas aprehendidas fueron puestas a disposici\u00f3n de un juez de control, el Ministerio P\u00fablico consigui\u00f3 la vinculaci\u00f3n a proceso de las tres personas imputadas. Luego de agotar todas las etapas del proceso penal, un tribunal de enjuiciamiento dict\u00f3 sentencia condenatoria contra J. C. A. C., A. A. M., y E. S. I., a quienes se les impuso una pena privativa de la libertad de 60 a\u00f1os de prisi\u00f3n.<\/p>\t\t\t\t\t\t<\/div>\n\t\t\t\t<\/div>\n\t\t\t\t\t<\/div>\n\t\t<\/div>\n\t\t\t\t\t\t\t<\/div>\n\t\t<\/section>\n\t\t\t\t\t\t\t<\/div>\n\t\t","protected":false},"excerpt":{"rendered":"<p>*Juez de Control los sentencio por Homicidio Doloso Calificado en Agravio de Siete Personas, Pachuca, Hgo., 13 de noviembre de 2023.-La Procuradur\u00eda General de Justicia del Estado de Hidalgo (PGJEH) a trav\u00e9s de la Subprocuradur\u00eda oriente, acredit\u00f3 ante la autoridad judicial la plena responsabilidad de tres personas en hechos que la ley sanciona como homicidio [&hellip;]<\/p>\n","protected":false},"author":1,"featured_media":26064,"comment_status":"closed","ping_status":"closed","sticky":false,"template":"","format":"standard","meta":[],"categories":[22],"tags":[],"_links":{"self":[{"href":"https:\/\/www.diarionoti7.com.mx\/index.php?rest_route=\/wp\/v2\/posts\/26062"}],"collection":[{"href":"https:\/\/www.diarionoti7.com.mx\/index.php?rest_route=\/wp\/v2\/posts"}],"about":[{"href":"https:\/\/www.diarionoti7.com.mx\/index.php?rest_route=\/wp\/v2\/types\/post"}],"author":[{"embeddable":true,"href":"https:\/\/www.diarionoti7.com.mx\/index.php?rest_route=\/wp\/v2\/users\/1"}],"replies":[{"embeddable":true,"href":"https:\/\/www.diarionoti7.com.mx\/index.php?rest_route=%2Fwp%2Fv2%2Fcomments&post=26062"}],"version-history":[{"count":4,"href":"https:\/\/www.diarionoti7.com.mx\/index.php?rest_route=\/wp\/v2\/posts\/26062\/revisions"}],"predecessor-version":[{"id":26067,"href":"https:\/\/www.diarionoti7.com.mx\/index.php?rest_route=\/wp\/v2\/posts\/26062\/revisions\/26067"}],"wp:featuredmedia":[{"embeddable":true,"href":"https:\/\/www.diarionoti7.com.mx\/index.php?rest_route=\/wp\/v2\/media\/26064"}],"wp:attachment":[{"href":"https:\/\/www.diarionoti7.com.mx\/index.php?rest_route=%2Fwp%2Fv2%2Fmedia&parent=26062"}],"wp:term":[{"taxonomy":"category","embeddable":true,"href":"https:\/\/www.diarionoti7.com.mx\/index.php?rest_route=%2Fwp%2Fv2%2Fcategories&post=26062"},{"taxonomy":"post_tag","embeddable":true,"href":"https:\/\/www.diarionoti7.com.mx\/index.php?rest_route=%2Fwp%2Fv2%2Ftags&post=26062"}],"curies":[{"name":"wp","href":"https:\/\/api.w.org\/{rel}","templated":true}]}}