{"id":26044,"date":"2023-11-13T17:49:24","date_gmt":"2023-11-13T17:49:24","guid":{"rendered":"https:\/\/www.diarionoti7.com.mx\/?p=26044"},"modified":"2023-11-13T17:52:11","modified_gmt":"2023-11-13T17:52:11","slug":"inauguran-hidarte-tienda-las-manos-del-valle-en-ixmiquilpan","status":"publish","type":"post","link":"https:\/\/www.diarionoti7.com.mx\/?p=26044","title":{"rendered":"Inauguran Hidarte Tienda \u201cLas Manos del Valle\u201d, en Ixmiquilpan."},"content":{"rendered":"\t\t<div data-elementor-type=\"wp-post\" data-elementor-id=\"26044\" class=\"elementor elementor-26044\">\n\t\t\t\t\t\t\t\t\t<section class=\"elementor-section elementor-top-section elementor-element elementor-element-c09b8f0 elementor-section-boxed elementor-section-height-default elementor-section-height-default\" data-id=\"c09b8f0\" data-element_type=\"section\">\n\t\t\t\t\t\t<div class=\"elementor-container elementor-column-gap-default\">\n\t\t\t\t\t<div class=\"elementor-column elementor-col-100 elementor-top-column elementor-element elementor-element-955a561\" data-id=\"955a561\" data-element_type=\"column\">\n\t\t\t<div class=\"elementor-widget-wrap elementor-element-populated\">\n\t\t\t\t\t\t\t\t<div class=\"elementor-element elementor-element-0ce869c elementor-widget elementor-widget-text-editor\" data-id=\"0ce869c\" data-element_type=\"widget\" data-widget_type=\"text-editor.default\">\n\t\t\t\t<div class=\"elementor-widget-container\">\n\t\t\t<style>\/*! elementor - v3.10.2 - 29-01-2023 *\/\n.elementor-widget-text-editor.elementor-drop-cap-view-stacked .elementor-drop-cap{background-color:#818a91;color:#fff}.elementor-widget-text-editor.elementor-drop-cap-view-framed .elementor-drop-cap{color:#818a91;border:3px solid;background-color:transparent}.elementor-widget-text-editor:not(.elementor-drop-cap-view-default) .elementor-drop-cap{margin-top:8px}.elementor-widget-text-editor:not(.elementor-drop-cap-view-default) .elementor-drop-cap-letter{width:1em;height:1em}.elementor-widget-text-editor .elementor-drop-cap{float:left;text-align:center;line-height:1;font-size:50px}.elementor-widget-text-editor .elementor-drop-cap-letter{display:inline-block}<\/style>\t\t\t\t<p><strong>&#8211;\u00a0 En este punto de venta podr\u00e1n adquirirse artesan\u00edas de todas las ramas existentes en el Valle del Mezquital <\/strong><\/p><p><strong>Pachuca, Hgo., 12 de noviembre de 2023.-<\/strong>El impulso a las personas artesanas es uno de los compromisos del gobernador, Julio Menchaca Salazar, por ello, a trav\u00e9s de la Secretar\u00eda de Bienestar e Inclusi\u00f3n Social (Sebiso), y con acompa\u00f1amiento de la Secretar\u00eda de Turismo, este fin de semana, las titulares de ambas dependencias, Simey Olvera Bautista y Elizabet Quintanar G\u00f3mez, respectivamente, inauguraron la tienda municipal Hidarte \u201cLas Manos del Valle\u201d, en Ixmiquilpan.<\/p><p>Gracias a este espacio, quienes no cuentan con un lugar f\u00edsico para exponer sus productos podr\u00e1n ofrecerlos al p\u00fablico, y tendr\u00e1 como resultado que cientos de familias artesanas de la zona aumentar\u00e1n sus ingresos y el turismo nacional que acude a este municipio podr\u00e1 adquirir una gran variedad de piezas.<\/p><p>Olvera Bautista celebr\u00f3 que por fin exista un punto de venta Hidarte en Ixmiquilpan, gracias al trabajo en equipo entre el gobierno estatal y el municipal:<\/p><p>\u201cHoy estamos inaugurando el noveno punto de venta Hidarte, queremos que las personas artesanas de todo Hidalgo puedan exponer su trabajo, que aumenten sus ventas, sus ingresos y su calidad de vida, porque si impulsamos las econom\u00edas familiares de cada sector, el bienestar y el Hidalgo que queremos ser\u00e1n objetivos que alcanzaremos en el mediano plazo\u201d, expuso la servidora p\u00fablica.<\/p><p>Asimismo, subray\u00f3 que la instrucci\u00f3n del gobernador es que se brinden las herramientas te\u00f3ricas, pr\u00e1cticas y f\u00edsicas para que el sector artesanal pueda crecer como micro o peque\u00f1a empresa, puesto que de este oficio dependen comunidades completas, y apoyando a las y los artesanos, miles de familias en la entidad cambiar\u00e1n para bien su historia de vida.<\/p><p>En su intervenci\u00f3n, la secretaria de Turismo, Elizabeth Quintanar G\u00f3mez, coment\u00f3 que tener este espacio es brindarles a nuestras y nuestros artesanos, la oportunidad de mostrar que \u201cHidalgo tiene algo\u201d, as\u00ed como la riqueza que hay en el Valle del Mezquital a trav\u00e9s de sus prendas que son \u00fanicas y hechas con amor.<\/p><p>\u201cEs tambi\u00e9n el espacio para que, las y los visitantes, as\u00ed como turistas, tengan la opci\u00f3n de poder comprar de forma casi directa las artesan\u00edas que se elaboran en Ixmiquilpan, porque ya se merec\u00edan este espacio\u201d, agreg\u00f3 la funcionaria.<\/p><p>Por su parte, la alcaldesa de Ixmiquilpan, Araceli Beltr\u00e1n Contreras, coment\u00f3 que ahora se cuenta no solo con el espacio f\u00edsico, sino con mobiliario y hasta un sistema especial para llevar el inventario, lo cual, fortalecido con el personal de la presidencia y la log\u00edstica regional, incrementar\u00e1 las ventas de muchas familias que se dedican a este oficio.<\/p><p>En el evento estuvieron presentes autoridades estatales y municipales, y la cantante Lila Downs engalan\u00f3 el corte de list\u00f3n e inauguraci\u00f3n de este punto de venta, mismo que est\u00e1 situado a un costado de la entrada principal de la sede del ayuntamiento.<\/p>\t\t\t\t\t\t<\/div>\n\t\t\t\t<\/div>\n\t\t\t\t\t<\/div>\n\t\t<\/div>\n\t\t\t\t\t\t\t<\/div>\n\t\t<\/section>\n\t\t\t\t\t\t\t<\/div>\n\t\t","protected":false},"excerpt":{"rendered":"<p>&#8211;\u00a0 En este punto de venta podr\u00e1n adquirirse artesan\u00edas de todas las ramas existentes en el Valle del Mezquital Pachuca, Hgo., 12 de noviembre de 2023.-El impulso a las personas artesanas es uno de los compromisos del gobernador, Julio Menchaca Salazar, por ello, a trav\u00e9s de la Secretar\u00eda de Bienestar e Inclusi\u00f3n Social (Sebiso), y [&hellip;]<\/p>\n","protected":false},"author":1,"featured_media":26046,"comment_status":"closed","ping_status":"closed","sticky":false,"template":"","format":"standard","meta":[],"categories":[7],"tags":[],"_links":{"self":[{"href":"https:\/\/www.diarionoti7.com.mx\/index.php?rest_route=\/wp\/v2\/posts\/26044"}],"collection":[{"href":"https:\/\/www.diarionoti7.com.mx\/index.php?rest_route=\/wp\/v2\/posts"}],"about":[{"href":"https:\/\/www.diarionoti7.com.mx\/index.php?rest_route=\/wp\/v2\/types\/post"}],"author":[{"embeddable":true,"href":"https:\/\/www.diarionoti7.com.mx\/index.php?rest_route=\/wp\/v2\/users\/1"}],"replies":[{"embeddable":true,"href":"https:\/\/www.diarionoti7.com.mx\/index.php?rest_route=%2Fwp%2Fv2%2Fcomments&post=26044"}],"version-history":[{"count":4,"href":"https:\/\/www.diarionoti7.com.mx\/index.php?rest_route=\/wp\/v2\/posts\/26044\/revisions"}],"predecessor-version":[{"id":26049,"href":"https:\/\/www.diarionoti7.com.mx\/index.php?rest_route=\/wp\/v2\/posts\/26044\/revisions\/26049"}],"wp:featuredmedia":[{"embeddable":true,"href":"https:\/\/www.diarionoti7.com.mx\/index.php?rest_route=\/wp\/v2\/media\/26046"}],"wp:attachment":[{"href":"https:\/\/www.diarionoti7.com.mx\/index.php?rest_route=%2Fwp%2Fv2%2Fmedia&parent=26044"}],"wp:term":[{"taxonomy":"category","embeddable":true,"href":"https:\/\/www.diarionoti7.com.mx\/index.php?rest_route=%2Fwp%2Fv2%2Fcategories&post=26044"},{"taxonomy":"post_tag","embeddable":true,"href":"https:\/\/www.diarionoti7.com.mx\/index.php?rest_route=%2Fwp%2Fv2%2Ftags&post=26044"}],"curies":[{"name":"wp","href":"https:\/\/api.w.org\/{rel}","templated":true}]}}