{"id":25194,"date":"2023-11-04T17:00:41","date_gmt":"2023-11-04T17:00:41","guid":{"rendered":"https:\/\/www.diarionoti7.com.mx\/?p=25194"},"modified":"2023-11-04T17:01:29","modified_gmt":"2023-11-04T17:01:29","slug":"celebra-concanaco-servytur-mexico-que-acapulco-continue-como-sede-del-tianguis-turistico-2024","status":"publish","type":"post","link":"https:\/\/www.diarionoti7.com.mx\/?p=25194","title":{"rendered":"Celebra CONCANACO SERVYTUR M\u00e9xico que Acapulco contin\u00fae como sede del Tianguis Tur\u00edstico 2024"},"content":{"rendered":"\t\t<div data-elementor-type=\"wp-post\" data-elementor-id=\"25194\" class=\"elementor elementor-25194\">\n\t\t\t\t\t\t\t\t\t<section class=\"elementor-section elementor-top-section elementor-element elementor-element-c09b8f0 elementor-section-boxed elementor-section-height-default elementor-section-height-default\" data-id=\"c09b8f0\" data-element_type=\"section\">\n\t\t\t\t\t\t<div class=\"elementor-container elementor-column-gap-default\">\n\t\t\t\t\t<div class=\"elementor-column elementor-col-100 elementor-top-column elementor-element elementor-element-955a561\" data-id=\"955a561\" data-element_type=\"column\">\n\t\t\t<div class=\"elementor-widget-wrap elementor-element-populated\">\n\t\t\t\t\t\t\t\t<div class=\"elementor-element elementor-element-0ce869c elementor-widget elementor-widget-text-editor\" data-id=\"0ce869c\" data-element_type=\"widget\" data-widget_type=\"text-editor.default\">\n\t\t\t\t<div class=\"elementor-widget-container\">\n\t\t\t<style>\/*! elementor - v3.10.2 - 29-01-2023 *\/\n.elementor-widget-text-editor.elementor-drop-cap-view-stacked .elementor-drop-cap{background-color:#818a91;color:#fff}.elementor-widget-text-editor.elementor-drop-cap-view-framed .elementor-drop-cap{color:#818a91;border:3px solid;background-color:transparent}.elementor-widget-text-editor:not(.elementor-drop-cap-view-default) .elementor-drop-cap{margin-top:8px}.elementor-widget-text-editor:not(.elementor-drop-cap-view-default) .elementor-drop-cap-letter{width:1em;height:1em}.elementor-widget-text-editor .elementor-drop-cap{float:left;text-align:center;line-height:1;font-size:50px}.elementor-widget-text-editor .elementor-drop-cap-letter{display:inline-block}<\/style>\t\t\t\t<p><strong>&#8211; Esta decisi\u00f3n representa una excelente oportunidad para apoyar a la econom\u00eda de Acapulco, impulsarlo como destino tur\u00edstico, fortalecer su capacidad para albergar eventos de importancia nacional e internacional y acelerar los procesos de recuperaci\u00f3n<\/strong><\/p><p><strong>Ciudad de M\u00e9xico, 3 de noviembre de 2023.-<\/strong>La Confederaci\u00f3n de C\u00e1maras Nacionales de Comercio, Servicios y Turismo (CONCANACO SERVYTUR M\u00e9xico) recibe con mucho agrado y celebra la decisi\u00f3n por parte del gobierno y de los empresarios tur\u00edsticos de mantener a Acapulco como sede del Tianguis Tur\u00edstico 2024, que se celebrar\u00e1 del 8 al 12 de abril pr\u00f3ximos.<\/p><p>La confirmaci\u00f3n de que Acapulco continuar\u00e1 siendo la sede del Tianguis Tur\u00edstico 2024 representa un voto de confianza en el destino tur\u00edstico y su capacidad para albergar eventos de importancia nacional e internacional, despu\u00e9s de la devastaci\u00f3n causada por el hurac\u00e1n Otis.<\/p><p>Esta decisi\u00f3n de que Acapulco sigue siendo sede para el a\u00f1o 2024 subraya adem\u00e1s la importancia de este ic\u00f3nico destino tur\u00edstico en M\u00e9xico y el mundo, y reafirma los esfuerzos de la Iniciativa Privada en conjunto con las autoridades de los tres \u00f3rdenes de gobierno -entre las que destaca la Secretar\u00eda federal de Turismo (SECTUR) y el Gobierno del Estado de Guerrero- por la reactivaci\u00f3n y reconstrucci\u00f3n acelerada de su econom\u00eda e infraestructura tur\u00edstica.<\/p><p>El Tianguis Tur\u00edstico 2024 reunir\u00e1 en Acapulco a representantes de empresas y destinos tur\u00edsticos de todo M\u00e9xico, as\u00ed como a inversionistas y compradores internacionales, para promover la diversidad y la riqueza de la oferta tur\u00edstica del pa\u00eds a nivel mundial.<\/p><p>Esta cita de negocios acelerar\u00e1 la recuperaci\u00f3n del municipio guerrerense, pues la organizaci\u00f3n del evento obligar\u00e1 al restablecimiento de servicios, como alojamiento, restaurantes, prestadores de servicios tur\u00edsticos, transporte, entre otros. \u201cHemos recibido la noticia con entusiasmo, pues vemos en esta decisi\u00f3n una oportunidad \u00fanica de reactivar la econom\u00eda de Acapulco tras los grav\u00edsimos da\u00f1os causados por el hurac\u00e1n Otis, sin lugar a dudas, juntos, empresarios y gobierno, debemos apoyar la reactivaci\u00f3n econ\u00f3mica de este gran destino tur\u00edstico\u201d, explic\u00f3 el presidente de la CONCANACO SERVYTUR M\u00e9xico, H\u00e9ctor Tejada Shaar.<\/p><p>La Confederaci\u00f3n de C\u00e1maras Empresariales trabajar\u00e1 en coordinaci\u00f3n con las autoridades e instituciones para lograr que el Tianguis Tur\u00edstico 2024 en Acapulco sea un evento exitoso que consolide a\u00fan m\u00e1s a M\u00e9xico como un destino tur\u00edstico de clase mundial y que brinde oportunidades de crecimiento al sector de Comercio, Servicios y Turismo de Guerrero.<\/p>\t\t\t\t\t\t<\/div>\n\t\t\t\t<\/div>\n\t\t\t\t\t<\/div>\n\t\t<\/div>\n\t\t\t\t\t\t\t<\/div>\n\t\t<\/section>\n\t\t\t\t\t\t\t<\/div>\n\t\t","protected":false},"excerpt":{"rendered":"<p>&#8211; Esta decisi\u00f3n representa una excelente oportunidad para apoyar a la econom\u00eda de Acapulco, impulsarlo como destino tur\u00edstico, fortalecer su capacidad para albergar eventos de importancia nacional e internacional y acelerar los procesos de recuperaci\u00f3n Ciudad de M\u00e9xico, 3 de noviembre de 2023.-La Confederaci\u00f3n de C\u00e1maras Nacionales de Comercio, Servicios y Turismo (CONCANACO SERVYTUR M\u00e9xico) [&hellip;]<\/p>\n","protected":false},"author":1,"featured_media":25196,"comment_status":"closed","ping_status":"closed","sticky":false,"template":"","format":"standard","meta":[],"categories":[6],"tags":[],"_links":{"self":[{"href":"https:\/\/www.diarionoti7.com.mx\/index.php?rest_route=\/wp\/v2\/posts\/25194"}],"collection":[{"href":"https:\/\/www.diarionoti7.com.mx\/index.php?rest_route=\/wp\/v2\/posts"}],"about":[{"href":"https:\/\/www.diarionoti7.com.mx\/index.php?rest_route=\/wp\/v2\/types\/post"}],"author":[{"embeddable":true,"href":"https:\/\/www.diarionoti7.com.mx\/index.php?rest_route=\/wp\/v2\/users\/1"}],"replies":[{"embeddable":true,"href":"https:\/\/www.diarionoti7.com.mx\/index.php?rest_route=%2Fwp%2Fv2%2Fcomments&post=25194"}],"version-history":[{"count":4,"href":"https:\/\/www.diarionoti7.com.mx\/index.php?rest_route=\/wp\/v2\/posts\/25194\/revisions"}],"predecessor-version":[{"id":25199,"href":"https:\/\/www.diarionoti7.com.mx\/index.php?rest_route=\/wp\/v2\/posts\/25194\/revisions\/25199"}],"wp:featuredmedia":[{"embeddable":true,"href":"https:\/\/www.diarionoti7.com.mx\/index.php?rest_route=\/wp\/v2\/media\/25196"}],"wp:attachment":[{"href":"https:\/\/www.diarionoti7.com.mx\/index.php?rest_route=%2Fwp%2Fv2%2Fmedia&parent=25194"}],"wp:term":[{"taxonomy":"category","embeddable":true,"href":"https:\/\/www.diarionoti7.com.mx\/index.php?rest_route=%2Fwp%2Fv2%2Fcategories&post=25194"},{"taxonomy":"post_tag","embeddable":true,"href":"https:\/\/www.diarionoti7.com.mx\/index.php?rest_route=%2Fwp%2Fv2%2Ftags&post=25194"}],"curies":[{"name":"wp","href":"https:\/\/api.w.org\/{rel}","templated":true}]}}