{"id":24582,"date":"2023-10-28T18:27:17","date_gmt":"2023-10-28T18:27:17","guid":{"rendered":"https:\/\/www.diarionoti7.com.mx\/?p=24582"},"modified":"2023-10-28T18:28:22","modified_gmt":"2023-10-28T18:28:22","slug":"invita-dif-hidalgo-a-sumarse-a-la-colecta-en-favor-de-damnificados-de-guerrero","status":"publish","type":"post","link":"https:\/\/www.diarionoti7.com.mx\/?p=24582","title":{"rendered":"Invita DIF Hidalgo a Sumarse a la Colecta en Favor de Damnificados de Guerrero"},"content":{"rendered":"\t\t<div data-elementor-type=\"wp-post\" data-elementor-id=\"24582\" class=\"elementor elementor-24582\">\n\t\t\t\t\t\t\t\t\t<section class=\"elementor-section elementor-top-section elementor-element elementor-element-c09b8f0 elementor-section-boxed elementor-section-height-default elementor-section-height-default\" data-id=\"c09b8f0\" data-element_type=\"section\">\n\t\t\t\t\t\t<div class=\"elementor-container elementor-column-gap-default\">\n\t\t\t\t\t<div class=\"elementor-column elementor-col-100 elementor-top-column elementor-element elementor-element-955a561\" data-id=\"955a561\" data-element_type=\"column\">\n\t\t\t<div class=\"elementor-widget-wrap elementor-element-populated\">\n\t\t\t\t\t\t\t\t<div class=\"elementor-element elementor-element-0ce869c elementor-widget elementor-widget-text-editor\" data-id=\"0ce869c\" data-element_type=\"widget\" data-widget_type=\"text-editor.default\">\n\t\t\t\t<div class=\"elementor-widget-container\">\n\t\t\t<style>\/*! elementor - v3.10.2 - 29-01-2023 *\/\n.elementor-widget-text-editor.elementor-drop-cap-view-stacked .elementor-drop-cap{background-color:#818a91;color:#fff}.elementor-widget-text-editor.elementor-drop-cap-view-framed .elementor-drop-cap{color:#818a91;border:3px solid;background-color:transparent}.elementor-widget-text-editor:not(.elementor-drop-cap-view-default) .elementor-drop-cap{margin-top:8px}.elementor-widget-text-editor:not(.elementor-drop-cap-view-default) .elementor-drop-cap-letter{width:1em;height:1em}.elementor-widget-text-editor .elementor-drop-cap{float:left;text-align:center;line-height:1;font-size:50px}.elementor-widget-text-editor .elementor-drop-cap-letter{display:inline-block}<\/style>\t\t\t\t<p><strong>Pachuca, Hgo., 27 de octubre de 2023.-<\/strong>Luego de los estragos causados por el paso del Hurac\u00e1n \u201cOtis\u201d en la costa del pac\u00edfico, principalmente en Acapulco, Guerrero, la familia DIFH, encabezada por Edda Vite, organiza y pone al alcance de la poblaci\u00f3n, un Centro de Acopio en las oficinas centrales del Sistema Estatal.<\/p><p>Entre los apoyos que se reciben para la colecta, destaca: agua embotellada, art\u00edculos de higiene personal, ropa y zapatos nuevos o limpios, alimentos enlatados y no perecederos, botiquines o material para primeros auxilios, as\u00ed como art\u00edculos de limpieza y cocina. Dichas donaciones ser\u00e1n recibidas de lunes a viernes de las 9:00 a las 18 horas.<\/p><p>Las acciones de solidaridad y la respuesta temprana en situaciones de emergencia, son parte de la administraci\u00f3n de Edda Vite como presidenta del Patronato del Sistema DIFH, as\u00ed como de la poblaci\u00f3n hidalguense, que sin duda en esta ocasi\u00f3n ayudar\u00e1 y participar\u00e1 en tan noble causa en favor de las y los damnificados.<\/p>\t\t\t\t\t\t<\/div>\n\t\t\t\t<\/div>\n\t\t\t\t\t<\/div>\n\t\t<\/div>\n\t\t\t\t\t\t\t<\/div>\n\t\t<\/section>\n\t\t\t\t\t\t\t<\/div>\n\t\t","protected":false},"excerpt":{"rendered":"<p>Pachuca, Hgo., 27 de octubre de 2023.-Luego de los estragos causados por el paso del Hurac\u00e1n \u201cOtis\u201d en la costa del pac\u00edfico, principalmente en Acapulco, Guerrero, la familia DIFH, encabezada por Edda Vite, organiza y pone al alcance de la poblaci\u00f3n, un Centro de Acopio en las oficinas centrales del Sistema Estatal. Entre los apoyos [&hellip;]<\/p>\n","protected":false},"author":1,"featured_media":24584,"comment_status":"closed","ping_status":"closed","sticky":false,"template":"","format":"standard","meta":[],"categories":[7],"tags":[],"_links":{"self":[{"href":"https:\/\/www.diarionoti7.com.mx\/index.php?rest_route=\/wp\/v2\/posts\/24582"}],"collection":[{"href":"https:\/\/www.diarionoti7.com.mx\/index.php?rest_route=\/wp\/v2\/posts"}],"about":[{"href":"https:\/\/www.diarionoti7.com.mx\/index.php?rest_route=\/wp\/v2\/types\/post"}],"author":[{"embeddable":true,"href":"https:\/\/www.diarionoti7.com.mx\/index.php?rest_route=\/wp\/v2\/users\/1"}],"replies":[{"embeddable":true,"href":"https:\/\/www.diarionoti7.com.mx\/index.php?rest_route=%2Fwp%2Fv2%2Fcomments&post=24582"}],"version-history":[{"count":4,"href":"https:\/\/www.diarionoti7.com.mx\/index.php?rest_route=\/wp\/v2\/posts\/24582\/revisions"}],"predecessor-version":[{"id":24587,"href":"https:\/\/www.diarionoti7.com.mx\/index.php?rest_route=\/wp\/v2\/posts\/24582\/revisions\/24587"}],"wp:featuredmedia":[{"embeddable":true,"href":"https:\/\/www.diarionoti7.com.mx\/index.php?rest_route=\/wp\/v2\/media\/24584"}],"wp:attachment":[{"href":"https:\/\/www.diarionoti7.com.mx\/index.php?rest_route=%2Fwp%2Fv2%2Fmedia&parent=24582"}],"wp:term":[{"taxonomy":"category","embeddable":true,"href":"https:\/\/www.diarionoti7.com.mx\/index.php?rest_route=%2Fwp%2Fv2%2Fcategories&post=24582"},{"taxonomy":"post_tag","embeddable":true,"href":"https:\/\/www.diarionoti7.com.mx\/index.php?rest_route=%2Fwp%2Fv2%2Ftags&post=24582"}],"curies":[{"name":"wp","href":"https:\/\/api.w.org\/{rel}","templated":true}]}}