{"id":24442,"date":"2023-10-27T16:17:28","date_gmt":"2023-10-27T16:17:28","guid":{"rendered":"https:\/\/www.diarionoti7.com.mx\/?p=24442"},"modified":"2023-10-27T16:19:03","modified_gmt":"2023-10-27T16:19:03","slug":"capacitan-sedeco-e-inaes-a-municipios-para-impulsar-la-economia-social","status":"publish","type":"post","link":"https:\/\/www.diarionoti7.com.mx\/?p=24442","title":{"rendered":"Capacitan Sedeco e INAES a Municipios Para Impulsar la Econom\u00eda Social"},"content":{"rendered":"\t\t<div data-elementor-type=\"wp-post\" data-elementor-id=\"24442\" class=\"elementor elementor-24442\">\n\t\t\t\t\t\t\t\t\t<section class=\"elementor-section elementor-top-section elementor-element elementor-element-ff67fa7 elementor-section-boxed elementor-section-height-default elementor-section-height-default\" data-id=\"ff67fa7\" data-element_type=\"section\">\n\t\t\t\t\t\t<div class=\"elementor-container elementor-column-gap-default\">\n\t\t\t\t\t<div class=\"elementor-column elementor-col-100 elementor-top-column elementor-element elementor-element-23b4ba7\" data-id=\"23b4ba7\" data-element_type=\"column\">\n\t\t\t<div class=\"elementor-widget-wrap elementor-element-populated\">\n\t\t\t\t\t\t\t\t<div class=\"elementor-element elementor-element-1eb3b3f elementor-aspect-ratio-169 elementor-widget elementor-widget-video\" data-id=\"1eb3b3f\" data-element_type=\"widget\" data-settings=\"{&quot;youtube_url&quot;:&quot;https:\\\/\\\/youtu.be\\\/skLbVxPHwi8&quot;,&quot;video_type&quot;:&quot;youtube&quot;,&quot;controls&quot;:&quot;yes&quot;,&quot;aspect_ratio&quot;:&quot;169&quot;}\" data-widget_type=\"video.default\">\n\t\t\t\t<div class=\"elementor-widget-container\">\n\t\t\t<style>\/*! elementor - v3.10.2 - 29-01-2023 *\/\n.elementor-widget-video .elementor-widget-container{overflow:hidden;transform:translateZ(0)}.elementor-widget-video .elementor-open-inline .elementor-custom-embed-image-overlay{position:absolute;top:0;left:0;width:100%;height:100%;background-size:cover;background-position:50%}.elementor-widget-video .elementor-custom-embed-image-overlay{cursor:pointer;text-align:center}.elementor-widget-video .elementor-custom-embed-image-overlay:hover .elementor-custom-embed-play i{opacity:1}.elementor-widget-video .elementor-custom-embed-image-overlay img{display:block;width:100%}.elementor-widget-video .e-hosted-video .elementor-video{-o-object-fit:cover;object-fit:cover}.e-con-inner>.elementor-widget-video,.e-con>.elementor-widget-video{width:var(--container-widget-width);--flex-grow:var(--container-widget-flex-grow)}<\/style>\t\t<div class=\"elementor-wrapper elementor-fit-aspect-ratio elementor-open-inline\">\n\t\t\t<div class=\"elementor-video\"><\/div>\t\t<\/div>\n\t\t\t\t<\/div>\n\t\t\t\t<\/div>\n\t\t\t\t\t<\/div>\n\t\t<\/div>\n\t\t\t\t\t\t\t<\/div>\n\t\t<\/section>\n\t\t\t\t<section class=\"elementor-section elementor-top-section elementor-element elementor-element-c09b8f0 elementor-section-boxed elementor-section-height-default elementor-section-height-default\" data-id=\"c09b8f0\" data-element_type=\"section\">\n\t\t\t\t\t\t<div class=\"elementor-container elementor-column-gap-default\">\n\t\t\t\t\t<div class=\"elementor-column elementor-col-100 elementor-top-column elementor-element elementor-element-955a561\" data-id=\"955a561\" data-element_type=\"column\">\n\t\t\t<div class=\"elementor-widget-wrap elementor-element-populated\">\n\t\t\t\t\t\t\t\t<div class=\"elementor-element elementor-element-0ce869c elementor-widget elementor-widget-text-editor\" data-id=\"0ce869c\" data-element_type=\"widget\" data-widget_type=\"text-editor.default\">\n\t\t\t\t<div class=\"elementor-widget-container\">\n\t\t\t<style>\/*! elementor - v3.10.2 - 29-01-2023 *\/\n.elementor-widget-text-editor.elementor-drop-cap-view-stacked .elementor-drop-cap{background-color:#818a91;color:#fff}.elementor-widget-text-editor.elementor-drop-cap-view-framed .elementor-drop-cap{color:#818a91;border:3px solid;background-color:transparent}.elementor-widget-text-editor:not(.elementor-drop-cap-view-default) .elementor-drop-cap{margin-top:8px}.elementor-widget-text-editor:not(.elementor-drop-cap-view-default) .elementor-drop-cap-letter{width:1em;height:1em}.elementor-widget-text-editor .elementor-drop-cap{float:left;text-align:center;line-height:1;font-size:50px}.elementor-widget-text-editor .elementor-drop-cap-letter{display:inline-block}<\/style>\t\t\t\t<p><strong>-Hidalgo busca potenciar el desarrollo de cada regi\u00f3n al aprovechar sus caracter\u00edsticas end\u00f3genas<\/strong><\/p><p><strong>-La Secretar\u00eda de Desarrollo Econ\u00f3mico de Hidalgo (Sedeco) aboga por un modelo de econom\u00eda social que vaya m\u00e1s all\u00e1 de los negocios y se centre en la igualdad en las comunidades.<\/strong><\/p><p><strong>Pachuca, Hidalgo, a 26 de octubre de 2023.-<\/strong>En esta l\u00ednea, y en colaboraci\u00f3n con el Instituto Nacional de Econom\u00eda Social (INAES), la dependencia organiz\u00f3 el Seminario de Introducci\u00f3n a la Econom\u00eda Social y Solidaria como Modelo de Transformaci\u00f3n en la Administraci\u00f3n P\u00fablica, dirigido a funcionarios de los 84 municipios.<\/p><p>En la inauguraci\u00f3n, el subsecretario de Fomento Econ\u00f3mico, Horacio R\u00edos Cano, destac\u00f3 que el desarrollo en esta materia no es simplemente una necesidad para Hidalgo, sino un compromiso esencial para potenciar las vocaciones de los municipios, aprovechando las caracter\u00edsticas end\u00f3genas de cada regi\u00f3n.<\/p><p>Este enfoque se dirige a cooperativas, microempresas, ejidos agrupados y cualquier otro agente econ\u00f3mico que pueda llevar beneficios y justicia social a las localidades m\u00e1s remotas.<\/p><p>Por su parte, Alexis Vera S\u00e1nchez, coordinador general de Operaci\u00f3n, Formaci\u00f3n y Cultura de Econom\u00eda Social en el INAES, resalt\u00f3 que el gobierno de Hidalgo est\u00e1 introduciendo un paradigma distinto en sus municipios con el prop\u00f3sito de reducir la pobreza. Asimismo, reconoci\u00f3 la visi\u00f3n de Hidalgo para impulsar el desarrollo econ\u00f3mico y social.<\/p><p>&#8220;Hidalgo tiene el reto de crear una joya econ\u00f3mica con mayor igualdad, cuidado del medio ambiente y empresas innovadoras, ya que la innovaci\u00f3n no est\u00e1 en conflicto con la justicia social&#8221;, a\u00f1adi\u00f3.<\/p><p>El objetivo de este seminario es proporcionar a los participantes un entendimiento general y s\u00f3lido de la econom\u00eda social y solidaria como un modelo viable para el desarrollo integral en sus municipios y regiones.<\/p>\t\t\t\t\t\t<\/div>\n\t\t\t\t<\/div>\n\t\t\t\t\t<\/div>\n\t\t<\/div>\n\t\t\t\t\t\t\t<\/div>\n\t\t<\/section>\n\t\t\t\t\t\t\t<\/div>\n\t\t","protected":false},"excerpt":{"rendered":"<p>https:\/\/youtu.be\/skLbVxPHwi8 -Hidalgo busca potenciar el desarrollo de cada regi\u00f3n al aprovechar sus caracter\u00edsticas end\u00f3genas -La Secretar\u00eda de Desarrollo Econ\u00f3mico de Hidalgo (Sedeco) aboga por un modelo de econom\u00eda social que vaya m\u00e1s all\u00e1 de los negocios y se centre en la igualdad en las comunidades. Pachuca, Hidalgo, a 26 de octubre de 2023.-En esta l\u00ednea, [&hellip;]<\/p>\n","protected":false},"author":1,"featured_media":24444,"comment_status":"closed","ping_status":"closed","sticky":false,"template":"","format":"standard","meta":[],"categories":[6],"tags":[],"_links":{"self":[{"href":"https:\/\/www.diarionoti7.com.mx\/index.php?rest_route=\/wp\/v2\/posts\/24442"}],"collection":[{"href":"https:\/\/www.diarionoti7.com.mx\/index.php?rest_route=\/wp\/v2\/posts"}],"about":[{"href":"https:\/\/www.diarionoti7.com.mx\/index.php?rest_route=\/wp\/v2\/types\/post"}],"author":[{"embeddable":true,"href":"https:\/\/www.diarionoti7.com.mx\/index.php?rest_route=\/wp\/v2\/users\/1"}],"replies":[{"embeddable":true,"href":"https:\/\/www.diarionoti7.com.mx\/index.php?rest_route=%2Fwp%2Fv2%2Fcomments&post=24442"}],"version-history":[{"count":7,"href":"https:\/\/www.diarionoti7.com.mx\/index.php?rest_route=\/wp\/v2\/posts\/24442\/revisions"}],"predecessor-version":[{"id":24450,"href":"https:\/\/www.diarionoti7.com.mx\/index.php?rest_route=\/wp\/v2\/posts\/24442\/revisions\/24450"}],"wp:featuredmedia":[{"embeddable":true,"href":"https:\/\/www.diarionoti7.com.mx\/index.php?rest_route=\/wp\/v2\/media\/24444"}],"wp:attachment":[{"href":"https:\/\/www.diarionoti7.com.mx\/index.php?rest_route=%2Fwp%2Fv2%2Fmedia&parent=24442"}],"wp:term":[{"taxonomy":"category","embeddable":true,"href":"https:\/\/www.diarionoti7.com.mx\/index.php?rest_route=%2Fwp%2Fv2%2Fcategories&post=24442"},{"taxonomy":"post_tag","embeddable":true,"href":"https:\/\/www.diarionoti7.com.mx\/index.php?rest_route=%2Fwp%2Fv2%2Ftags&post=24442"}],"curies":[{"name":"wp","href":"https:\/\/api.w.org\/{rel}","templated":true}]}}