{"id":24424,"date":"2023-10-27T16:12:58","date_gmt":"2023-10-27T16:12:58","guid":{"rendered":"https:\/\/www.diarionoti7.com.mx\/?p=24424"},"modified":"2023-10-27T16:13:41","modified_gmt":"2023-10-27T16:13:41","slug":"dif-tulancingo-instalo-centro-de-acopio-en-el-jardin-la-floresta-para-apoyo-a-damnificados-de-acapulco","status":"publish","type":"post","link":"https:\/\/www.diarionoti7.com.mx\/?p=24424","title":{"rendered":"DIF Tulancingo Instal\u00f3 Centro de Acopio en El Jard\u00edn La Floresta, Para Apoyo a Damnificados de Acapulco"},"content":{"rendered":"\t\t<div data-elementor-type=\"wp-post\" data-elementor-id=\"24424\" class=\"elementor elementor-24424\">\n\t\t\t\t\t\t\t\t\t<section class=\"elementor-section elementor-top-section elementor-element elementor-element-c09b8f0 elementor-section-boxed elementor-section-height-default elementor-section-height-default\" data-id=\"c09b8f0\" data-element_type=\"section\">\n\t\t\t\t\t\t<div class=\"elementor-container elementor-column-gap-default\">\n\t\t\t\t\t<div class=\"elementor-column elementor-col-100 elementor-top-column elementor-element elementor-element-955a561\" data-id=\"955a561\" data-element_type=\"column\">\n\t\t\t<div class=\"elementor-widget-wrap elementor-element-populated\">\n\t\t\t\t\t\t\t\t<div class=\"elementor-element elementor-element-0ce869c elementor-widget elementor-widget-text-editor\" data-id=\"0ce869c\" data-element_type=\"widget\" data-widget_type=\"text-editor.default\">\n\t\t\t\t<div class=\"elementor-widget-container\">\n\t\t\t<style>\/*! elementor - v3.10.2 - 29-01-2023 *\/\n.elementor-widget-text-editor.elementor-drop-cap-view-stacked .elementor-drop-cap{background-color:#818a91;color:#fff}.elementor-widget-text-editor.elementor-drop-cap-view-framed .elementor-drop-cap{color:#818a91;border:3px solid;background-color:transparent}.elementor-widget-text-editor:not(.elementor-drop-cap-view-default) .elementor-drop-cap{margin-top:8px}.elementor-widget-text-editor:not(.elementor-drop-cap-view-default) .elementor-drop-cap-letter{width:1em;height:1em}.elementor-widget-text-editor .elementor-drop-cap{float:left;text-align:center;line-height:1;font-size:50px}.elementor-widget-text-editor .elementor-drop-cap-letter{display:inline-block}<\/style>\t\t\t\t<p><strong>-El horario de operaci\u00f3n ser\u00e1 de 9:00 a 21:00 horas <\/strong><\/p><p><strong>Tulancingo, Hgo., 26 de octubre de 2023.-<\/strong>Desde este jueves y con un horario de 9:00 a 21:00 horas, opera en la velaria del jard\u00edn La Floresta, un centro de acopio de ayuda humanitaria que ser\u00e1 destinada a los damnificados por el paso del hurac\u00e1n Otis, en la zona de la costa de Guerrero.<\/p><p>Hasta el momento, este punto es el \u00fanico oficial por parte de la alcald\u00eda y el organismo asistencial del DIF, con la garant\u00eda de que lo recaudado llegar\u00e1 a quien m\u00e1s lo necesita, pues se tiene coordinaci\u00f3n plena con el DIF de Acapulco.<\/p><p>Se destac\u00f3 que el alcalde Jorge M\u00e1rquez Alvarado y la presidenta del DIF Tulancingo, Yolanda Magaldi, se han mostrado preocupados ante lo sucedido y contribuyen a esta campa\u00f1a, para ayudar.<\/p><p>Ambos apelaron al esp\u00edritu solidario de los Tulancinguenses; quien as\u00ed lo desee puede aportar lo que est\u00e9 a su alcance.<\/p><p>El centro de acopio recabar\u00e1 ayuda en especie como:\u00a0 Alimentos enlatados no perecederos, agua embotellada, insumos de higiene personal, insumos para limpieza, alimentos para animales de compa\u00f1\u00eda, cobijas.<\/p><p>En caso de que los donantes tengan como punto cercano a las oficinas del Instituto de Capacitaci\u00f3n en la calle Corregidora\u00a0\u00a0 oriente n\u00famero304 o la planta baja de presidencia, tambi\u00e9n pueden entregar sus donaciones ah\u00ed.<\/p><p>Se reiter\u00f3, a quienes colaboren y ofrezcan la ayuda humanitaria, que presidencia y el Sistema DIF son instituciones confiables, que a trav\u00e9s de redes sociales se mostrar\u00e1 desde la partida de la unidad que transportar\u00e1 el cargamento acopiado, hasta el momento de la entrega.<\/p><p>La permanencia del centro de acopio de Tulancingo ser\u00e1 similar a la de otros puntos del pa\u00eds o hasta que se reciba otra indicaci\u00f3n.<\/p>\t\t\t\t\t\t<\/div>\n\t\t\t\t<\/div>\n\t\t\t\t\t<\/div>\n\t\t<\/div>\n\t\t\t\t\t\t\t<\/div>\n\t\t<\/section>\n\t\t\t\t\t\t\t<\/div>\n\t\t","protected":false},"excerpt":{"rendered":"<p>-El horario de operaci\u00f3n ser\u00e1 de 9:00 a 21:00 horas Tulancingo, Hgo., 26 de octubre de 2023.-Desde este jueves y con un horario de 9:00 a 21:00 horas, opera en la velaria del jard\u00edn La Floresta, un centro de acopio de ayuda humanitaria que ser\u00e1 destinada a los damnificados por el paso del hurac\u00e1n Otis, [&hellip;]<\/p>\n","protected":false},"author":1,"featured_media":24426,"comment_status":"closed","ping_status":"closed","sticky":false,"template":"","format":"standard","meta":[],"categories":[9],"tags":[],"_links":{"self":[{"href":"https:\/\/www.diarionoti7.com.mx\/index.php?rest_route=\/wp\/v2\/posts\/24424"}],"collection":[{"href":"https:\/\/www.diarionoti7.com.mx\/index.php?rest_route=\/wp\/v2\/posts"}],"about":[{"href":"https:\/\/www.diarionoti7.com.mx\/index.php?rest_route=\/wp\/v2\/types\/post"}],"author":[{"embeddable":true,"href":"https:\/\/www.diarionoti7.com.mx\/index.php?rest_route=\/wp\/v2\/users\/1"}],"replies":[{"embeddable":true,"href":"https:\/\/www.diarionoti7.com.mx\/index.php?rest_route=%2Fwp%2Fv2%2Fcomments&post=24424"}],"version-history":[{"count":4,"href":"https:\/\/www.diarionoti7.com.mx\/index.php?rest_route=\/wp\/v2\/posts\/24424\/revisions"}],"predecessor-version":[{"id":24429,"href":"https:\/\/www.diarionoti7.com.mx\/index.php?rest_route=\/wp\/v2\/posts\/24424\/revisions\/24429"}],"wp:featuredmedia":[{"embeddable":true,"href":"https:\/\/www.diarionoti7.com.mx\/index.php?rest_route=\/wp\/v2\/media\/24426"}],"wp:attachment":[{"href":"https:\/\/www.diarionoti7.com.mx\/index.php?rest_route=%2Fwp%2Fv2%2Fmedia&parent=24424"}],"wp:term":[{"taxonomy":"category","embeddable":true,"href":"https:\/\/www.diarionoti7.com.mx\/index.php?rest_route=%2Fwp%2Fv2%2Fcategories&post=24424"},{"taxonomy":"post_tag","embeddable":true,"href":"https:\/\/www.diarionoti7.com.mx\/index.php?rest_route=%2Fwp%2Fv2%2Ftags&post=24424"}],"curies":[{"name":"wp","href":"https:\/\/api.w.org\/{rel}","templated":true}]}}