{"id":24412,"date":"2023-10-27T16:10:17","date_gmt":"2023-10-27T16:10:17","guid":{"rendered":"https:\/\/www.diarionoti7.com.mx\/?p=24412"},"modified":"2023-10-27T16:11:23","modified_gmt":"2023-10-27T16:11:23","slug":"por-feminicidio-en-tula-de-allende-una-persona-enfrenta-proceso-penal","status":"publish","type":"post","link":"https:\/\/www.diarionoti7.com.mx\/?p=24412","title":{"rendered":"Por Feminicidio en Tula de Allende, Una Persona Enfrenta Proceso Penal"},"content":{"rendered":"\t\t<div data-elementor-type=\"wp-post\" data-elementor-id=\"24412\" class=\"elementor elementor-24412\">\n\t\t\t\t\t\t\t\t\t<section class=\"elementor-section elementor-top-section elementor-element elementor-element-c09b8f0 elementor-section-boxed elementor-section-height-default elementor-section-height-default\" data-id=\"c09b8f0\" data-element_type=\"section\">\n\t\t\t\t\t\t<div class=\"elementor-container elementor-column-gap-default\">\n\t\t\t\t\t<div class=\"elementor-column elementor-col-100 elementor-top-column elementor-element elementor-element-955a561\" data-id=\"955a561\" data-element_type=\"column\">\n\t\t\t<div class=\"elementor-widget-wrap elementor-element-populated\">\n\t\t\t\t\t\t\t\t<div class=\"elementor-element elementor-element-0ce869c elementor-widget elementor-widget-text-editor\" data-id=\"0ce869c\" data-element_type=\"widget\" data-widget_type=\"text-editor.default\">\n\t\t\t\t<div class=\"elementor-widget-container\">\n\t\t\t<style>\/*! elementor - v3.10.2 - 29-01-2023 *\/\n.elementor-widget-text-editor.elementor-drop-cap-view-stacked .elementor-drop-cap{background-color:#818a91;color:#fff}.elementor-widget-text-editor.elementor-drop-cap-view-framed .elementor-drop-cap{color:#818a91;border:3px solid;background-color:transparent}.elementor-widget-text-editor:not(.elementor-drop-cap-view-default) .elementor-drop-cap{margin-top:8px}.elementor-widget-text-editor:not(.elementor-drop-cap-view-default) .elementor-drop-cap-letter{width:1em;height:1em}.elementor-widget-text-editor .elementor-drop-cap{float:left;text-align:center;line-height:1;font-size:50px}.elementor-widget-text-editor .elementor-drop-cap-letter{display:inline-block}<\/style>\t\t\t\t<p><strong>Pachuca, Hgo., a 26 de octubre de 2023.-<\/strong>Indagatorias del personal ministerial adscrito a la Fiscal\u00eda de Delitos de G\u00e9nero y Trata de Personas, de la Procuradur\u00eda General de Justicia del Estado de Hidalgo (PGJEH), dieron como resultado que un juez de control dictara el auto de vinculaci\u00f3n a proceso para una persona investigada por feminicidio, ocurrido en Tula de Allende.<\/p><p>Los hechos que originaron el inicio de la carpeta de investigaci\u00f3n ocurrieron el pasado 22 de septiembre, cuando elementos de la polic\u00eda municipal localizaron el cuerpo sin vida de una persona del sexo femenino, al interior de un domicilio en el municipio antes mencionado.<\/p><p>Elementos de las divisiones Investigaci\u00f3n y Cient\u00edfica de la PGJEH acudieron al sitio y procesaron el lugar, en tanto agentes del Ministerio P\u00fablico se allegaron de los datos de prueba necesarios para integrarlos a la carpeta de investigaci\u00f3n.<\/p><p>Con base en las indagatorias que se desarrollaron bajo el protocolo de feminicidio, la Fiscal\u00eda estableci\u00f3 la probable responsabilidad de una persona de iniciales J. L. C., quien era pareja sentimental de la v\u00edctima, por lo que se solicit\u00f3 al juez de control la orden de aprehensi\u00f3n correspondiente.<\/p><p>Una vez que dicho mandato judicial se otorg\u00f3 al Ministerio P\u00fablico, fue ejecutado por un grupo especial de agentes de la Divisi\u00f3n de Investigaci\u00f3n adscrito a la Subprocuradur\u00eda de Delitos de G\u00e9nero, Desaparici\u00f3n de Personas e Impacto Social.<\/p><p>Despu\u00e9s de que esta representaci\u00f3n social present\u00f3 a la persona aprehendida ante un juez de control, durante la audiencia inicial el Ministerio P\u00fablico formul\u00f3 imputaci\u00f3n en la que expuso los datos de prueba contra J. L. C. y obtuvo la vinculaci\u00f3n a proceso por hechos que la ley sanciona como feminicidio, en agravio de M. L. H. D.<\/p><p>La autoridad judicial concedi\u00f3 a las partes involucradas en el proceso un plazo de cuatro meses para concluir la investigaci\u00f3n complementaria, mientras tanto, al imputado le fue impuesta la medida cautelar de prisi\u00f3n preventiva oficiosa.<\/p>\t\t\t\t\t\t<\/div>\n\t\t\t\t<\/div>\n\t\t\t\t\t<\/div>\n\t\t<\/div>\n\t\t\t\t\t\t\t<\/div>\n\t\t<\/section>\n\t\t\t\t\t\t\t<\/div>\n\t\t","protected":false},"excerpt":{"rendered":"<p>Pachuca, Hgo., a 26 de octubre de 2023.-Indagatorias del personal ministerial adscrito a la Fiscal\u00eda de Delitos de G\u00e9nero y Trata de Personas, de la Procuradur\u00eda General de Justicia del Estado de Hidalgo (PGJEH), dieron como resultado que un juez de control dictara el auto de vinculaci\u00f3n a proceso para una persona investigada por feminicidio, [&hellip;]<\/p>\n","protected":false},"author":1,"featured_media":24414,"comment_status":"closed","ping_status":"closed","sticky":false,"template":"","format":"standard","meta":[],"categories":[22],"tags":[],"_links":{"self":[{"href":"https:\/\/www.diarionoti7.com.mx\/index.php?rest_route=\/wp\/v2\/posts\/24412"}],"collection":[{"href":"https:\/\/www.diarionoti7.com.mx\/index.php?rest_route=\/wp\/v2\/posts"}],"about":[{"href":"https:\/\/www.diarionoti7.com.mx\/index.php?rest_route=\/wp\/v2\/types\/post"}],"author":[{"embeddable":true,"href":"https:\/\/www.diarionoti7.com.mx\/index.php?rest_route=\/wp\/v2\/users\/1"}],"replies":[{"embeddable":true,"href":"https:\/\/www.diarionoti7.com.mx\/index.php?rest_route=%2Fwp%2Fv2%2Fcomments&post=24412"}],"version-history":[{"count":4,"href":"https:\/\/www.diarionoti7.com.mx\/index.php?rest_route=\/wp\/v2\/posts\/24412\/revisions"}],"predecessor-version":[{"id":24417,"href":"https:\/\/www.diarionoti7.com.mx\/index.php?rest_route=\/wp\/v2\/posts\/24412\/revisions\/24417"}],"wp:featuredmedia":[{"embeddable":true,"href":"https:\/\/www.diarionoti7.com.mx\/index.php?rest_route=\/wp\/v2\/media\/24414"}],"wp:attachment":[{"href":"https:\/\/www.diarionoti7.com.mx\/index.php?rest_route=%2Fwp%2Fv2%2Fmedia&parent=24412"}],"wp:term":[{"taxonomy":"category","embeddable":true,"href":"https:\/\/www.diarionoti7.com.mx\/index.php?rest_route=%2Fwp%2Fv2%2Fcategories&post=24412"},{"taxonomy":"post_tag","embeddable":true,"href":"https:\/\/www.diarionoti7.com.mx\/index.php?rest_route=%2Fwp%2Fv2%2Ftags&post=24412"}],"curies":[{"name":"wp","href":"https:\/\/api.w.org\/{rel}","templated":true}]}}