{"id":2434,"date":"2023-02-24T17:30:45","date_gmt":"2023-02-24T17:30:45","guid":{"rendered":"https:\/\/www.diarionoti7.com.mx\/?p=2434"},"modified":"2023-02-24T17:39:05","modified_gmt":"2023-02-24T17:39:05","slug":"mas-de-medio-centenar-de-tulancinguenses-se-encuentran-en-capacitacion","status":"publish","type":"post","link":"https:\/\/www.diarionoti7.com.mx\/?p=2434","title":{"rendered":"M\u00e1s de Medio Centenar de Tulancinguenses se Encuentran en Capacitaci\u00f3n"},"content":{"rendered":"\t\t<div data-elementor-type=\"wp-post\" data-elementor-id=\"2434\" class=\"elementor elementor-2434\">\n\t\t\t\t\t\t\t\t\t<section class=\"elementor-section elementor-top-section elementor-element elementor-element-51c23a4c elementor-section-boxed elementor-section-height-default elementor-section-height-default\" data-id=\"51c23a4c\" data-element_type=\"section\">\n\t\t\t\t\t\t<div class=\"elementor-container elementor-column-gap-default\">\n\t\t\t\t\t<div class=\"elementor-column elementor-col-100 elementor-top-column elementor-element elementor-element-7d2e0b6e\" data-id=\"7d2e0b6e\" data-element_type=\"column\">\n\t\t\t<div class=\"elementor-widget-wrap elementor-element-populated\">\n\t\t\t\t\t\t\t\t<div class=\"elementor-element elementor-element-2f2290cd elementor-widget elementor-widget-text-editor\" data-id=\"2f2290cd\" data-element_type=\"widget\" data-widget_type=\"text-editor.default\">\n\t\t\t\t<div class=\"elementor-widget-container\">\n\t\t\t<style>\/*! elementor - v3.10.2 - 29-01-2023 *\/\n.elementor-widget-text-editor.elementor-drop-cap-view-stacked .elementor-drop-cap{background-color:#818a91;color:#fff}.elementor-widget-text-editor.elementor-drop-cap-view-framed .elementor-drop-cap{color:#818a91;border:3px solid;background-color:transparent}.elementor-widget-text-editor:not(.elementor-drop-cap-view-default) .elementor-drop-cap{margin-top:8px}.elementor-widget-text-editor:not(.elementor-drop-cap-view-default) .elementor-drop-cap-letter{width:1em;height:1em}.elementor-widget-text-editor .elementor-drop-cap{float:left;text-align:center;line-height:1;font-size:50px}.elementor-widget-text-editor .elementor-drop-cap-letter{display:inline-block}<\/style>\t\t\t\t<p><strong>-Mujeres emprendedoras son apoyadas por el CEAVIF Tulancingo<\/strong><\/p><p><strong>Tulancingo, Hgo. 23 de febrero de 2023.-<\/strong>Un numeroso grupo de mujeres, que buscan emprender una actividad y apoyar la econom\u00eda de su hogar, est\u00e1n siendo capacitadas por medio del Centro Especializado de Atenci\u00f3n a la Violencia Familiar de Tulancingo (CEAVIF), acci\u00f3n que ha sido instruida por el alcalde Jorge M\u00e1rquez Alvarado, en apoyo de las mujeres del municipio.<\/p><p>Lo anterior, lo dio a conocer la directora de dicho organismo; a la fecha m\u00e1s de 60 mujeres se encuentran tomando cursos, en diversos oficios, mismos que les permitan fomentar e incentivar la generaci\u00f3n de recursos para sus familias.<\/p><p>En primer t\u00e9rmino, se tienen en capacitaci\u00f3n a 15 mujeres en el Curso de Panader\u00eda, el cual ya lleva cuatro sesiones y las participantes se encuentran muy motivadas en la elaboraci\u00f3n de pan, en sus diversas variedades, para posteriormente comercializarlo y obtener dividendos de esta actividad.<\/p><p>Otro de los cursos que se est\u00e1n ofreciendo y que est\u00e1n siendo instruidos por personal del Instituto de Capacitaci\u00f3n para el Trabajo de Estado de Hidalgo (ICATHI), es el de U\u00f1as de Acr\u00edlico, lo cual es una tendencia y, adem\u00e1s, es muy recurrida; por lo que las participantes en estos tres cursos al final de su desempe\u00f1o tendr\u00e1n un reconocimiento expedido por esta instancia de educaci\u00f3n.<\/p><p>Un tercer curso de capacitaci\u00f3n es el de Corte y Confecci\u00f3n, en la cual ya se encuentran inscritas m\u00e1s de 20 participantes y que en pr\u00f3ximos d\u00edas habr\u00e1 de tener inicio sus actividades<\/p><p>Con estas acciones, se\u00f1al\u00f3 la directora de CEAVIF, el gobierno municipal da atenci\u00f3n a las mujeres que requieren emprender una actividad para poder ayudar a sus familias y propiciar una mejor calidad de vida, y con ello Tulancingo avance.<\/p><p>\u00a0<\/p>\t\t\t\t\t\t<\/div>\n\t\t\t\t<\/div>\n\t\t\t\t\t<\/div>\n\t\t<\/div>\n\t\t\t\t\t\t\t<\/div>\n\t\t<\/section>\n\t\t\t\t\t\t\t<\/div>\n\t\t","protected":false},"excerpt":{"rendered":"<p>-Mujeres emprendedoras son apoyadas por el CEAVIF Tulancingo Tulancingo, Hgo. 23 de febrero de 2023.-Un numeroso grupo de mujeres, que buscan emprender una actividad y apoyar la econom\u00eda de su hogar, est\u00e1n siendo capacitadas por medio del Centro Especializado de Atenci\u00f3n a la Violencia Familiar de Tulancingo (CEAVIF), acci\u00f3n que ha sido instruida por el [&hellip;]<\/p>\n","protected":false},"author":1,"featured_media":2436,"comment_status":"closed","ping_status":"closed","sticky":false,"template":"","format":"standard","meta":[],"categories":[9],"tags":[],"_links":{"self":[{"href":"https:\/\/www.diarionoti7.com.mx\/index.php?rest_route=\/wp\/v2\/posts\/2434"}],"collection":[{"href":"https:\/\/www.diarionoti7.com.mx\/index.php?rest_route=\/wp\/v2\/posts"}],"about":[{"href":"https:\/\/www.diarionoti7.com.mx\/index.php?rest_route=\/wp\/v2\/types\/post"}],"author":[{"embeddable":true,"href":"https:\/\/www.diarionoti7.com.mx\/index.php?rest_route=\/wp\/v2\/users\/1"}],"replies":[{"embeddable":true,"href":"https:\/\/www.diarionoti7.com.mx\/index.php?rest_route=%2Fwp%2Fv2%2Fcomments&post=2434"}],"version-history":[{"count":4,"href":"https:\/\/www.diarionoti7.com.mx\/index.php?rest_route=\/wp\/v2\/posts\/2434\/revisions"}],"predecessor-version":[{"id":2439,"href":"https:\/\/www.diarionoti7.com.mx\/index.php?rest_route=\/wp\/v2\/posts\/2434\/revisions\/2439"}],"wp:featuredmedia":[{"embeddable":true,"href":"https:\/\/www.diarionoti7.com.mx\/index.php?rest_route=\/wp\/v2\/media\/2436"}],"wp:attachment":[{"href":"https:\/\/www.diarionoti7.com.mx\/index.php?rest_route=%2Fwp%2Fv2%2Fmedia&parent=2434"}],"wp:term":[{"taxonomy":"category","embeddable":true,"href":"https:\/\/www.diarionoti7.com.mx\/index.php?rest_route=%2Fwp%2Fv2%2Fcategories&post=2434"},{"taxonomy":"post_tag","embeddable":true,"href":"https:\/\/www.diarionoti7.com.mx\/index.php?rest_route=%2Fwp%2Fv2%2Ftags&post=2434"}],"curies":[{"name":"wp","href":"https:\/\/api.w.org\/{rel}","templated":true}]}}