{"id":24324,"date":"2023-10-26T18:25:46","date_gmt":"2023-10-26T18:25:46","guid":{"rendered":"https:\/\/www.diarionoti7.com.mx\/?p=24324"},"modified":"2023-10-26T18:27:08","modified_gmt":"2023-10-26T18:27:08","slug":"instancias-del-gobierno-municipal-de-tulancingo-entregan-notificaciones-para-el-retiro-de-autos-abandonados-en-via-publica","status":"publish","type":"post","link":"https:\/\/www.diarionoti7.com.mx\/?p=24324","title":{"rendered":"Instancias del Gobierno Municipal de Tulancingo Entregan Notificaciones Para El Retiro de Autos Abandonados en V\u00eda P\u00fablica"},"content":{"rendered":"\t\t<div data-elementor-type=\"wp-post\" data-elementor-id=\"24324\" class=\"elementor elementor-24324\">\n\t\t\t\t\t\t\t\t\t<section class=\"elementor-section elementor-top-section elementor-element elementor-element-c09b8f0 elementor-section-boxed elementor-section-height-default elementor-section-height-default\" data-id=\"c09b8f0\" data-element_type=\"section\">\n\t\t\t\t\t\t<div class=\"elementor-container elementor-column-gap-default\">\n\t\t\t\t\t<div class=\"elementor-column elementor-col-100 elementor-top-column elementor-element elementor-element-955a561\" data-id=\"955a561\" data-element_type=\"column\">\n\t\t\t<div class=\"elementor-widget-wrap elementor-element-populated\">\n\t\t\t\t\t\t\t\t<div class=\"elementor-element elementor-element-0ce869c elementor-widget elementor-widget-text-editor\" data-id=\"0ce869c\" data-element_type=\"widget\" data-widget_type=\"text-editor.default\">\n\t\t\t\t<div class=\"elementor-widget-container\">\n\t\t\t<style>\/*! elementor - v3.10.2 - 29-01-2023 *\/\n.elementor-widget-text-editor.elementor-drop-cap-view-stacked .elementor-drop-cap{background-color:#818a91;color:#fff}.elementor-widget-text-editor.elementor-drop-cap-view-framed .elementor-drop-cap{color:#818a91;border:3px solid;background-color:transparent}.elementor-widget-text-editor:not(.elementor-drop-cap-view-default) .elementor-drop-cap{margin-top:8px}.elementor-widget-text-editor:not(.elementor-drop-cap-view-default) .elementor-drop-cap-letter{width:1em;height:1em}.elementor-widget-text-editor .elementor-drop-cap{float:left;text-align:center;line-height:1;font-size:50px}.elementor-widget-text-editor .elementor-drop-cap-letter{display:inline-block}<\/style>\t\t\t\t<p><strong>Tulancingo, Hgo., 25 de octubre de 2023.-<\/strong>Tal y como lo establece el art\u00edculo 86 del Reglamento para la protecci\u00f3n al ambiente de Tulancingo, est\u00e1 por vencerse el plazo de 72 horas que se otorga a los propietarios de unidades en abandono para su retiro de la v\u00eda p\u00fablica, tras haber sido notificados.<\/p><p>Movilidad, Reglamentos, Medio Ambiente, Protecci\u00f3n Civil y Seguridad Publica avanzan en la entrega de notificaciones en diversos puntos del municipio, siendo este el paso inicial para que de manera voluntaria la unidad se remueva, evitando as\u00ed el arrastre con gr\u00faa y canalizaci\u00f3n a corral\u00f3n.<\/p><p>Valle Verde, Jardines del Sur y Para\u00edso, son algunos de los puntos del municipio en donde se cumpli\u00f3 el procedimiento de notificaci\u00f3n y ser\u00e1 el pr\u00f3ximo jueves cuando se acuda al sitio para revisar la liberaci\u00f3n de calles.<\/p><p>Se pone especial atenci\u00f3n en que el acto de autoridad se cumpla a cabalidad y se cuida que los propietarios de las unidades no ejecuten solo un movimiento temporal o una reubicaci\u00f3n a otras calles, por lo que se proceder\u00e1 sin flexibilidad.<\/p><p>Desde que comenz\u00f3 el operativo de retiro de unidades abandonadas en v\u00eda p\u00fablica, el objetivo es evitar que los autos se conviertan en espacios para la proliferaci\u00f3n de fauna nociva, contenedores de residuos y puntos de reuni\u00f3n para vandalismo e impedimento para la movilidad peatonal.<\/p><p>Para reportes relacionados a autos abandonados, la ciudadan\u00eda puede realizarlos en las Direcciones de Medio ambiente al 7757558450 extensi\u00f3n 2143 o en movilidad y transporte al 7757615552.<\/p>\t\t\t\t\t\t<\/div>\n\t\t\t\t<\/div>\n\t\t\t\t\t<\/div>\n\t\t<\/div>\n\t\t\t\t\t\t\t<\/div>\n\t\t<\/section>\n\t\t\t\t\t\t\t<\/div>\n\t\t","protected":false},"excerpt":{"rendered":"<p>Tulancingo, Hgo., 25 de octubre de 2023.-Tal y como lo establece el art\u00edculo 86 del Reglamento para la protecci\u00f3n al ambiente de Tulancingo, est\u00e1 por vencerse el plazo de 72 horas que se otorga a los propietarios de unidades en abandono para su retiro de la v\u00eda p\u00fablica, tras haber sido notificados. Movilidad, Reglamentos, Medio [&hellip;]<\/p>\n","protected":false},"author":1,"featured_media":24326,"comment_status":"closed","ping_status":"closed","sticky":false,"template":"","format":"standard","meta":[],"categories":[9],"tags":[],"_links":{"self":[{"href":"https:\/\/www.diarionoti7.com.mx\/index.php?rest_route=\/wp\/v2\/posts\/24324"}],"collection":[{"href":"https:\/\/www.diarionoti7.com.mx\/index.php?rest_route=\/wp\/v2\/posts"}],"about":[{"href":"https:\/\/www.diarionoti7.com.mx\/index.php?rest_route=\/wp\/v2\/types\/post"}],"author":[{"embeddable":true,"href":"https:\/\/www.diarionoti7.com.mx\/index.php?rest_route=\/wp\/v2\/users\/1"}],"replies":[{"embeddable":true,"href":"https:\/\/www.diarionoti7.com.mx\/index.php?rest_route=%2Fwp%2Fv2%2Fcomments&post=24324"}],"version-history":[{"count":4,"href":"https:\/\/www.diarionoti7.com.mx\/index.php?rest_route=\/wp\/v2\/posts\/24324\/revisions"}],"predecessor-version":[{"id":24329,"href":"https:\/\/www.diarionoti7.com.mx\/index.php?rest_route=\/wp\/v2\/posts\/24324\/revisions\/24329"}],"wp:featuredmedia":[{"embeddable":true,"href":"https:\/\/www.diarionoti7.com.mx\/index.php?rest_route=\/wp\/v2\/media\/24326"}],"wp:attachment":[{"href":"https:\/\/www.diarionoti7.com.mx\/index.php?rest_route=%2Fwp%2Fv2%2Fmedia&parent=24324"}],"wp:term":[{"taxonomy":"category","embeddable":true,"href":"https:\/\/www.diarionoti7.com.mx\/index.php?rest_route=%2Fwp%2Fv2%2Fcategories&post=24324"},{"taxonomy":"post_tag","embeddable":true,"href":"https:\/\/www.diarionoti7.com.mx\/index.php?rest_route=%2Fwp%2Fv2%2Ftags&post=24324"}],"curies":[{"name":"wp","href":"https:\/\/api.w.org\/{rel}","templated":true}]}}