{"id":24249,"date":"2023-10-25T18:04:50","date_gmt":"2023-10-25T18:04:50","guid":{"rendered":"https:\/\/www.diarionoti7.com.mx\/?p=24249"},"modified":"2023-10-25T18:05:34","modified_gmt":"2023-10-25T18:05:34","slug":"esta-noche-otis-se-intensifico-a-huracan-categoria-5-frente-a-las-costas-de-guerrero","status":"publish","type":"post","link":"https:\/\/www.diarionoti7.com.mx\/?p=24249","title":{"rendered":"Esta noche Otis se Intensific\u00f3 a Hurac\u00e1n Categor\u00eda 5 Frente a Las Costas de Guerrero"},"content":{"rendered":"\t\t<div data-elementor-type=\"wp-post\" data-elementor-id=\"24249\" class=\"elementor elementor-24249\">\n\t\t\t\t\t\t\t\t\t<section class=\"elementor-section elementor-top-section elementor-element elementor-element-c09b8f0 elementor-section-boxed elementor-section-height-default elementor-section-height-default\" data-id=\"c09b8f0\" data-element_type=\"section\">\n\t\t\t\t\t\t<div class=\"elementor-container elementor-column-gap-default\">\n\t\t\t\t\t<div class=\"elementor-column elementor-col-100 elementor-top-column elementor-element elementor-element-955a561\" data-id=\"955a561\" data-element_type=\"column\">\n\t\t\t<div class=\"elementor-widget-wrap elementor-element-populated\">\n\t\t\t\t\t\t\t\t<div class=\"elementor-element elementor-element-0ce869c elementor-widget elementor-widget-text-editor\" data-id=\"0ce869c\" data-element_type=\"widget\" data-widget_type=\"text-editor.default\">\n\t\t\t\t<div class=\"elementor-widget-container\">\n\t\t\t<style>\/*! elementor - v3.10.2 - 29-01-2023 *\/\n.elementor-widget-text-editor.elementor-drop-cap-view-stacked .elementor-drop-cap{background-color:#818a91;color:#fff}.elementor-widget-text-editor.elementor-drop-cap-view-framed .elementor-drop-cap{color:#818a91;border:3px solid;background-color:transparent}.elementor-widget-text-editor:not(.elementor-drop-cap-view-default) .elementor-drop-cap{margin-top:8px}.elementor-widget-text-editor:not(.elementor-drop-cap-view-default) .elementor-drop-cap-letter{width:1em;height:1em}.elementor-widget-text-editor .elementor-drop-cap{float:left;text-align:center;line-height:1;font-size:50px}.elementor-widget-text-editor .elementor-drop-cap-letter{display:inline-block}<\/style>\t\t\t\t<p><strong>-Se mantiene el pron\u00f3stico de lluvias puntuales extraordinarias en Guerrero, e intensas en Oaxaca. Mantiene su trayectoria hacia las costas de Guerrero.<\/strong><\/p><p><strong>\u00a0\u00a0\u00a0-Otis originar\u00e1 rachas de viento de 250 a 270 kil\u00f3metros por hora y oleaje de 8 a 10 metros de altura en los litorales de Guerrero y el occidente de Oaxaca.<\/strong><\/p><p><strong>24 octubre de 2023.-<\/strong>A las 21:00 horas, tiempo del centro de M\u00e9xico, Otis alcanz\u00f3 la categor\u00eda 5, la m\u00e1xima en la escala Saffir-Simpson, aproximadamente a 90 kil\u00f3metros (km) al sur-sureste de Acapulco, y a 125 km al oeste-suroeste de Punta Maldonado, ambos sitios de Guerrero; con vientos m\u00e1ximos sostenidos de 270 km\/h, rachas de 330 km\/h y desplazamiento hacia el nor-noroeste a 15 km\/h. Mantiene su trayectoria hacia las costas de Guerrero, dio a conocer el Servicio Meteorol\u00f3gico Nacional este en un \u00a024 de octubre de 2023\u00a0comunicado<\/p><p>Se prev\u00e9 que Otis impacte entre Acapulco y Tecpan de Galeana, ambas localidades de Guerrero, entre las 4 y 6 de la ma\u00f1ana del mi\u00e9rcoles 25 de octubre.<\/p><p>Durante las pr\u00f3ximas horas, las extensas bandas nubosas de Otis ocasionar\u00e1n lluvias puntuales extraordinarias (mayores de 250 mil\u00edmetros [mm]) en Guerrero; intensas (de 75 a 150 mm) en Oaxaca, y se incrementa la probabilidad de chubascos y lluvias puntuales fuertes en el Estado de M\u00e9xico, Michoac\u00e1n, Morelos, Puebla y Tlaxcala.<\/p><p>Asimismo, Otis originar\u00e1 rachas de viento de 250 a 270 kil\u00f3metros por hora (km\/h) y oleaje de 8 a 10 metros (m) de altura en los litorales de Guerrero y el occidente de Oaxaca. Adem\u00e1s, se prev\u00e9n condiciones para la formaci\u00f3n de trombas marinas frente a las costas de Guerrero.<\/p><p>Las precipitaciones podr\u00edan generar deslaves, incremento en niveles de r\u00edos y arroyos, as\u00ed como desbordamientos e inundaciones en zonas de los estados mencionados, por lo que se exhorta a la poblaci\u00f3n, a los turistas y a la navegaci\u00f3n mar\u00edtima, a atender los avisos del SMN, seguir las recomendaciones de Protecci\u00f3n Civil y extremar precauciones ante las lluvias, viento y oleaje elevado.<\/p><p>El Servicio Meteorol\u00f3gico Nacional (SMN), de la Comisi\u00f3n Nacional del Agua (Conagua), en coordinaci\u00f3n con el Centro Nacional de Huracanes, de Estados Unidos de Am\u00e9rica, mantiene zona de prevenci\u00f3n y vigilancia por efectos de hurac\u00e1n desde Punta Maldonado hasta Zihuatanejo, Guerrero, y zona de prevenci\u00f3n y vigilancia por efectos de tormenta tropical desde Lagunas de Chacahua, Oaxaca, hasta Punta Maldonado, Guerrero.<\/p><p>Mantente informado en las p\u00e1ginas www.gob.mx\/conagua y https:\/\/smn.conagua.gob.mx, en las cuentas de\u00a0<strong>X<\/strong>\u00a0@conagua_mx y @conagua_clima, y de Facebook www.facebook.com\/conaguamx, as\u00ed como en la aplicaci\u00f3n para dispositivos m\u00f3viles ConaguaClima, donde se puede consultar el pron\u00f3stico por municipio.<\/p>\t\t\t\t\t\t<\/div>\n\t\t\t\t<\/div>\n\t\t\t\t\t<\/div>\n\t\t<\/div>\n\t\t\t\t\t\t\t<\/div>\n\t\t<\/section>\n\t\t\t\t\t\t\t<\/div>\n\t\t","protected":false},"excerpt":{"rendered":"<p>-Se mantiene el pron\u00f3stico de lluvias puntuales extraordinarias en Guerrero, e intensas en Oaxaca. Mantiene su trayectoria hacia las costas de Guerrero. \u00a0\u00a0\u00a0-Otis originar\u00e1 rachas de viento de 250 a 270 kil\u00f3metros por hora y oleaje de 8 a 10 metros de altura en los litorales de Guerrero y el occidente de Oaxaca. 24 octubre [&hellip;]<\/p>\n","protected":false},"author":1,"featured_media":24251,"comment_status":"closed","ping_status":"closed","sticky":false,"template":"","format":"standard","meta":[],"categories":[7],"tags":[],"_links":{"self":[{"href":"https:\/\/www.diarionoti7.com.mx\/index.php?rest_route=\/wp\/v2\/posts\/24249"}],"collection":[{"href":"https:\/\/www.diarionoti7.com.mx\/index.php?rest_route=\/wp\/v2\/posts"}],"about":[{"href":"https:\/\/www.diarionoti7.com.mx\/index.php?rest_route=\/wp\/v2\/types\/post"}],"author":[{"embeddable":true,"href":"https:\/\/www.diarionoti7.com.mx\/index.php?rest_route=\/wp\/v2\/users\/1"}],"replies":[{"embeddable":true,"href":"https:\/\/www.diarionoti7.com.mx\/index.php?rest_route=%2Fwp%2Fv2%2Fcomments&post=24249"}],"version-history":[{"count":4,"href":"https:\/\/www.diarionoti7.com.mx\/index.php?rest_route=\/wp\/v2\/posts\/24249\/revisions"}],"predecessor-version":[{"id":24254,"href":"https:\/\/www.diarionoti7.com.mx\/index.php?rest_route=\/wp\/v2\/posts\/24249\/revisions\/24254"}],"wp:featuredmedia":[{"embeddable":true,"href":"https:\/\/www.diarionoti7.com.mx\/index.php?rest_route=\/wp\/v2\/media\/24251"}],"wp:attachment":[{"href":"https:\/\/www.diarionoti7.com.mx\/index.php?rest_route=%2Fwp%2Fv2%2Fmedia&parent=24249"}],"wp:term":[{"taxonomy":"category","embeddable":true,"href":"https:\/\/www.diarionoti7.com.mx\/index.php?rest_route=%2Fwp%2Fv2%2Fcategories&post=24249"},{"taxonomy":"post_tag","embeddable":true,"href":"https:\/\/www.diarionoti7.com.mx\/index.php?rest_route=%2Fwp%2Fv2%2Ftags&post=24249"}],"curies":[{"name":"wp","href":"https:\/\/api.w.org\/{rel}","templated":true}]}}