{"id":24237,"date":"2023-10-25T18:01:29","date_gmt":"2023-10-25T18:01:29","guid":{"rendered":"https:\/\/www.diarionoti7.com.mx\/?p=24237"},"modified":"2023-10-25T18:02:33","modified_gmt":"2023-10-25T18:02:33","slug":"arranca-segunda-edicion-reciclando-transformamos-hidalgo","status":"publish","type":"post","link":"https:\/\/www.diarionoti7.com.mx\/?p=24237","title":{"rendered":"Arranca Segunda Edici\u00f3n \u201cReciclando Transformamos Hidalgo\u201d"},"content":{"rendered":"\t\t<div data-elementor-type=\"wp-post\" data-elementor-id=\"24237\" class=\"elementor elementor-24237\">\n\t\t\t\t\t\t\t\t\t<section class=\"elementor-section elementor-top-section elementor-element elementor-element-c09b8f0 elementor-section-boxed elementor-section-height-default elementor-section-height-default\" data-id=\"c09b8f0\" data-element_type=\"section\">\n\t\t\t\t\t\t<div class=\"elementor-container elementor-column-gap-default\">\n\t\t\t\t\t<div class=\"elementor-column elementor-col-100 elementor-top-column elementor-element elementor-element-955a561\" data-id=\"955a561\" data-element_type=\"column\">\n\t\t\t<div class=\"elementor-widget-wrap elementor-element-populated\">\n\t\t\t\t\t\t\t\t<div class=\"elementor-element elementor-element-0ce869c elementor-widget elementor-widget-text-editor\" data-id=\"0ce869c\" data-element_type=\"widget\" data-widget_type=\"text-editor.default\">\n\t\t\t\t<div class=\"elementor-widget-container\">\n\t\t\t<style>\/*! elementor - v3.10.2 - 29-01-2023 *\/\n.elementor-widget-text-editor.elementor-drop-cap-view-stacked .elementor-drop-cap{background-color:#818a91;color:#fff}.elementor-widget-text-editor.elementor-drop-cap-view-framed .elementor-drop-cap{color:#818a91;border:3px solid;background-color:transparent}.elementor-widget-text-editor:not(.elementor-drop-cap-view-default) .elementor-drop-cap{margin-top:8px}.elementor-widget-text-editor:not(.elementor-drop-cap-view-default) .elementor-drop-cap-letter{width:1em;height:1em}.elementor-widget-text-editor .elementor-drop-cap{float:left;text-align:center;line-height:1;font-size:50px}.elementor-widget-text-editor .elementor-drop-cap-letter{display:inline-block}<\/style>\t\t\t\t<p><strong>-En esta ocasi\u00f3n, la campa\u00f1a de acopio de residuos <\/strong><\/p><p><strong>-tendr\u00e1 tres sedes: Pachuca, Huejutla y Tula<\/strong><\/p><p><strong>-Las personas interesadas podr\u00e1n acudir en un horario de 9:00 a 16:00 horas, todos los d\u00edas, a partir del 25 y hasta el 31 de octubre<\/strong><\/p><p><strong>Pachuca, Hgo., 24 de octubre de 2023.-<\/strong>La Secretar\u00eda de Medio Ambiente y Recursos Naturales de Hidalgo (Semarnath), anunci\u00f3 el arranque de la segunda edici\u00f3n del programa \u201cReciclando Transformamos Hidalgo\u201d, que tiene el objetivo de concientizar a la ciudadan\u00eda en general sobre la importancia en la separaci\u00f3n de sus residuos.<\/p><p>Esta edici\u00f3n contar\u00e1 con tres sedes; la primera en el Parque Ecol\u00f3gico Cubitos, en la calle Vicente Segura No. 100, colonia Adolfo L\u00f3pez Mateos en Pachuca; la segunda en Tula de Allende, en el estacionamiento de la Semarnath, dentro de la Plaza San Carlos en el Boulevard Tula Iturbe 106, colonia El Salitre; y la tercera en el municipio de Huejutla, en la Plaza Independencia de la colonia Centro.<\/p><p>En los tres puntos se recibir\u00e1 papel, cart\u00f3n, electr\u00f3nicos y electrodom\u00e9sticos, todos los d\u00edas, a partir del 25 y hasta el 31 de octubre, en un horario de 9:00 a 16:00 horas. En el caso del papel y el cart\u00f3n, deber\u00e1 ir seco, sin grapa o broches.<\/p><p>Esta iniciativa busca involucrar a la ciudadan\u00eda hidalguense en la correcta disposici\u00f3n final de residuos s\u00f3lidos urbanos y brindar alternativas amigables con el medio ambiente para que dichos materiales sean reintegrados a la din\u00e1mica de producci\u00f3n, y contribuir as\u00ed al desarrollo de una econom\u00eda circular.<\/p>\t\t\t\t\t\t<\/div>\n\t\t\t\t<\/div>\n\t\t\t\t\t<\/div>\n\t\t<\/div>\n\t\t\t\t\t\t\t<\/div>\n\t\t<\/section>\n\t\t\t\t\t\t\t<\/div>\n\t\t","protected":false},"excerpt":{"rendered":"<p>-En esta ocasi\u00f3n, la campa\u00f1a de acopio de residuos -tendr\u00e1 tres sedes: Pachuca, Huejutla y Tula -Las personas interesadas podr\u00e1n acudir en un horario de 9:00 a 16:00 horas, todos los d\u00edas, a partir del 25 y hasta el 31 de octubre Pachuca, Hgo., 24 de octubre de 2023.-La Secretar\u00eda de Medio Ambiente y Recursos [&hellip;]<\/p>\n","protected":false},"author":1,"featured_media":24239,"comment_status":"closed","ping_status":"closed","sticky":false,"template":"","format":"standard","meta":[],"categories":[7],"tags":[],"_links":{"self":[{"href":"https:\/\/www.diarionoti7.com.mx\/index.php?rest_route=\/wp\/v2\/posts\/24237"}],"collection":[{"href":"https:\/\/www.diarionoti7.com.mx\/index.php?rest_route=\/wp\/v2\/posts"}],"about":[{"href":"https:\/\/www.diarionoti7.com.mx\/index.php?rest_route=\/wp\/v2\/types\/post"}],"author":[{"embeddable":true,"href":"https:\/\/www.diarionoti7.com.mx\/index.php?rest_route=\/wp\/v2\/users\/1"}],"replies":[{"embeddable":true,"href":"https:\/\/www.diarionoti7.com.mx\/index.php?rest_route=%2Fwp%2Fv2%2Fcomments&post=24237"}],"version-history":[{"count":4,"href":"https:\/\/www.diarionoti7.com.mx\/index.php?rest_route=\/wp\/v2\/posts\/24237\/revisions"}],"predecessor-version":[{"id":24242,"href":"https:\/\/www.diarionoti7.com.mx\/index.php?rest_route=\/wp\/v2\/posts\/24237\/revisions\/24242"}],"wp:featuredmedia":[{"embeddable":true,"href":"https:\/\/www.diarionoti7.com.mx\/index.php?rest_route=\/wp\/v2\/media\/24239"}],"wp:attachment":[{"href":"https:\/\/www.diarionoti7.com.mx\/index.php?rest_route=%2Fwp%2Fv2%2Fmedia&parent=24237"}],"wp:term":[{"taxonomy":"category","embeddable":true,"href":"https:\/\/www.diarionoti7.com.mx\/index.php?rest_route=%2Fwp%2Fv2%2Fcategories&post=24237"},{"taxonomy":"post_tag","embeddable":true,"href":"https:\/\/www.diarionoti7.com.mx\/index.php?rest_route=%2Fwp%2Fv2%2Ftags&post=24237"}],"curies":[{"name":"wp","href":"https:\/\/api.w.org\/{rel}","templated":true}]}}