{"id":24225,"date":"2023-10-25T17:59:07","date_gmt":"2023-10-25T17:59:07","guid":{"rendered":"https:\/\/www.diarionoti7.com.mx\/?p=24225"},"modified":"2023-10-25T18:00:00","modified_gmt":"2023-10-25T18:00:00","slug":"futuros-medicos-de-la-uiceh-inician-practicas-en-la-otomi-tepehua","status":"publish","type":"post","link":"https:\/\/www.diarionoti7.com.mx\/?p=24225","title":{"rendered":"Futuros M\u00e9dicos de la UICEH Inician Pr\u00e1cticas en la Otom\u00ed-Tepehua"},"content":{"rendered":"\t\t<div data-elementor-type=\"wp-post\" data-elementor-id=\"24225\" class=\"elementor elementor-24225\">\n\t\t\t\t\t\t\t\t\t<section class=\"elementor-section elementor-top-section elementor-element elementor-element-c09b8f0 elementor-section-boxed elementor-section-height-default elementor-section-height-default\" data-id=\"c09b8f0\" data-element_type=\"section\">\n\t\t\t\t\t\t<div class=\"elementor-container elementor-column-gap-default\">\n\t\t\t\t\t<div class=\"elementor-column elementor-col-100 elementor-top-column elementor-element elementor-element-955a561\" data-id=\"955a561\" data-element_type=\"column\">\n\t\t\t<div class=\"elementor-widget-wrap elementor-element-populated\">\n\t\t\t\t\t\t\t\t<div class=\"elementor-element elementor-element-0ce869c elementor-widget elementor-widget-text-editor\" data-id=\"0ce869c\" data-element_type=\"widget\" data-widget_type=\"text-editor.default\">\n\t\t\t\t<div class=\"elementor-widget-container\">\n\t\t\t<style>\/*! elementor - v3.10.2 - 29-01-2023 *\/\n.elementor-widget-text-editor.elementor-drop-cap-view-stacked .elementor-drop-cap{background-color:#818a91;color:#fff}.elementor-widget-text-editor.elementor-drop-cap-view-framed .elementor-drop-cap{color:#818a91;border:3px solid;background-color:transparent}.elementor-widget-text-editor:not(.elementor-drop-cap-view-default) .elementor-drop-cap{margin-top:8px}.elementor-widget-text-editor:not(.elementor-drop-cap-view-default) .elementor-drop-cap-letter{width:1em;height:1em}.elementor-widget-text-editor .elementor-drop-cap{float:left;text-align:center;line-height:1;font-size:50px}.elementor-widget-text-editor .elementor-drop-cap-letter{display:inline-block}<\/style>\t\t\t\t<p><strong>-Primera generaci\u00f3n recibe simb\u00f3licamente \u201cbatas blancas\u201d<\/strong><\/p><p><strong>Pachuca, Hgo., 24 de octubre de 2023.-<\/strong>Durante las actividades por el D\u00eda del M\u00e9dico, la Universidad Intercultural del Estado de Hidalgo (UICEH) celebr\u00f3 la ceremonia de entrega de \u201cbatas blancas\u201d a 28 estudiantes de la licenciatura de M\u00e9dico Cirujano, evento que marca la incursi\u00f3n de los futuros profesionistas a desarrollar sus pr\u00e1cticas cl\u00ednicas en instituciones de salud de la regi\u00f3n Otom\u00ed-Tepehua.<\/p><p>Con la entrega simb\u00f3lica del distintivo a los alumnos de tercer semestre, el gobierno de Hidalgo que encabeza Julio Menchaca Salazar contribuye con la formaci\u00f3n profesional de las y los j\u00f3venes, proyecto que impulsa conjuntamente el secretario de Educaci\u00f3n P\u00fablica del estado, Natividad Castrej\u00f3n Valdez, quien est\u00e1 convencido de que \u201csolo con educaci\u00f3n hay transformaci\u00f3n\u201d.<\/p><p>En representaci\u00f3n de las autoridades de la instituci\u00f3n educativa, Ros\u00e1ngela \u00c1vila Dom\u00ednguez, docente de la UICEH, destac\u00f3 que la \u201cbata blanca\u201d es un distintivo simb\u00f3lico que debe generar una sensaci\u00f3n de seriedad, respeto y responsabilidad, para que los futuros m\u00e9dicos asuman el compromiso de brindar atenci\u00f3n de calidad con los mejores conocimientos, esfuerzo y dedicaci\u00f3n humanista.<\/p><p>Erick Mendoza Hern\u00e1ndez, alcalde de Tenango de Doria, resalt\u00f3 ante la comunidad estudiantil y padres de familia, la importancia de formar una nueva generaci\u00f3n de profesionistas comprometidos con la salud de las y los habitantes del municipio y la regi\u00f3n Otom\u00ed\u2013Tepehua.<\/p><p>La estudiante Luna Alely Vigueras Gayosso comparti\u00f3 una reflexi\u00f3n en lengua Tepehua donde invit\u00f3 a sus compa\u00f1eros a brindar una atenci\u00f3n m\u00e9dica con actitud de inter\u00e9s y respeto por los pacientes.<\/p><p>Estudiantes de la licenciatura en Arte y Dise\u00f1o Digital se sumaron al reconocimiento del D\u00eda del M\u00e9dico y presentaron una exposici\u00f3n fotogr\u00e1fica colectiva denominada \u201cSanando el Alma: m\u00e9dicos tradicionales de la Sierra Otom\u00ed\u2013Tepehua\u201d, donde se muestra la importancia de las plantas medicinales en las regiones ind\u00edgenas de Hidalgo.<\/p><p>Al evento asisti\u00f3 el encargado de la rector\u00eda de la UICEH, Gabriel Galv\u00e1n Pardo; en representaci\u00f3n de la subsecretaria de Salud P\u00fablica, Linda Vanessa Aguilar Jim\u00e9nez, acudi\u00f3 Pablo Oscar Romero Islas, as\u00ed como el subdirector de Epidemiolog\u00eda, Eduardo Bustos V\u00e1zquez.<\/p>\t\t\t\t\t\t<\/div>\n\t\t\t\t<\/div>\n\t\t\t\t\t<\/div>\n\t\t<\/div>\n\t\t\t\t\t\t\t<\/div>\n\t\t<\/section>\n\t\t\t\t\t\t\t<\/div>\n\t\t","protected":false},"excerpt":{"rendered":"<p>-Primera generaci\u00f3n recibe simb\u00f3licamente \u201cbatas blancas\u201d Pachuca, Hgo., 24 de octubre de 2023.-Durante las actividades por el D\u00eda del M\u00e9dico, la Universidad Intercultural del Estado de Hidalgo (UICEH) celebr\u00f3 la ceremonia de entrega de \u201cbatas blancas\u201d a 28 estudiantes de la licenciatura de M\u00e9dico Cirujano, evento que marca la incursi\u00f3n de los futuros profesionistas a [&hellip;]<\/p>\n","protected":false},"author":1,"featured_media":24227,"comment_status":"closed","ping_status":"closed","sticky":false,"template":"","format":"standard","meta":[],"categories":[5],"tags":[],"_links":{"self":[{"href":"https:\/\/www.diarionoti7.com.mx\/index.php?rest_route=\/wp\/v2\/posts\/24225"}],"collection":[{"href":"https:\/\/www.diarionoti7.com.mx\/index.php?rest_route=\/wp\/v2\/posts"}],"about":[{"href":"https:\/\/www.diarionoti7.com.mx\/index.php?rest_route=\/wp\/v2\/types\/post"}],"author":[{"embeddable":true,"href":"https:\/\/www.diarionoti7.com.mx\/index.php?rest_route=\/wp\/v2\/users\/1"}],"replies":[{"embeddable":true,"href":"https:\/\/www.diarionoti7.com.mx\/index.php?rest_route=%2Fwp%2Fv2%2Fcomments&post=24225"}],"version-history":[{"count":4,"href":"https:\/\/www.diarionoti7.com.mx\/index.php?rest_route=\/wp\/v2\/posts\/24225\/revisions"}],"predecessor-version":[{"id":24230,"href":"https:\/\/www.diarionoti7.com.mx\/index.php?rest_route=\/wp\/v2\/posts\/24225\/revisions\/24230"}],"wp:featuredmedia":[{"embeddable":true,"href":"https:\/\/www.diarionoti7.com.mx\/index.php?rest_route=\/wp\/v2\/media\/24227"}],"wp:attachment":[{"href":"https:\/\/www.diarionoti7.com.mx\/index.php?rest_route=%2Fwp%2Fv2%2Fmedia&parent=24225"}],"wp:term":[{"taxonomy":"category","embeddable":true,"href":"https:\/\/www.diarionoti7.com.mx\/index.php?rest_route=%2Fwp%2Fv2%2Fcategories&post=24225"},{"taxonomy":"post_tag","embeddable":true,"href":"https:\/\/www.diarionoti7.com.mx\/index.php?rest_route=%2Fwp%2Fv2%2Ftags&post=24225"}],"curies":[{"name":"wp","href":"https:\/\/api.w.org\/{rel}","templated":true}]}}