{"id":24189,"date":"2023-10-25T17:43:18","date_gmt":"2023-10-25T17:43:18","guid":{"rendered":"https:\/\/www.diarionoti7.com.mx\/?p=24189"},"modified":"2023-10-25T17:46:57","modified_gmt":"2023-10-25T17:46:57","slug":"organiza-cardonal-sexto-festival-de-dia-de-muertos","status":"publish","type":"post","link":"https:\/\/www.diarionoti7.com.mx\/?p=24189","title":{"rendered":"Organiza Cardonal Sexto Festival de D\u00eda de Muertos"},"content":{"rendered":"\t\t<div data-elementor-type=\"wp-post\" data-elementor-id=\"24189\" class=\"elementor elementor-24189\">\n\t\t\t\t\t\t\t\t\t<section class=\"elementor-section elementor-top-section elementor-element elementor-element-c09b8f0 elementor-section-boxed elementor-section-height-default elementor-section-height-default\" data-id=\"c09b8f0\" data-element_type=\"section\">\n\t\t\t\t\t\t<div class=\"elementor-container elementor-column-gap-default\">\n\t\t\t\t\t<div class=\"elementor-column elementor-col-100 elementor-top-column elementor-element elementor-element-955a561\" data-id=\"955a561\" data-element_type=\"column\">\n\t\t\t<div class=\"elementor-widget-wrap elementor-element-populated\">\n\t\t\t\t\t\t\t\t<div class=\"elementor-element elementor-element-0ce869c elementor-widget elementor-widget-text-editor\" data-id=\"0ce869c\" data-element_type=\"widget\" data-widget_type=\"text-editor.default\">\n\t\t\t\t<div class=\"elementor-widget-container\">\n\t\t\t<style>\/*! elementor - v3.10.2 - 29-01-2023 *\/\n.elementor-widget-text-editor.elementor-drop-cap-view-stacked .elementor-drop-cap{background-color:#818a91;color:#fff}.elementor-widget-text-editor.elementor-drop-cap-view-framed .elementor-drop-cap{color:#818a91;border:3px solid;background-color:transparent}.elementor-widget-text-editor:not(.elementor-drop-cap-view-default) .elementor-drop-cap{margin-top:8px}.elementor-widget-text-editor:not(.elementor-drop-cap-view-default) .elementor-drop-cap-letter{width:1em;height:1em}.elementor-widget-text-editor .elementor-drop-cap{float:left;text-align:center;line-height:1;font-size:50px}.elementor-widget-text-editor .elementor-drop-cap-letter{display:inline-block}<\/style>\t\t\t\t<p><strong>*Se realizar\u00e1 el 28 de octubre en la cabecera municipal<\/strong><\/p><p><strong>Pachuca, Hgo. 24 de octubre de 2023.-<\/strong>El Cardonal se sum\u00f3 a las celebraciones alusivas a \u201cTodos Santos\u201d en Hidalgo, a trav\u00e9s de la realizaci\u00f3n del sexto \u201cFestival de D\u00eda de Muertos\u201d que se llevar\u00e1 a cabo el pr\u00f3ximo 28 de octubre, en este pintoresco municipio.<\/p><p>Durante la presentaci\u00f3n del evento en el Pabell\u00f3n Tur\u00edstico de la Feria San Francisco Pachuca Hidalgo 2023, Sa\u00fal Olvera S\u00e1nchez, delegado municipal y promotor del festival, indic\u00f3 que dicha actividad pretende conservar y promover esta tradici\u00f3n, especialmente entre las generaciones m\u00e1s j\u00f3venes, para que puedan conocer sus ra\u00edces mexicanas de una manera l\u00fadica y divertida.<\/p><p>&#8220;Este a\u00f1o, el festival celebra su sexta edici\u00f3n y se ha convertido en un evento emblem\u00e1tico que busca honrar las tradiciones ancestrales y recordar a los seres queridos que han partido&#8221;, dijo.<\/p><p>Iv\u00e1n Lobo, coordinador general, inform\u00f3 que el programa de actividades incluye la colocaci\u00f3n de una ofrenda en el kiosco del pueblo, un desfile de \u201ccatrincitas y catrincitos\u201d, donde se busca que las ni\u00f1as y ni\u00f1os muestren su creatividad en esta tradici\u00f3n mexicana.<\/p><p>Por su parte, la subdelegada, Karina Guti\u00e9rrez, indic\u00f3 que en la parte cultural se tiene programado un cuentacuentos, en voz de Mario \u00c1ngeles Herrera.<\/p><p>\u201cTambi\u00e9n se desarrollar\u00e1 el concierto del Se\u00f1or Catr\u00edn, la participaci\u00f3n de ni\u00f1as y ni\u00f1os xantoleritos de Cuestablanca y una ofrenda simb\u00f3lica en el mega altar&#8221;, detall\u00f3.<\/p><p>Finalmente, los organizadores explicaron que habr\u00e1 un recorrido nocturno acompa\u00f1ado del convivio general y una huapangueada con el tr\u00edo Los Fuego, para terminar la noche con la vibrante energ\u00eda de la m\u00fasica tradicional mexicana.<\/p><p>Invitaron a todas las personas a participar en este evento &#8220;que celebra nuestras ra\u00edces, tradiciones y la memoria de nuestros seres queridos\u201d.<\/p>\t\t\t\t\t\t<\/div>\n\t\t\t\t<\/div>\n\t\t\t\t\t<\/div>\n\t\t<\/div>\n\t\t\t\t\t\t\t<\/div>\n\t\t<\/section>\n\t\t\t\t\t\t\t<\/div>\n\t\t","protected":false},"excerpt":{"rendered":"<p>*Se realizar\u00e1 el 28 de octubre en la cabecera municipal Pachuca, Hgo. 24 de octubre de 2023.-El Cardonal se sum\u00f3 a las celebraciones alusivas a \u201cTodos Santos\u201d en Hidalgo, a trav\u00e9s de la realizaci\u00f3n del sexto \u201cFestival de D\u00eda de Muertos\u201d que se llevar\u00e1 a cabo el pr\u00f3ximo 28 de octubre, en este pintoresco municipio. [&hellip;]<\/p>\n","protected":false},"author":1,"featured_media":24191,"comment_status":"closed","ping_status":"closed","sticky":false,"template":"","format":"standard","meta":[],"categories":[9],"tags":[],"_links":{"self":[{"href":"https:\/\/www.diarionoti7.com.mx\/index.php?rest_route=\/wp\/v2\/posts\/24189"}],"collection":[{"href":"https:\/\/www.diarionoti7.com.mx\/index.php?rest_route=\/wp\/v2\/posts"}],"about":[{"href":"https:\/\/www.diarionoti7.com.mx\/index.php?rest_route=\/wp\/v2\/types\/post"}],"author":[{"embeddable":true,"href":"https:\/\/www.diarionoti7.com.mx\/index.php?rest_route=\/wp\/v2\/users\/1"}],"replies":[{"embeddable":true,"href":"https:\/\/www.diarionoti7.com.mx\/index.php?rest_route=%2Fwp%2Fv2%2Fcomments&post=24189"}],"version-history":[{"count":4,"href":"https:\/\/www.diarionoti7.com.mx\/index.php?rest_route=\/wp\/v2\/posts\/24189\/revisions"}],"predecessor-version":[{"id":24194,"href":"https:\/\/www.diarionoti7.com.mx\/index.php?rest_route=\/wp\/v2\/posts\/24189\/revisions\/24194"}],"wp:featuredmedia":[{"embeddable":true,"href":"https:\/\/www.diarionoti7.com.mx\/index.php?rest_route=\/wp\/v2\/media\/24191"}],"wp:attachment":[{"href":"https:\/\/www.diarionoti7.com.mx\/index.php?rest_route=%2Fwp%2Fv2%2Fmedia&parent=24189"}],"wp:term":[{"taxonomy":"category","embeddable":true,"href":"https:\/\/www.diarionoti7.com.mx\/index.php?rest_route=%2Fwp%2Fv2%2Fcategories&post=24189"},{"taxonomy":"post_tag","embeddable":true,"href":"https:\/\/www.diarionoti7.com.mx\/index.php?rest_route=%2Fwp%2Fv2%2Ftags&post=24189"}],"curies":[{"name":"wp","href":"https:\/\/api.w.org\/{rel}","templated":true}]}}