{"id":24183,"date":"2023-10-25T17:42:14","date_gmt":"2023-10-25T17:42:14","guid":{"rendered":"https:\/\/www.diarionoti7.com.mx\/?p=24183"},"modified":"2023-10-25T17:43:03","modified_gmt":"2023-10-25T17:43:03","slug":"todo-listo-para-el-31-de-octubre-desfile-de-catrinas-y-catrines-en-tulancingo","status":"publish","type":"post","link":"https:\/\/www.diarionoti7.com.mx\/?p=24183","title":{"rendered":"Todo Listo Para el  31 de Octubre Desfile de Catrinas y Catrines en Tulancingo"},"content":{"rendered":"\t\t<div data-elementor-type=\"wp-post\" data-elementor-id=\"24183\" class=\"elementor elementor-24183\">\n\t\t\t\t\t\t\t\t\t<section class=\"elementor-section elementor-top-section elementor-element elementor-element-c09b8f0 elementor-section-boxed elementor-section-height-default elementor-section-height-default\" data-id=\"c09b8f0\" data-element_type=\"section\">\n\t\t\t\t\t\t<div class=\"elementor-container elementor-column-gap-default\">\n\t\t\t\t\t<div class=\"elementor-column elementor-col-100 elementor-top-column elementor-element elementor-element-955a561\" data-id=\"955a561\" data-element_type=\"column\">\n\t\t\t<div class=\"elementor-widget-wrap elementor-element-populated\">\n\t\t\t\t\t\t\t\t<div class=\"elementor-element elementor-element-0ce869c elementor-widget elementor-widget-text-editor\" data-id=\"0ce869c\" data-element_type=\"widget\" data-widget_type=\"text-editor.default\">\n\t\t\t\t<div class=\"elementor-widget-container\">\n\t\t\t<style>\/*! elementor - v3.10.2 - 29-01-2023 *\/\n.elementor-widget-text-editor.elementor-drop-cap-view-stacked .elementor-drop-cap{background-color:#818a91;color:#fff}.elementor-widget-text-editor.elementor-drop-cap-view-framed .elementor-drop-cap{color:#818a91;border:3px solid;background-color:transparent}.elementor-widget-text-editor:not(.elementor-drop-cap-view-default) .elementor-drop-cap{margin-top:8px}.elementor-widget-text-editor:not(.elementor-drop-cap-view-default) .elementor-drop-cap-letter{width:1em;height:1em}.elementor-widget-text-editor .elementor-drop-cap{float:left;text-align:center;line-height:1;font-size:50px}.elementor-widget-text-editor .elementor-drop-cap-letter{display:inline-block}<\/style>\t\t\t\t<p><strong>Tulancingo, Hgo., 24 de octubre de 2023.-<\/strong>Dentro de las once actividades que conforman la agenda del D\u00eda de Muertos 2023, que organiza el Gobierno Municipal de Tulancingo, una de las m\u00e1s esperadas es el desfile de catrinas y catrines que tendr\u00e1 verificativo el mi\u00e9rcoles 31 de octubre.<\/p><p>Se inform\u00f3 que en punto de las 18:00 horas, el contingente saldr\u00e1 del cruce entre la calzada 5 de mayo y calle Libertad para culminar en La Floresta.<\/p><p>Se anticipa un evento con gran colorido y majestuosidad, que contar\u00e1 con la participaci\u00f3n de instituciones educativas, asociaciones civiles y charros.<\/p><p>Cabe mencionar que cada a\u00f1o se ha avanzado en el contenido tem\u00e1tico y para esta edici\u00f3n, nuevamente las catrinas y catrines tomar\u00e1n las calles, previo al d\u00eda de muertos.<\/p><p>El presidente Jorge M\u00e1rquez Alvarado apoya decididamente para que toda la agenda de D\u00eda de Muertos tenga mucho por ofrecer a locales y visitantes.<\/p><p>Uno de los ingredientes principales del desfile de este 31 de octubre, ser\u00e1 la creatividad, donde la catrina ser\u00e1 la protagonista de esta gran fiesta, en donde el amor de los antepasados late fuerte en los corazones.<\/p><p>Es as\u00ed como nuevamente Tulancingo se refrenda como una ciudad m\u00edstica y extraordinaria que preserva con orgullo las costumbres y ense\u00f1anzas de nuestros antepasados.<\/p>\t\t\t\t\t\t<\/div>\n\t\t\t\t<\/div>\n\t\t\t\t\t<\/div>\n\t\t<\/div>\n\t\t\t\t\t\t\t<\/div>\n\t\t<\/section>\n\t\t\t\t\t\t\t<\/div>\n\t\t","protected":false},"excerpt":{"rendered":"<p>Tulancingo, Hgo., 24 de octubre de 2023.-Dentro de las once actividades que conforman la agenda del D\u00eda de Muertos 2023, que organiza el Gobierno Municipal de Tulancingo, una de las m\u00e1s esperadas es el desfile de catrinas y catrines que tendr\u00e1 verificativo el mi\u00e9rcoles 31 de octubre. Se inform\u00f3 que en punto de las 18:00 [&hellip;]<\/p>\n","protected":false},"author":1,"featured_media":24185,"comment_status":"closed","ping_status":"closed","sticky":false,"template":"","format":"standard","meta":[],"categories":[9],"tags":[],"_links":{"self":[{"href":"https:\/\/www.diarionoti7.com.mx\/index.php?rest_route=\/wp\/v2\/posts\/24183"}],"collection":[{"href":"https:\/\/www.diarionoti7.com.mx\/index.php?rest_route=\/wp\/v2\/posts"}],"about":[{"href":"https:\/\/www.diarionoti7.com.mx\/index.php?rest_route=\/wp\/v2\/types\/post"}],"author":[{"embeddable":true,"href":"https:\/\/www.diarionoti7.com.mx\/index.php?rest_route=\/wp\/v2\/users\/1"}],"replies":[{"embeddable":true,"href":"https:\/\/www.diarionoti7.com.mx\/index.php?rest_route=%2Fwp%2Fv2%2Fcomments&post=24183"}],"version-history":[{"count":4,"href":"https:\/\/www.diarionoti7.com.mx\/index.php?rest_route=\/wp\/v2\/posts\/24183\/revisions"}],"predecessor-version":[{"id":24188,"href":"https:\/\/www.diarionoti7.com.mx\/index.php?rest_route=\/wp\/v2\/posts\/24183\/revisions\/24188"}],"wp:featuredmedia":[{"embeddable":true,"href":"https:\/\/www.diarionoti7.com.mx\/index.php?rest_route=\/wp\/v2\/media\/24185"}],"wp:attachment":[{"href":"https:\/\/www.diarionoti7.com.mx\/index.php?rest_route=%2Fwp%2Fv2%2Fmedia&parent=24183"}],"wp:term":[{"taxonomy":"category","embeddable":true,"href":"https:\/\/www.diarionoti7.com.mx\/index.php?rest_route=%2Fwp%2Fv2%2Fcategories&post=24183"},{"taxonomy":"post_tag","embeddable":true,"href":"https:\/\/www.diarionoti7.com.mx\/index.php?rest_route=%2Fwp%2Fv2%2Ftags&post=24183"}],"curies":[{"name":"wp","href":"https:\/\/api.w.org\/{rel}","templated":true}]}}