{"id":24177,"date":"2023-10-25T17:40:40","date_gmt":"2023-10-25T17:40:40","guid":{"rendered":"https:\/\/www.diarionoti7.com.mx\/?p=24177"},"modified":"2023-10-25T17:41:36","modified_gmt":"2023-10-25T17:41:36","slug":"sentencian-a-12-anos-de-prision-a-una-persona-responsable-de-violacion","status":"publish","type":"post","link":"https:\/\/www.diarionoti7.com.mx\/?p=24177","title":{"rendered":"Sentencian a 12 a\u00f1os de prisi\u00f3n a una persona responsable de violaci\u00f3n"},"content":{"rendered":"\t\t<div data-elementor-type=\"wp-post\" data-elementor-id=\"24177\" class=\"elementor elementor-24177\">\n\t\t\t\t\t\t\t\t\t<section class=\"elementor-section elementor-top-section elementor-element elementor-element-c09b8f0 elementor-section-boxed elementor-section-height-default elementor-section-height-default\" data-id=\"c09b8f0\" data-element_type=\"section\">\n\t\t\t\t\t\t<div class=\"elementor-container elementor-column-gap-default\">\n\t\t\t\t\t<div class=\"elementor-column elementor-col-100 elementor-top-column elementor-element elementor-element-955a561\" data-id=\"955a561\" data-element_type=\"column\">\n\t\t\t<div class=\"elementor-widget-wrap elementor-element-populated\">\n\t\t\t\t\t\t\t\t<div class=\"elementor-element elementor-element-0ce869c elementor-widget elementor-widget-text-editor\" data-id=\"0ce869c\" data-element_type=\"widget\" data-widget_type=\"text-editor.default\">\n\t\t\t\t<div class=\"elementor-widget-container\">\n\t\t\t<style>\/*! elementor - v3.10.2 - 29-01-2023 *\/\n.elementor-widget-text-editor.elementor-drop-cap-view-stacked .elementor-drop-cap{background-color:#818a91;color:#fff}.elementor-widget-text-editor.elementor-drop-cap-view-framed .elementor-drop-cap{color:#818a91;border:3px solid;background-color:transparent}.elementor-widget-text-editor:not(.elementor-drop-cap-view-default) .elementor-drop-cap{margin-top:8px}.elementor-widget-text-editor:not(.elementor-drop-cap-view-default) .elementor-drop-cap-letter{width:1em;height:1em}.elementor-widget-text-editor .elementor-drop-cap{float:left;text-align:center;line-height:1;font-size:50px}.elementor-widget-text-editor .elementor-drop-cap-letter{display:inline-block}<\/style>\t\t\t\t<p><strong>Pachuca, Hgo., 24 de octubre de 2023.-<\/strong>Investigaciones a cargo de una agente del Ministerio P\u00fablico adscrita a la Subprocuradur\u00eda de Delitos de G\u00e9nero, Desaparici\u00f3n de Personas e Impacto Social, permitieron que la Procuradur\u00eda General de Justicia del Estado de Hidalgo consiguiera de la autoridad judicial sentencia de 12 a\u00f1os y seis meses de prisi\u00f3n para una persona identificada con iniciales C. S. C. B., por violaci\u00f3n.<\/p><p>Los hechos imputados ocurrieron en Pachuca de Soto, en febrero de 2018, cuando se cometi\u00f3 la agresi\u00f3n sexual que fue denunciada ante el Ministerio P\u00fablico.<\/p><p>Derivado de lo ocurrido, se inici\u00f3 una carpeta de investigaci\u00f3n, misma que fue integrada por agentes del Ministerio P\u00fablico adscritos a la Subprocuradur\u00eda de Delitos de G\u00e9nero, Desaparici\u00f3n de Personas e Impacto Social.<\/p><p>El personal ministerial recab\u00f3 los datos de prueba contra el imputado y los present\u00f3 en audiencia inicial en la que la autoridad judicial dict\u00f3 la vinculaci\u00f3n a proceso para el imputado.<\/p><p>Una vez agotadas las etapas del proceso penal, el pasado 17 de octubre de 2023 se dict\u00f3 fallo condenatorio contra quien result\u00f3 responsable, de iniciales C. S. C. B., por violaci\u00f3n.<\/p><p>Finalmente, durante la audiencia de individualizaci\u00f3n de sanciones, le fue impuesta una pena privativa de la libertad de 12 a\u00f1os y seis meses de prisi\u00f3n, adem\u00e1s de hacerse acreedor a una multa y el pago por concepto de la reparaci\u00f3n del da\u00f1o.<\/p>\t\t\t\t\t\t<\/div>\n\t\t\t\t<\/div>\n\t\t\t\t\t<\/div>\n\t\t<\/div>\n\t\t\t\t\t\t\t<\/div>\n\t\t<\/section>\n\t\t\t\t\t\t\t<\/div>\n\t\t","protected":false},"excerpt":{"rendered":"<p>Pachuca, Hgo., 24 de octubre de 2023.-Investigaciones a cargo de una agente del Ministerio P\u00fablico adscrita a la Subprocuradur\u00eda de Delitos de G\u00e9nero, Desaparici\u00f3n de Personas e Impacto Social, permitieron que la Procuradur\u00eda General de Justicia del Estado de Hidalgo consiguiera de la autoridad judicial sentencia de 12 a\u00f1os y seis meses de prisi\u00f3n para [&hellip;]<\/p>\n","protected":false},"author":1,"featured_media":24179,"comment_status":"closed","ping_status":"closed","sticky":false,"template":"","format":"standard","meta":[],"categories":[22],"tags":[],"_links":{"self":[{"href":"https:\/\/www.diarionoti7.com.mx\/index.php?rest_route=\/wp\/v2\/posts\/24177"}],"collection":[{"href":"https:\/\/www.diarionoti7.com.mx\/index.php?rest_route=\/wp\/v2\/posts"}],"about":[{"href":"https:\/\/www.diarionoti7.com.mx\/index.php?rest_route=\/wp\/v2\/types\/post"}],"author":[{"embeddable":true,"href":"https:\/\/www.diarionoti7.com.mx\/index.php?rest_route=\/wp\/v2\/users\/1"}],"replies":[{"embeddable":true,"href":"https:\/\/www.diarionoti7.com.mx\/index.php?rest_route=%2Fwp%2Fv2%2Fcomments&post=24177"}],"version-history":[{"count":4,"href":"https:\/\/www.diarionoti7.com.mx\/index.php?rest_route=\/wp\/v2\/posts\/24177\/revisions"}],"predecessor-version":[{"id":24182,"href":"https:\/\/www.diarionoti7.com.mx\/index.php?rest_route=\/wp\/v2\/posts\/24177\/revisions\/24182"}],"wp:featuredmedia":[{"embeddable":true,"href":"https:\/\/www.diarionoti7.com.mx\/index.php?rest_route=\/wp\/v2\/media\/24179"}],"wp:attachment":[{"href":"https:\/\/www.diarionoti7.com.mx\/index.php?rest_route=%2Fwp%2Fv2%2Fmedia&parent=24177"}],"wp:term":[{"taxonomy":"category","embeddable":true,"href":"https:\/\/www.diarionoti7.com.mx\/index.php?rest_route=%2Fwp%2Fv2%2Fcategories&post=24177"},{"taxonomy":"post_tag","embeddable":true,"href":"https:\/\/www.diarionoti7.com.mx\/index.php?rest_route=%2Fwp%2Fv2%2Ftags&post=24177"}],"curies":[{"name":"wp","href":"https:\/\/api.w.org\/{rel}","templated":true}]}}