{"id":24151,"date":"2023-10-24T17:06:16","date_gmt":"2023-10-24T17:06:16","guid":{"rendered":"https:\/\/www.diarionoti7.com.mx\/?p=24151"},"modified":"2023-10-24T18:31:57","modified_gmt":"2023-10-24T18:31:57","slug":"participa-hidalgo-en-la-construccion-de-censo-de-personas-desaparecidas","status":"publish","type":"post","link":"https:\/\/www.diarionoti7.com.mx\/?p=24151","title":{"rendered":"Participa Hidalgo en la Construcci\u00f3n de Censo de Personas Desaparecidas"},"content":{"rendered":"\t\t<div data-elementor-type=\"wp-post\" data-elementor-id=\"24151\" class=\"elementor elementor-24151\">\n\t\t\t\t\t\t\t\t\t<section class=\"elementor-section elementor-top-section elementor-element elementor-element-c09b8f0 elementor-section-boxed elementor-section-height-default elementor-section-height-default\" data-id=\"c09b8f0\" data-element_type=\"section\">\n\t\t\t\t\t\t<div class=\"elementor-container elementor-column-gap-default\">\n\t\t\t\t\t<div class=\"elementor-column elementor-col-100 elementor-top-column elementor-element elementor-element-955a561\" data-id=\"955a561\" data-element_type=\"column\">\n\t\t\t<div class=\"elementor-widget-wrap elementor-element-populated\">\n\t\t\t\t\t\t\t\t<div class=\"elementor-element elementor-element-0ce869c elementor-widget elementor-widget-text-editor\" data-id=\"0ce869c\" data-element_type=\"widget\" data-widget_type=\"text-editor.default\">\n\t\t\t\t<div class=\"elementor-widget-container\">\n\t\t\t<style>\/*! elementor - v3.10.2 - 29-01-2023 *\/\n.elementor-widget-text-editor.elementor-drop-cap-view-stacked .elementor-drop-cap{background-color:#818a91;color:#fff}.elementor-widget-text-editor.elementor-drop-cap-view-framed .elementor-drop-cap{color:#818a91;border:3px solid;background-color:transparent}.elementor-widget-text-editor:not(.elementor-drop-cap-view-default) .elementor-drop-cap{margin-top:8px}.elementor-widget-text-editor:not(.elementor-drop-cap-view-default) .elementor-drop-cap-letter{width:1em;height:1em}.elementor-widget-text-editor .elementor-drop-cap{float:left;text-align:center;line-height:1;font-size:50px}.elementor-widget-text-editor .elementor-drop-cap-letter{display:inline-block}<\/style>\t\t\t\t<p><strong>*<\/strong> <strong>Ante el presidente Andr\u00e9s Manuel L\u00f3pez Obrador, el gabinete federal las y los mandatarios estatales, Menchaca Salazar enfatiz\u00f3 el compromiso del gobierno de Hidalgo para incorporar los mecanismos necesarios que permitan establecer protocolos de b\u00fasqueda de personas en calidad de desaparecidas o no localizadas. <\/strong><\/p><p><strong>Ciudad de M\u00e9xico., 23 de octubre de 2023.-<\/strong>Dando continuidad al proceso de construcci\u00f3n de un censo de personas desaparecidas en el pa\u00eds, el gobernador Julio Menchaca Salazar acudi\u00f3 a la reuni\u00f3n convocada por el presidente Andr\u00e9s Manuel L\u00f3pez Obrador, en Palacio Nacional, para avanzar en este programa cuyo objetivo es agilizar los procesos de b\u00fasqueda en todo el territorio mexicano.<\/p><p>Durante dicho encuentro, al que tambi\u00e9n se dieron cita integrantes del gabinete federal, as\u00ed como el resto de las y los mandatarios estatales, Menchaca Salazar enfatiz\u00f3 el compromiso del gobierno de Hidalgo para incorporar los mecanismos necesarios que permitan establecer protocolos de b\u00fasqueda de personas en calidad de desaparecidas o no localizadas.<\/p><p>\u201cEn un acto de justicia social, tanto con las v\u00edctimas como con sus familias, debemos establecer rutas claras que faciliten el intercambio de informaci\u00f3n entre las distintas administraciones estatales, pues sabemos que cuando una persona desaparece, el tiempo es vital\u201d, refiri\u00f3 el gobernador hidalguense.<\/p>\t\t\t\t\t\t<\/div>\n\t\t\t\t<\/div>\n\t\t\t\t\t<\/div>\n\t\t<\/div>\n\t\t\t\t\t\t\t<\/div>\n\t\t<\/section>\n\t\t\t\t\t\t\t<\/div>\n\t\t","protected":false},"excerpt":{"rendered":"<p>* Ante el presidente Andr\u00e9s Manuel L\u00f3pez Obrador, el gabinete federal las y los mandatarios estatales, Menchaca Salazar enfatiz\u00f3 el compromiso del gobierno de Hidalgo para incorporar los mecanismos necesarios que permitan establecer protocolos de b\u00fasqueda de personas en calidad de desaparecidas o no localizadas. Ciudad de M\u00e9xico., 23 de octubre de 2023.-Dando continuidad al [&hellip;]<\/p>\n","protected":false},"author":1,"featured_media":24173,"comment_status":"closed","ping_status":"closed","sticky":false,"template":"","format":"standard","meta":[],"categories":[7],"tags":[],"_links":{"self":[{"href":"https:\/\/www.diarionoti7.com.mx\/index.php?rest_route=\/wp\/v2\/posts\/24151"}],"collection":[{"href":"https:\/\/www.diarionoti7.com.mx\/index.php?rest_route=\/wp\/v2\/posts"}],"about":[{"href":"https:\/\/www.diarionoti7.com.mx\/index.php?rest_route=\/wp\/v2\/types\/post"}],"author":[{"embeddable":true,"href":"https:\/\/www.diarionoti7.com.mx\/index.php?rest_route=\/wp\/v2\/users\/1"}],"replies":[{"embeddable":true,"href":"https:\/\/www.diarionoti7.com.mx\/index.php?rest_route=%2Fwp%2Fv2%2Fcomments&post=24151"}],"version-history":[{"count":10,"href":"https:\/\/www.diarionoti7.com.mx\/index.php?rest_route=\/wp\/v2\/posts\/24151\/revisions"}],"predecessor-version":[{"id":24176,"href":"https:\/\/www.diarionoti7.com.mx\/index.php?rest_route=\/wp\/v2\/posts\/24151\/revisions\/24176"}],"wp:featuredmedia":[{"embeddable":true,"href":"https:\/\/www.diarionoti7.com.mx\/index.php?rest_route=\/wp\/v2\/media\/24173"}],"wp:attachment":[{"href":"https:\/\/www.diarionoti7.com.mx\/index.php?rest_route=%2Fwp%2Fv2%2Fmedia&parent=24151"}],"wp:term":[{"taxonomy":"category","embeddable":true,"href":"https:\/\/www.diarionoti7.com.mx\/index.php?rest_route=%2Fwp%2Fv2%2Fcategories&post=24151"},{"taxonomy":"post_tag","embeddable":true,"href":"https:\/\/www.diarionoti7.com.mx\/index.php?rest_route=%2Fwp%2Fv2%2Ftags&post=24151"}],"curies":[{"name":"wp","href":"https:\/\/api.w.org\/{rel}","templated":true}]}}