{"id":24145,"date":"2023-10-24T17:05:19","date_gmt":"2023-10-24T17:05:19","guid":{"rendered":"https:\/\/www.diarionoti7.com.mx\/?p=24145"},"modified":"2023-10-24T17:06:12","modified_gmt":"2023-10-24T17:06:12","slug":"menchaca-salazar-se-reune-con-la-titular-de-la-sep-analizaron-areas-de-oportunidad-del-sistema-educativo-hidalguense","status":"publish","type":"post","link":"https:\/\/www.diarionoti7.com.mx\/?p=24145","title":{"rendered":"Menchaca Salazar se Re\u00fane con la Titular de la SEP, Analizaron \u00c1reas de Oportunidad del Sistema Educativo Hidalguense"},"content":{"rendered":"\t\t<div data-elementor-type=\"wp-post\" data-elementor-id=\"24145\" class=\"elementor elementor-24145\">\n\t\t\t\t\t\t\t\t\t<section class=\"elementor-section elementor-top-section elementor-element elementor-element-c09b8f0 elementor-section-boxed elementor-section-height-default elementor-section-height-default\" data-id=\"c09b8f0\" data-element_type=\"section\">\n\t\t\t\t\t\t<div class=\"elementor-container elementor-column-gap-default\">\n\t\t\t\t\t<div class=\"elementor-column elementor-col-100 elementor-top-column elementor-element elementor-element-955a561\" data-id=\"955a561\" data-element_type=\"column\">\n\t\t\t<div class=\"elementor-widget-wrap elementor-element-populated\">\n\t\t\t\t\t\t\t\t<div class=\"elementor-element elementor-element-0ce869c elementor-widget elementor-widget-text-editor\" data-id=\"0ce869c\" data-element_type=\"widget\" data-widget_type=\"text-editor.default\">\n\t\t\t\t<div class=\"elementor-widget-container\">\n\t\t\t<style>\/*! elementor - v3.10.2 - 29-01-2023 *\/\n.elementor-widget-text-editor.elementor-drop-cap-view-stacked .elementor-drop-cap{background-color:#818a91;color:#fff}.elementor-widget-text-editor.elementor-drop-cap-view-framed .elementor-drop-cap{color:#818a91;border:3px solid;background-color:transparent}.elementor-widget-text-editor:not(.elementor-drop-cap-view-default) .elementor-drop-cap{margin-top:8px}.elementor-widget-text-editor:not(.elementor-drop-cap-view-default) .elementor-drop-cap-letter{width:1em;height:1em}.elementor-widget-text-editor .elementor-drop-cap{float:left;text-align:center;line-height:1;font-size:50px}.elementor-widget-text-editor .elementor-drop-cap-letter{display:inline-block}<\/style>\t\t\t\t<p><strong>*A partir de este an\u00e1lisis, construir y fortalecer pol\u00edticas p\u00fablicas que garanticen educaci\u00f3n de calidad al servicio del pueblo.\u00a0 <\/strong><\/p><p><strong>Ciudad de M\u00e9xico, 23 de octubre de 2023.-<\/strong>Con el compromiso de fortalecer los lazos de cooperaci\u00f3n en materia educativa entre la federaci\u00f3n y el gobierno de Hidalgo, el mandatario estatal, Julio Menchaca Salazar, sostuvo una reuni\u00f3n de trabajo con la secretaria de Educaci\u00f3n P\u00fablica del Gobierno de M\u00e9xico, Leticia Ram\u00edrez Amaya.<\/p><p>Durante el encuentro, Menchaca Salazar dio a conocer que se analizaron las distintas \u00e1reas de oportunidad al interior del sistema educativo hidalguense, y de este modo, construir y fortalecer pol\u00edticas p\u00fablicas que garanticen educaci\u00f3n de calidad al servicio del pueblo.\u00a0<\/p><p>\u201cEstamos muy contentos de contar con una aliada como la secretaria Leticia Ram\u00edrez, con quien compartimos el compromiso de consolidar los esfuerzos que el presidente, Andr\u00e9s Manuel L\u00f3pez Obrador, ha impulsado en favor de la formaci\u00f3n de miles de ni\u00f1as, ni\u00f1os y adolescentes. En Hidalgo avanzamos a paso firme, sabiendo que la educaci\u00f3n es la palanca de la transformaci\u00f3n\u201d, asever\u00f3 el gobernador.<\/p>\t\t\t\t\t\t<\/div>\n\t\t\t\t<\/div>\n\t\t\t\t\t<\/div>\n\t\t<\/div>\n\t\t\t\t\t\t\t<\/div>\n\t\t<\/section>\n\t\t\t\t\t\t\t<\/div>\n\t\t","protected":false},"excerpt":{"rendered":"<p>*A partir de este an\u00e1lisis, construir y fortalecer pol\u00edticas p\u00fablicas que garanticen educaci\u00f3n de calidad al servicio del pueblo.\u00a0 Ciudad de M\u00e9xico, 23 de octubre de 2023.-Con el compromiso de fortalecer los lazos de cooperaci\u00f3n en materia educativa entre la federaci\u00f3n y el gobierno de Hidalgo, el mandatario estatal, Julio Menchaca Salazar, sostuvo una reuni\u00f3n [&hellip;]<\/p>\n","protected":false},"author":1,"featured_media":24147,"comment_status":"closed","ping_status":"closed","sticky":false,"template":"","format":"standard","meta":[],"categories":[7],"tags":[],"_links":{"self":[{"href":"https:\/\/www.diarionoti7.com.mx\/index.php?rest_route=\/wp\/v2\/posts\/24145"}],"collection":[{"href":"https:\/\/www.diarionoti7.com.mx\/index.php?rest_route=\/wp\/v2\/posts"}],"about":[{"href":"https:\/\/www.diarionoti7.com.mx\/index.php?rest_route=\/wp\/v2\/types\/post"}],"author":[{"embeddable":true,"href":"https:\/\/www.diarionoti7.com.mx\/index.php?rest_route=\/wp\/v2\/users\/1"}],"replies":[{"embeddable":true,"href":"https:\/\/www.diarionoti7.com.mx\/index.php?rest_route=%2Fwp%2Fv2%2Fcomments&post=24145"}],"version-history":[{"count":4,"href":"https:\/\/www.diarionoti7.com.mx\/index.php?rest_route=\/wp\/v2\/posts\/24145\/revisions"}],"predecessor-version":[{"id":24150,"href":"https:\/\/www.diarionoti7.com.mx\/index.php?rest_route=\/wp\/v2\/posts\/24145\/revisions\/24150"}],"wp:featuredmedia":[{"embeddable":true,"href":"https:\/\/www.diarionoti7.com.mx\/index.php?rest_route=\/wp\/v2\/media\/24147"}],"wp:attachment":[{"href":"https:\/\/www.diarionoti7.com.mx\/index.php?rest_route=%2Fwp%2Fv2%2Fmedia&parent=24145"}],"wp:term":[{"taxonomy":"category","embeddable":true,"href":"https:\/\/www.diarionoti7.com.mx\/index.php?rest_route=%2Fwp%2Fv2%2Fcategories&post=24145"},{"taxonomy":"post_tag","embeddable":true,"href":"https:\/\/www.diarionoti7.com.mx\/index.php?rest_route=%2Fwp%2Fv2%2Ftags&post=24145"}],"curies":[{"name":"wp","href":"https:\/\/api.w.org\/{rel}","templated":true}]}}