{"id":24118,"date":"2023-10-24T16:56:46","date_gmt":"2023-10-24T16:56:46","guid":{"rendered":"https:\/\/www.diarionoti7.com.mx\/?p=24118"},"modified":"2023-10-24T17:00:21","modified_gmt":"2023-10-24T17:00:21","slug":"finalizo-la-feria-san-francisco-pachuca-hidalgo-edicion-2023-una-celebracion-inclusiva-e-innovadora","status":"publish","type":"post","link":"https:\/\/www.diarionoti7.com.mx\/?p=24118","title":{"rendered":"Finaliz\u00f3 la Feria San Francisco Pachuca Hidalgo, edici\u00f3n 2023, Una Celebraci\u00f3n Inclusiva e Innovadora"},"content":{"rendered":"\t\t<div data-elementor-type=\"wp-post\" data-elementor-id=\"24118\" class=\"elementor elementor-24118\">\n\t\t\t\t\t\t\t\t\t<section class=\"elementor-section elementor-top-section elementor-element elementor-element-f2fa503 elementor-section-boxed elementor-section-height-default elementor-section-height-default\" data-id=\"f2fa503\" data-element_type=\"section\">\n\t\t\t\t\t\t<div class=\"elementor-container elementor-column-gap-default\">\n\t\t\t\t\t<div class=\"elementor-column elementor-col-100 elementor-top-column elementor-element elementor-element-0c1ff7a\" data-id=\"0c1ff7a\" data-element_type=\"column\">\n\t\t\t<div class=\"elementor-widget-wrap elementor-element-populated\">\n\t\t\t\t\t\t\t\t<div class=\"elementor-element elementor-element-7cf48ad elementor-aspect-ratio-169 elementor-widget elementor-widget-video\" data-id=\"7cf48ad\" data-element_type=\"widget\" data-settings=\"{&quot;youtube_url&quot;:&quot;https:\\\/\\\/youtu.be\\\/22ugZgk4Q0k&quot;,&quot;video_type&quot;:&quot;youtube&quot;,&quot;controls&quot;:&quot;yes&quot;,&quot;aspect_ratio&quot;:&quot;169&quot;}\" data-widget_type=\"video.default\">\n\t\t\t\t<div class=\"elementor-widget-container\">\n\t\t\t<style>\/*! elementor - v3.10.2 - 29-01-2023 *\/\n.elementor-widget-video .elementor-widget-container{overflow:hidden;transform:translateZ(0)}.elementor-widget-video .elementor-open-inline .elementor-custom-embed-image-overlay{position:absolute;top:0;left:0;width:100%;height:100%;background-size:cover;background-position:50%}.elementor-widget-video .elementor-custom-embed-image-overlay{cursor:pointer;text-align:center}.elementor-widget-video .elementor-custom-embed-image-overlay:hover .elementor-custom-embed-play i{opacity:1}.elementor-widget-video .elementor-custom-embed-image-overlay img{display:block;width:100%}.elementor-widget-video .e-hosted-video .elementor-video{-o-object-fit:cover;object-fit:cover}.e-con-inner>.elementor-widget-video,.e-con>.elementor-widget-video{width:var(--container-widget-width);--flex-grow:var(--container-widget-flex-grow)}<\/style>\t\t<div class=\"elementor-wrapper elementor-fit-aspect-ratio elementor-open-inline\">\n\t\t\t<div class=\"elementor-video\"><\/div>\t\t<\/div>\n\t\t\t\t<\/div>\n\t\t\t\t<\/div>\n\t\t\t\t\t<\/div>\n\t\t<\/div>\n\t\t\t\t\t\t\t<\/div>\n\t\t<\/section>\n\t\t\t\t<section class=\"elementor-section elementor-top-section elementor-element elementor-element-c09b8f0 elementor-section-boxed elementor-section-height-default elementor-section-height-default\" data-id=\"c09b8f0\" data-element_type=\"section\">\n\t\t\t\t\t\t<div class=\"elementor-container elementor-column-gap-default\">\n\t\t\t\t\t<div class=\"elementor-column elementor-col-100 elementor-top-column elementor-element elementor-element-955a561\" data-id=\"955a561\" data-element_type=\"column\">\n\t\t\t<div class=\"elementor-widget-wrap elementor-element-populated\">\n\t\t\t\t\t\t\t\t<div class=\"elementor-element elementor-element-0ce869c elementor-widget elementor-widget-text-editor\" data-id=\"0ce869c\" data-element_type=\"widget\" data-widget_type=\"text-editor.default\">\n\t\t\t\t<div class=\"elementor-widget-container\">\n\t\t\t<style>\/*! elementor - v3.10.2 - 29-01-2023 *\/\n.elementor-widget-text-editor.elementor-drop-cap-view-stacked .elementor-drop-cap{background-color:#818a91;color:#fff}.elementor-widget-text-editor.elementor-drop-cap-view-framed .elementor-drop-cap{color:#818a91;border:3px solid;background-color:transparent}.elementor-widget-text-editor:not(.elementor-drop-cap-view-default) .elementor-drop-cap{margin-top:8px}.elementor-widget-text-editor:not(.elementor-drop-cap-view-default) .elementor-drop-cap-letter{width:1em;height:1em}.elementor-widget-text-editor .elementor-drop-cap{float:left;text-align:center;line-height:1;font-size:50px}.elementor-widget-text-editor .elementor-drop-cap-letter{display:inline-block}<\/style>\t\t\t\t<p><strong>Pachuca, Hgo., 23 de octubre de 2023.-<\/strong>Del 28 de septiembre al 22 de octubre, Hidalgo vivi\u00f3 una gran celebraci\u00f3n con la Feria San Francisco Pachuca, evento que, por primera vez, fue organizado por la administraci\u00f3n que encabeza Julio Menchaca, la cual, adem\u00e1s de ser una fiesta incluyente e inclusiva, cont\u00f3 con innovaciones y mejoras dentro del recinto.<\/p><p>En esta edici\u00f3n, miles de asistentes se congregaron en el recinto ferial para disfrutar de un abanico de diversi\u00f3n, cultura y tradiciones que resaltan la riqueza de nuestra entidad.<\/p><p>Con al menos 400 horas de programaci\u00f3n y un total de 3 mil 500 artistas, los cuatro foros art\u00edsticos, las dos velarias, el parque El Mexicano y La Hacienda, fueron escenario de espect\u00e1culos para todos los gustos como presentaciones de danzas folcl\u00f3ricas, grupos de jazz, danz\u00f3n, baile contempor\u00e1neo, as\u00ed como bandas de rock, blues, regional mexicano y hasta una estudiantina.<\/p><p>Durante estos d\u00edas, el Pabell\u00f3n Tur\u00edstico abri\u00f3 las puertas a m\u00e1s de 75 mil asistentes para dar un recorrido donde se replicaba la belleza natural y lugares emblem\u00e1ticos del estado, entre los destacan la Zona Arqueol\u00f3gica de Tula, Casa Rule, Teatro Hidalgo Bartolom\u00e9 de Medina, el Auditorio Gota de Plata y el Pisal de Byron G\u00e1lvez de Pachuca, as\u00ed como el Reloj de Huejutla.<\/p><p>As\u00ed tambi\u00e9n, este pabell\u00f3n recibi\u00f3 a m\u00e1s de 25 personalidades en el programa \u201cCharlando con Nuestros Talentos\u201d, en el cual, a trav\u00e9s de entrevistas, los visitantes atestiguaron de viva voz las historias y formas de pensar de hidalguenses destacados como Aquiles Ch\u00e1vez, chef de fama internacional; Juan Manuel Menes Llaguno, cronista del estado; Alfonso Flores Barrera, titular del Sistema Estatal para la Integraci\u00f3n Social de las Personas con Discapacidad, por mencionar algunos.<\/p><p>El Pabell\u00f3n Artesanal ofreci\u00f3 a la vista de los asistentes una colorida muestra de lo que las manos de las personas artesanas hidalguense pueden hacer: piezas tejidas o bordadas, metalister\u00eda, cer\u00e1mica tradicional, m\u00e1scaras de madera, casitas realizadas con corteza deshidratada, plater\u00eda y hasta aquellas realizadas por personas privadas de su libertad. Los visitantes tambi\u00e9n se dieron un gusto con las mermeladas de frutas naturales, bebidas sin conservadores, colaciones y los ricos dulces cl\u00e1sicos de feria.<\/p><p>Una de las zonas m\u00e1s visitadas fue la de juegos mec\u00e1nicos, pues personas de todas las edades se congregaron para subir a los carritos, motos, tacitas y la cl\u00e1sica rueda de la fortuna donde se pod\u00eda obtener una vista panor\u00e1mica de la feria y parte de la ciudad. Cabe se\u00f1alar que siempre estuvo presente el compromiso con la seguridad de las familias, por ello, diariamente, se daba mantenimiento riguroso a todos los juegos mec\u00e1nicos.<\/p><p>El Teatro del Pueblo y el Palenque, recibieron a artistas de talla internacional con aforos completos, en tanto que los espect\u00e1culos MUZEO, de Ilusion On Ice, y el Circo de Francisco Atayde, asombraron y divirtieron a los asistentes en cada funci\u00f3n.<\/p><p>Los \u00faltimos d\u00edas de la feria trajeron consigo una explosi\u00f3n de color y diversi\u00f3n con el desfile y disfraces de &#8220;D\u00eda de Muertos&#8221;. Visitantes caracterizados de catrinas o catrines se sumaron a la comparsa, vestidos de calaveras y catrinas celebrando una de nuestras m\u00e1s bellas tradiciones.\u00a0 Adem\u00e1s, se elaboraron dos grandes ofrendas florales dentro del recinto para mostrar parte de la dedicaci\u00f3n con que recibimos a nuestros seres queridos.<\/p><p>Durante la Feria de San Francisco Pachuca se dieron cita algunos visitantes for\u00e1neos como Ignacio Villegas Monz\u00f3n, de Michoac\u00e1n; Alison Vel\u00e1zquez, del Estado de M\u00e9xico, y Ariosto Vila Vargas, de Chiapas, quienes coincidieron en que los pabellones, conciertos y espect\u00e1culos fueron de gran calidad y, seguramente, regresar\u00e1n para la edici\u00f3n del 2024, donde habr\u00e1 muchas m\u00e1s sorpresas.<\/p>\t\t\t\t\t\t<\/div>\n\t\t\t\t<\/div>\n\t\t\t\t\t<\/div>\n\t\t<\/div>\n\t\t\t\t\t\t\t<\/div>\n\t\t<\/section>\n\t\t\t\t\t\t\t<\/div>\n\t\t","protected":false},"excerpt":{"rendered":"<p>https:\/\/youtu.be\/22ugZgk4Q0k Pachuca, Hgo., 23 de octubre de 2023.-Del 28 de septiembre al 22 de octubre, Hidalgo vivi\u00f3 una gran celebraci\u00f3n con la Feria San Francisco Pachuca, evento que, por primera vez, fue organizado por la administraci\u00f3n que encabeza Julio Menchaca, la cual, adem\u00e1s de ser una fiesta incluyente e inclusiva, cont\u00f3 con innovaciones y mejoras [&hellip;]<\/p>\n","protected":false},"author":1,"featured_media":24120,"comment_status":"closed","ping_status":"closed","sticky":false,"template":"","format":"standard","meta":[],"categories":[7],"tags":[],"_links":{"self":[{"href":"https:\/\/www.diarionoti7.com.mx\/index.php?rest_route=\/wp\/v2\/posts\/24118"}],"collection":[{"href":"https:\/\/www.diarionoti7.com.mx\/index.php?rest_route=\/wp\/v2\/posts"}],"about":[{"href":"https:\/\/www.diarionoti7.com.mx\/index.php?rest_route=\/wp\/v2\/types\/post"}],"author":[{"embeddable":true,"href":"https:\/\/www.diarionoti7.com.mx\/index.php?rest_route=\/wp\/v2\/users\/1"}],"replies":[{"embeddable":true,"href":"https:\/\/www.diarionoti7.com.mx\/index.php?rest_route=%2Fwp%2Fv2%2Fcomments&post=24118"}],"version-history":[{"count":7,"href":"https:\/\/www.diarionoti7.com.mx\/index.php?rest_route=\/wp\/v2\/posts\/24118\/revisions"}],"predecessor-version":[{"id":24126,"href":"https:\/\/www.diarionoti7.com.mx\/index.php?rest_route=\/wp\/v2\/posts\/24118\/revisions\/24126"}],"wp:featuredmedia":[{"embeddable":true,"href":"https:\/\/www.diarionoti7.com.mx\/index.php?rest_route=\/wp\/v2\/media\/24120"}],"wp:attachment":[{"href":"https:\/\/www.diarionoti7.com.mx\/index.php?rest_route=%2Fwp%2Fv2%2Fmedia&parent=24118"}],"wp:term":[{"taxonomy":"category","embeddable":true,"href":"https:\/\/www.diarionoti7.com.mx\/index.php?rest_route=%2Fwp%2Fv2%2Fcategories&post=24118"},{"taxonomy":"post_tag","embeddable":true,"href":"https:\/\/www.diarionoti7.com.mx\/index.php?rest_route=%2Fwp%2Fv2%2Ftags&post=24118"}],"curies":[{"name":"wp","href":"https:\/\/api.w.org\/{rel}","templated":true}]}}