{"id":24106,"date":"2023-10-24T16:54:18","date_gmt":"2023-10-24T16:54:18","guid":{"rendered":"https:\/\/www.diarionoti7.com.mx\/?p=24106"},"modified":"2023-10-24T16:55:14","modified_gmt":"2023-10-24T16:55:14","slug":"apoya-sebiso-a-familias-de-migrantes-por-infortunios-enfermedad-fallecimiento-o-tramites-administrativos","status":"publish","type":"post","link":"https:\/\/www.diarionoti7.com.mx\/?p=24106","title":{"rendered":"Apoya Sebiso a Familias de Migrantes Por Infortunios, (Enfermedad, Fallecimiento o Tr\u00e1mites Administrativos)."},"content":{"rendered":"\t\t<div data-elementor-type=\"wp-post\" data-elementor-id=\"24106\" class=\"elementor elementor-24106\">\n\t\t\t\t\t\t\t\t\t<section class=\"elementor-section elementor-top-section elementor-element elementor-element-c09b8f0 elementor-section-boxed elementor-section-height-default elementor-section-height-default\" data-id=\"c09b8f0\" data-element_type=\"section\">\n\t\t\t\t\t\t<div class=\"elementor-container elementor-column-gap-default\">\n\t\t\t\t\t<div class=\"elementor-column elementor-col-100 elementor-top-column elementor-element elementor-element-955a561\" data-id=\"955a561\" data-element_type=\"column\">\n\t\t\t<div class=\"elementor-widget-wrap elementor-element-populated\">\n\t\t\t\t\t\t\t\t<div class=\"elementor-element elementor-element-0ce869c elementor-widget elementor-widget-text-editor\" data-id=\"0ce869c\" data-element_type=\"widget\" data-widget_type=\"text-editor.default\">\n\t\t\t\t<div class=\"elementor-widget-container\">\n\t\t\t<style>\/*! elementor - v3.10.2 - 29-01-2023 *\/\n.elementor-widget-text-editor.elementor-drop-cap-view-stacked .elementor-drop-cap{background-color:#818a91;color:#fff}.elementor-widget-text-editor.elementor-drop-cap-view-framed .elementor-drop-cap{color:#818a91;border:3px solid;background-color:transparent}.elementor-widget-text-editor:not(.elementor-drop-cap-view-default) .elementor-drop-cap{margin-top:8px}.elementor-widget-text-editor:not(.elementor-drop-cap-view-default) .elementor-drop-cap-letter{width:1em;height:1em}.elementor-widget-text-editor .elementor-drop-cap{float:left;text-align:center;line-height:1;font-size:50px}.elementor-widget-text-editor .elementor-drop-cap-letter{display:inline-block}<\/style>\t\t\t\t<p><strong>-Simey Olvera entreg\u00f3 apoyos del programa Asistencia Social Migratoria <\/strong><\/p><p><strong>Pachuca, Hgo., 23 de octubre de 2023.-<\/strong>La secretaria del Bienestar e Inclusi\u00f3n Social en el gobierno de Hidalgo (Sebiso), Simey Olvera Bautista, entreg\u00f3 22 apoyos econ\u00f3micos a familiares de migrantes hidalguenses que por alguna causa han sufrido alg\u00fan tipo de eventualidad durante su estad\u00eda laboral en Estados Unidos de Norteam\u00e9rica, principalmente, por enfermedad, fallecimiento o para tr\u00e1mites administrativos.<\/p><p>Los recursos provenientes del programa Asistencia Social Migratoria, forman parte del compromiso que tiene el gobierno que encabeza Julio Menchaca Salazar para dar ayuda prioritaria a las personas de las comunidades migrantes de Hidalgo, con el objeto de que la salida de hidalguense al extranjero sea por decisi\u00f3n propia y no forzada.<\/p><p>Al respecto, Olvera Bautista, recalc\u00f3: \u201cEn este gobierno hay gente del pueblo, personas que fueron migrantes y estuvieron en la misma situaci\u00f3n, por eso estamos identificados y somos emp\u00e1ticos con el tema. Sin duda, la situaci\u00f3n m\u00e1s lamentable es un fallecimiento y no hay c\u00f3mo subsanar el hecho; sin embargo, con mucho respeto les entregamos este apoyo que ayuda a pagar alguna deuda, alg\u00fan pendiente\u201d.<\/p><p>En compa\u00f1\u00eda de la subsecretaria de Desarrollo Social y Humano de la Sebiso, Neyda Naranjo Baltazar, as\u00ed como del director general de Atenci\u00f3n al Migrante, Manuel Aranda Montero, Simey Olvera record\u00f3 que este tipo de programas busca \u201cque el impacto en el bolsillo familiar sea menor\u201d.<\/p><p>La funcionaria explic\u00f3 que los apoyos brindados est\u00e1n direccionados para solventar gastos en traslados de restos mortuorios, traslado de migrantes enfermos, as\u00ed como para visas humanitarias.<\/p><p>Por su parte, Neyda Naranjo se comprometi\u00f3 a mantener la atenci\u00f3n cercana a las y los migrantes, pero sobre todo a mejorar y acrecentar los servicios en favor de esta comunidad, con el objetivo de llegar a m\u00e1s puntos de la Uni\u00f3n Americana, todo en coordinaci\u00f3n con todas las agrupaciones y clubes de migrantes.<\/p>\t\t\t\t\t\t<\/div>\n\t\t\t\t<\/div>\n\t\t\t\t\t<\/div>\n\t\t<\/div>\n\t\t\t\t\t\t\t<\/div>\n\t\t<\/section>\n\t\t\t\t\t\t\t<\/div>\n\t\t","protected":false},"excerpt":{"rendered":"<p>-Simey Olvera entreg\u00f3 apoyos del programa Asistencia Social Migratoria Pachuca, Hgo., 23 de octubre de 2023.-La secretaria del Bienestar e Inclusi\u00f3n Social en el gobierno de Hidalgo (Sebiso), Simey Olvera Bautista, entreg\u00f3 22 apoyos econ\u00f3micos a familiares de migrantes hidalguenses que por alguna causa han sufrido alg\u00fan tipo de eventualidad durante su estad\u00eda laboral en [&hellip;]<\/p>\n","protected":false},"author":1,"featured_media":24108,"comment_status":"closed","ping_status":"closed","sticky":false,"template":"","format":"standard","meta":[],"categories":[9],"tags":[],"_links":{"self":[{"href":"https:\/\/www.diarionoti7.com.mx\/index.php?rest_route=\/wp\/v2\/posts\/24106"}],"collection":[{"href":"https:\/\/www.diarionoti7.com.mx\/index.php?rest_route=\/wp\/v2\/posts"}],"about":[{"href":"https:\/\/www.diarionoti7.com.mx\/index.php?rest_route=\/wp\/v2\/types\/post"}],"author":[{"embeddable":true,"href":"https:\/\/www.diarionoti7.com.mx\/index.php?rest_route=\/wp\/v2\/users\/1"}],"replies":[{"embeddable":true,"href":"https:\/\/www.diarionoti7.com.mx\/index.php?rest_route=%2Fwp%2Fv2%2Fcomments&post=24106"}],"version-history":[{"count":4,"href":"https:\/\/www.diarionoti7.com.mx\/index.php?rest_route=\/wp\/v2\/posts\/24106\/revisions"}],"predecessor-version":[{"id":24111,"href":"https:\/\/www.diarionoti7.com.mx\/index.php?rest_route=\/wp\/v2\/posts\/24106\/revisions\/24111"}],"wp:featuredmedia":[{"embeddable":true,"href":"https:\/\/www.diarionoti7.com.mx\/index.php?rest_route=\/wp\/v2\/media\/24108"}],"wp:attachment":[{"href":"https:\/\/www.diarionoti7.com.mx\/index.php?rest_route=%2Fwp%2Fv2%2Fmedia&parent=24106"}],"wp:term":[{"taxonomy":"category","embeddable":true,"href":"https:\/\/www.diarionoti7.com.mx\/index.php?rest_route=%2Fwp%2Fv2%2Fcategories&post=24106"},{"taxonomy":"post_tag","embeddable":true,"href":"https:\/\/www.diarionoti7.com.mx\/index.php?rest_route=%2Fwp%2Fv2%2Ftags&post=24106"}],"curies":[{"name":"wp","href":"https:\/\/api.w.org\/{rel}","templated":true}]}}