{"id":24100,"date":"2023-10-24T16:53:08","date_gmt":"2023-10-24T16:53:08","guid":{"rendered":"https:\/\/www.diarionoti7.com.mx\/?p=24100"},"modified":"2023-10-24T16:53:58","modified_gmt":"2023-10-24T16:53:58","slug":"feria-de-san-francisco-espacio-para-tradiciones-y-sabores-hidalguenses","status":"publish","type":"post","link":"https:\/\/www.diarionoti7.com.mx\/?p=24100","title":{"rendered":"Feria de San Francisco, Espacio Para Tradiciones y Sabores Hidalguenses"},"content":{"rendered":"\t\t<div data-elementor-type=\"wp-post\" data-elementor-id=\"24100\" class=\"elementor elementor-24100\">\n\t\t\t\t\t\t\t\t\t<section class=\"elementor-section elementor-top-section elementor-element elementor-element-c09b8f0 elementor-section-boxed elementor-section-height-default elementor-section-height-default\" data-id=\"c09b8f0\" data-element_type=\"section\">\n\t\t\t\t\t\t<div class=\"elementor-container elementor-column-gap-default\">\n\t\t\t\t\t<div class=\"elementor-column elementor-col-100 elementor-top-column elementor-element elementor-element-955a561\" data-id=\"955a561\" data-element_type=\"column\">\n\t\t\t<div class=\"elementor-widget-wrap elementor-element-populated\">\n\t\t\t\t\t\t\t\t<div class=\"elementor-element elementor-element-0ce869c elementor-widget elementor-widget-text-editor\" data-id=\"0ce869c\" data-element_type=\"widget\" data-widget_type=\"text-editor.default\">\n\t\t\t\t<div class=\"elementor-widget-container\">\n\t\t\t<style>\/*! elementor - v3.10.2 - 29-01-2023 *\/\n.elementor-widget-text-editor.elementor-drop-cap-view-stacked .elementor-drop-cap{background-color:#818a91;color:#fff}.elementor-widget-text-editor.elementor-drop-cap-view-framed .elementor-drop-cap{color:#818a91;border:3px solid;background-color:transparent}.elementor-widget-text-editor:not(.elementor-drop-cap-view-default) .elementor-drop-cap{margin-top:8px}.elementor-widget-text-editor:not(.elementor-drop-cap-view-default) .elementor-drop-cap-letter{width:1em;height:1em}.elementor-widget-text-editor .elementor-drop-cap{float:left;text-align:center;line-height:1;font-size:50px}.elementor-widget-text-editor .elementor-drop-cap-letter{display:inline-block}<\/style>\t\t\t\t<p><strong>-Participaron 35 expositores de 26 Pueblos con Sabor, poco m\u00e1s de 140 artesanas y artesanos<\/strong><\/p><p><strong>-M\u00e1s de 70 mil personas visitaron el Pabell\u00f3n Tur\u00edstico\u00a0\u00a0 <\/strong><\/p><p><strong>Pachuca, Hgo., a 23 de octubre de 2023.-<\/strong>Platillos \u00fanicos como el mole de cahuiche, pollo al disco, guajolotes, chalupas, pambazos que solo la gastronom\u00eda hidalguense ofrece, as\u00ed como artesan\u00edas elaboradas con ixtle, cantera, obsidiana, hierro, palma, bordados de Tenango y dem\u00e1s productos, fueron esencia de la Feria de San Francisco Pachuca 2023, que este a\u00f1o se posicion\u00f3 como un espacio de proyecci\u00f3n y venta.<\/p><p>As\u00ed lo indic\u00f3 la secretaria de Turismo del estado, Elizabeth Quintanar G\u00f3mez, quien se\u00f1al\u00f3 que: &#8220;esta edici\u00f3n, sin duda, fue una Feria de San Francisco totalmente nueva y diferente a lo que ven\u00eda realiz\u00e1ndose durante las \u00faltimas tres d\u00e9cadas&#8221;.<\/p><p>En ese sentido, expres\u00f3 que se apost\u00f3 por la recuperaci\u00f3n de espacios que resaltan la esencia m\u00e1s tradicional de nuestro Estado: &#8220;Incluimos a las y los artesanos de todas las regiones de la entidad, impulsamos con mucho entusiasmo la gastronom\u00eda hidalguense con la presencia de 26 de los 28 Pueblos con Sabor que existen en el estado, dentro del Pabell\u00f3n Gastron\u00f3mico, en donde se vendieron los m\u00e1s exquisitos platillos de nuestra paleta culinaria&#8221;.<\/p><p>Adem\u00e1s, se\u00f1al\u00f3 que, en el Pabell\u00f3n Tur\u00edstico, el cual recibi\u00f3 a poco m\u00e1s de 70 mil personas, se expusieron algunos de los sitios que dan identidad y orgullo al estado de Hidalgo. El evento est\u00e1 transitando por una etapa de transformaci\u00f3n, por lo que Quintanar G\u00f3mez a\u00f1adi\u00f3 que &#8220;todos los cambios y las nuevas adecuaciones fueron pensadas para generar espacios de convivencia dignos, limpios, ordenados y seguros&#8221;.<\/p><p>Manifest\u00f3 que, durante el \u00faltimo d\u00eda de feria &#8220;se abrieron foros para impulsar a nuestros artistas locales y, por primera vez, en la \u00faltima semana, incluimos actividades del Xantolo y D\u00eda de Muertos, con el montaje de un altar monumental y tres d\u00edas de desfile de catrinas &#8220;.<\/p><p>Finalmente, la secretaria resalt\u00f3 la importancia que tuvo esta edici\u00f3n en la generaci\u00f3n de espacios inclusivos e incluyentes, pues, adem\u00e1s de que el acceso para las personas con discapacidad fue universal, &#8220;las instalaciones en general fueron adecuadas para una correcta movilidad interna y despejamos \u00e1reas para que pudiesen circular con mayor facilidad todas y todos nuestros visitantes&#8221;.<\/p><p>&#8220;Fue una feria en la cual el consumo de alcohol sin moderaci\u00f3n se inhibi\u00f3 considerablemente, asegurando que el ambiente familiar no fuese dejado a un lado. Vimos, en esta ocasi\u00f3n, m\u00e1s familias, ni\u00f1os y ni\u00f1as y, sobre todo, nuestras juventudes que sanamente disfrutaron de todos los espect\u00e1culos dispuestos para ellos&#8221;.<\/p>\t\t\t\t\t\t<\/div>\n\t\t\t\t<\/div>\n\t\t\t\t\t<\/div>\n\t\t<\/div>\n\t\t\t\t\t\t\t<\/div>\n\t\t<\/section>\n\t\t\t\t\t\t\t<\/div>\n\t\t","protected":false},"excerpt":{"rendered":"<p>-Participaron 35 expositores de 26 Pueblos con Sabor, poco m\u00e1s de 140 artesanas y artesanos -M\u00e1s de 70 mil personas visitaron el Pabell\u00f3n Tur\u00edstico\u00a0\u00a0 Pachuca, Hgo., a 23 de octubre de 2023.-Platillos \u00fanicos como el mole de cahuiche, pollo al disco, guajolotes, chalupas, pambazos que solo la gastronom\u00eda hidalguense ofrece, as\u00ed como artesan\u00edas elaboradas con [&hellip;]<\/p>\n","protected":false},"author":1,"featured_media":24102,"comment_status":"closed","ping_status":"closed","sticky":false,"template":"","format":"standard","meta":[],"categories":[9],"tags":[],"_links":{"self":[{"href":"https:\/\/www.diarionoti7.com.mx\/index.php?rest_route=\/wp\/v2\/posts\/24100"}],"collection":[{"href":"https:\/\/www.diarionoti7.com.mx\/index.php?rest_route=\/wp\/v2\/posts"}],"about":[{"href":"https:\/\/www.diarionoti7.com.mx\/index.php?rest_route=\/wp\/v2\/types\/post"}],"author":[{"embeddable":true,"href":"https:\/\/www.diarionoti7.com.mx\/index.php?rest_route=\/wp\/v2\/users\/1"}],"replies":[{"embeddable":true,"href":"https:\/\/www.diarionoti7.com.mx\/index.php?rest_route=%2Fwp%2Fv2%2Fcomments&post=24100"}],"version-history":[{"count":4,"href":"https:\/\/www.diarionoti7.com.mx\/index.php?rest_route=\/wp\/v2\/posts\/24100\/revisions"}],"predecessor-version":[{"id":24105,"href":"https:\/\/www.diarionoti7.com.mx\/index.php?rest_route=\/wp\/v2\/posts\/24100\/revisions\/24105"}],"wp:featuredmedia":[{"embeddable":true,"href":"https:\/\/www.diarionoti7.com.mx\/index.php?rest_route=\/wp\/v2\/media\/24102"}],"wp:attachment":[{"href":"https:\/\/www.diarionoti7.com.mx\/index.php?rest_route=%2Fwp%2Fv2%2Fmedia&parent=24100"}],"wp:term":[{"taxonomy":"category","embeddable":true,"href":"https:\/\/www.diarionoti7.com.mx\/index.php?rest_route=%2Fwp%2Fv2%2Fcategories&post=24100"},{"taxonomy":"post_tag","embeddable":true,"href":"https:\/\/www.diarionoti7.com.mx\/index.php?rest_route=%2Fwp%2Fv2%2Ftags&post=24100"}],"curies":[{"name":"wp","href":"https:\/\/api.w.org\/{rel}","templated":true}]}}