{"id":24082,"date":"2023-10-24T16:49:53","date_gmt":"2023-10-24T16:49:53","guid":{"rendered":"https:\/\/www.diarionoti7.com.mx\/?p=24082"},"modified":"2023-10-24T16:50:45","modified_gmt":"2023-10-24T16:50:45","slug":"impulsa-musicampus-a-nuevos-talentos-de-infancias-y-adolescencias-de-comunidades-rurales","status":"publish","type":"post","link":"https:\/\/www.diarionoti7.com.mx\/?p=24082","title":{"rendered":"Impulsa \u201cMusicampus\u201d a Nuevos Talentos de Infancias y Adolescencias de Comunidades Rurales"},"content":{"rendered":"\t\t<div data-elementor-type=\"wp-post\" data-elementor-id=\"24082\" class=\"elementor elementor-24082\">\n\t\t\t\t\t\t\t\t\t<section class=\"elementor-section elementor-top-section elementor-element elementor-element-c09b8f0 elementor-section-boxed elementor-section-height-default elementor-section-height-default\" data-id=\"c09b8f0\" data-element_type=\"section\">\n\t\t\t\t\t\t<div class=\"elementor-container elementor-column-gap-default\">\n\t\t\t\t\t<div class=\"elementor-column elementor-col-100 elementor-top-column elementor-element elementor-element-955a561\" data-id=\"955a561\" data-element_type=\"column\">\n\t\t\t<div class=\"elementor-widget-wrap elementor-element-populated\">\n\t\t\t\t\t\t\t\t<div class=\"elementor-element elementor-element-0ce869c elementor-widget elementor-widget-text-editor\" data-id=\"0ce869c\" data-element_type=\"widget\" data-widget_type=\"text-editor.default\">\n\t\t\t\t<div class=\"elementor-widget-container\">\n\t\t\t<style>\/*! elementor - v3.10.2 - 29-01-2023 *\/\n.elementor-widget-text-editor.elementor-drop-cap-view-stacked .elementor-drop-cap{background-color:#818a91;color:#fff}.elementor-widget-text-editor.elementor-drop-cap-view-framed .elementor-drop-cap{color:#818a91;border:3px solid;background-color:transparent}.elementor-widget-text-editor:not(.elementor-drop-cap-view-default) .elementor-drop-cap{margin-top:8px}.elementor-widget-text-editor:not(.elementor-drop-cap-view-default) .elementor-drop-cap-letter{width:1em;height:1em}.elementor-widget-text-editor .elementor-drop-cap{float:left;text-align:center;line-height:1;font-size:50px}.elementor-widget-text-editor .elementor-drop-cap-letter{display:inline-block}<\/style>\t\t\t\t<p><strong>-El VI Festival y Curso de Perfeccionamiento Instrumental para Orquestas Sinf\u00f3nicas Juveniles tendr\u00e1 actividades de car\u00e1cter acad\u00e9mico y de difusi\u00f3n art\u00edstica<\/strong><\/p><p><strong>-Las c\u00e1tedras ser\u00e1n impartidas de manera gratuita por prestigiados docentes de la escena estatal y nacional <\/strong><\/p><p><strong>Pachuca, Hgo., 23 de octubre de 2023.-<\/strong> Del 25 al 28 de octubre, infancias, adolescencias y juventudes hidalguenses podr\u00e1n participar en el VI Festival y Curso de Perfeccionamiento Instrumental para Orquestas Sinf\u00f3nicas Juveniles \u201cMusicampus\u201d con actividades de car\u00e1cter acad\u00e9mico y de difusi\u00f3n art\u00edstica, con el objetivo de impulsar a nuevos talentos que proceden de comunidades rurales donde hay nulo o escaso acceso para que reciban procesos de formaci\u00f3n musical de calidad.<\/p><p>As\u00ed lo anunci\u00f3 este lunes la Secretar\u00eda de Cultura, a trav\u00e9s del Consejo Estatal para la Cultura y las Artes de Hidalgo (Cecultah); el programa incluye clases de perfeccionamiento en la ejecuci\u00f3n musical de instrumentos de cuerdas frotadas, alientos y t\u00e9cnica del canto coral; un conversatorio y concierto sobre la vida y obra del m\u00fasico mexicano Manuel M. Ponce y una charla con el reconocido compositor hidalguense Jaime Flores.<\/p><p>Adem\u00e1s, cuatro conciertos con artistas del Conservatorio Nacional de M\u00fasica: la soprano Vanessa Amaro y la pianista Katia Salazar; agrupaciones musicales del Centro de las Artes de Hidalgo como los Ni\u00f1os Cantores de Hidalgo, las Orquestas y Bandas Sinf\u00f3nicas infantil y Juvenil.<\/p><p>Diana Rangel Z\u00fa\u00f1iga, directora general del Cecultah, detall\u00f3 que el festival es un espacio para el perfeccionamiento musical y la difusi\u00f3n art\u00edstica, sin embargo, destac\u00f3 que, en esta sexta edici\u00f3n, por primera vez, las agrupaciones de car\u00e1cter formativo podr\u00e1n vincularse para intercambiar saberes y compartir escenario en el concierto de clausura que se llevar\u00e1 a cabo el s\u00e1bado 28 de octubre, a las 14:00 horas, en el Teatro de la Ciudad San Francisco.<\/p><p>\u201cEn dicho evento tambi\u00e9n el p\u00fablico podr\u00e1 disfrutar de la participaci\u00f3n del cantautor hidalguense Jaime Flores, junto a alumnas y alumnos participantes, as\u00ed como de las Orquestas Sinf\u00f3nicas Infantiles y Juveniles de Tulancingo de Bravo y del Valle del Mezquital; la Orquesta Comunitaria Voces y Sonidos M\u00e1gicos de Huasca y la Banda de Marcha del CBTis n\u00famero 59 de Ciudad Sahag\u00fan\u201d, asegur\u00f3 Diana Rangel.<\/p><p>El Cecultah dio a conocer que todas las c\u00e1tedras ser\u00e1n impartidas de manera gratuita por prestigiados maestros y maestras de la escena estatal y nacional en el Centro de las Artes de Hidalgo, del 26 al 28 de octubre, por lo que las y los interesados en participar pueden inscribirse enhttps:\/\/docs.google.com\/forms\/d\/1pF6itoRbO4vwgH511IBFJpcQ2pzjiNJmko1Cpj3Vhl0\/edit?edit_requested=true, hasta antes del 25 de octubre.<\/p><p>La cartelera completa del VI Festival Instrumental para Orquestas Sinf\u00f3nicas Juveniles \u201cMusicampus\u201d puede consultarse en las p\u00e1ginas oficiales de Facebook: Secretar\u00eda de Cultura de Hidalgo, Consejo Estatal para la Cultura y las Artes de Hidalgo y Centro de las Artes de Hidalgo.<\/p>\t\t\t\t\t\t<\/div>\n\t\t\t\t<\/div>\n\t\t\t\t\t<\/div>\n\t\t<\/div>\n\t\t\t\t\t\t\t<\/div>\n\t\t<\/section>\n\t\t\t\t\t\t\t<\/div>\n\t\t","protected":false},"excerpt":{"rendered":"<p>-El VI Festival y Curso de Perfeccionamiento Instrumental para Orquestas Sinf\u00f3nicas Juveniles tendr\u00e1 actividades de car\u00e1cter acad\u00e9mico y de difusi\u00f3n art\u00edstica -Las c\u00e1tedras ser\u00e1n impartidas de manera gratuita por prestigiados docentes de la escena estatal y nacional Pachuca, Hgo., 23 de octubre de 2023.- Del 25 al 28 de octubre, infancias, adolescencias y juventudes hidalguenses [&hellip;]<\/p>\n","protected":false},"author":1,"featured_media":24084,"comment_status":"closed","ping_status":"closed","sticky":false,"template":"","format":"standard","meta":[],"categories":[4],"tags":[],"_links":{"self":[{"href":"https:\/\/www.diarionoti7.com.mx\/index.php?rest_route=\/wp\/v2\/posts\/24082"}],"collection":[{"href":"https:\/\/www.diarionoti7.com.mx\/index.php?rest_route=\/wp\/v2\/posts"}],"about":[{"href":"https:\/\/www.diarionoti7.com.mx\/index.php?rest_route=\/wp\/v2\/types\/post"}],"author":[{"embeddable":true,"href":"https:\/\/www.diarionoti7.com.mx\/index.php?rest_route=\/wp\/v2\/users\/1"}],"replies":[{"embeddable":true,"href":"https:\/\/www.diarionoti7.com.mx\/index.php?rest_route=%2Fwp%2Fv2%2Fcomments&post=24082"}],"version-history":[{"count":4,"href":"https:\/\/www.diarionoti7.com.mx\/index.php?rest_route=\/wp\/v2\/posts\/24082\/revisions"}],"predecessor-version":[{"id":24087,"href":"https:\/\/www.diarionoti7.com.mx\/index.php?rest_route=\/wp\/v2\/posts\/24082\/revisions\/24087"}],"wp:featuredmedia":[{"embeddable":true,"href":"https:\/\/www.diarionoti7.com.mx\/index.php?rest_route=\/wp\/v2\/media\/24084"}],"wp:attachment":[{"href":"https:\/\/www.diarionoti7.com.mx\/index.php?rest_route=%2Fwp%2Fv2%2Fmedia&parent=24082"}],"wp:term":[{"taxonomy":"category","embeddable":true,"href":"https:\/\/www.diarionoti7.com.mx\/index.php?rest_route=%2Fwp%2Fv2%2Fcategories&post=24082"},{"taxonomy":"post_tag","embeddable":true,"href":"https:\/\/www.diarionoti7.com.mx\/index.php?rest_route=%2Fwp%2Fv2%2Ftags&post=24082"}],"curies":[{"name":"wp","href":"https:\/\/api.w.org\/{rel}","templated":true}]}}