{"id":24076,"date":"2023-10-24T16:48:42","date_gmt":"2023-10-24T16:48:42","guid":{"rendered":"https:\/\/www.diarionoti7.com.mx\/?p=24076"},"modified":"2023-10-24T16:49:43","modified_gmt":"2023-10-24T16:49:43","slug":"formalizan-alianza-icathi-y-cedspi-por-la-inclusion-de-los-pueblos-indigenas","status":"publish","type":"post","link":"https:\/\/www.diarionoti7.com.mx\/?p=24076","title":{"rendered":"Formalizan Alianza ICATHI y CEDSPI, por la Inclusi\u00f3n de Los Pueblos Ind\u00edgenas"},"content":{"rendered":"\t\t<div data-elementor-type=\"wp-post\" data-elementor-id=\"24076\" class=\"elementor elementor-24076\">\n\t\t\t\t\t\t\t\t\t<section class=\"elementor-section elementor-top-section elementor-element elementor-element-c09b8f0 elementor-section-boxed elementor-section-height-default elementor-section-height-default\" data-id=\"c09b8f0\" data-element_type=\"section\">\n\t\t\t\t\t\t<div class=\"elementor-container elementor-column-gap-default\">\n\t\t\t\t\t<div class=\"elementor-column elementor-col-100 elementor-top-column elementor-element elementor-element-955a561\" data-id=\"955a561\" data-element_type=\"column\">\n\t\t\t<div class=\"elementor-widget-wrap elementor-element-populated\">\n\t\t\t\t\t\t\t\t<div class=\"elementor-element elementor-element-0ce869c elementor-widget elementor-widget-text-editor\" data-id=\"0ce869c\" data-element_type=\"widget\" data-widget_type=\"text-editor.default\">\n\t\t\t\t<div class=\"elementor-widget-container\">\n\t\t\t<style>\/*! elementor - v3.10.2 - 29-01-2023 *\/\n.elementor-widget-text-editor.elementor-drop-cap-view-stacked .elementor-drop-cap{background-color:#818a91;color:#fff}.elementor-widget-text-editor.elementor-drop-cap-view-framed .elementor-drop-cap{color:#818a91;border:3px solid;background-color:transparent}.elementor-widget-text-editor:not(.elementor-drop-cap-view-default) .elementor-drop-cap{margin-top:8px}.elementor-widget-text-editor:not(.elementor-drop-cap-view-default) .elementor-drop-cap-letter{width:1em;height:1em}.elementor-widget-text-editor .elementor-drop-cap{float:left;text-align:center;line-height:1;font-size:50px}.elementor-widget-text-editor .elementor-drop-cap-letter{display:inline-block}<\/style>\t\t\t\t<p><strong>&#8211;\u00a0 El director general de ICATHI y el comisionado de CEDSPI, firmaron convenio de colaboraci\u00f3n <\/strong><\/p><p><strong>San Agust\u00edn Tlaxiaca, Hgo., 23 de octubre de 2023.-<\/strong>La integraci\u00f3n y la inclusi\u00f3n de los pueblos ind\u00edgenas en temas de capacitaci\u00f3n para el trabajo en las necesidades actuales de desarrollo son el principal objetivo del convenio firmado por los titulares del Instituto de Capacitaci\u00f3n para el Trabajo del Estado de Hidalgo (ICATHI), Jorge Israel Acosta Ben\u00edtez, y de la Comisi\u00f3n Estatal para el Desarrollo Sostenible de los Pueblos Ind\u00edgenas (CEDSPI), Prisco Manuel Guti\u00e9rrez.<\/p><p>De esta manera, indic\u00f3 el director general de ICATHI, se consolida una alianza, con base en el Plan Estatal de Desarrollo del gobernador Julio Menchaca Salazar, apoyada por el secretario del Trabajo y Previsi\u00f3n Social Oscar Javier Gonz\u00e1lez Hern\u00e1ndez, cuyo prop\u00f3sito es incluir a todos los sectores en las estrategias de transformaci\u00f3n y crecimiento del territorio hidalguense, para lo cual la capacitaci\u00f3n inclusiva es pilar fundamental.<\/p><p>El titular de CEDSPI, Prisco Manuel Guti\u00e9rrez, enfatiz\u00f3 la importancia de la firma de este acuerdo para atender las necesidades de capacitaci\u00f3n para el trabajo, desde una perspectiva ind\u00edgena en las comunidades.<\/p><p>&#8220;Con este convenio, tanto la CEDSPI como el ICATHI tendremos una oportunidad \u00fanica para acercarnos a los municipios y contribuir al fortalecimiento de la productividad y las oportunidades de prosperidad ind\u00edgena. De esta manera, contribuimos con la encomienda de nuestro gobernador de llevar al estado a su m\u00e1ximo potencial, porque en Hidalgo, es primero el pueblo&#8221;, manifest\u00f3.<\/p><p>Mediante este convenio, coincidieron ambos titulares, se impulsar\u00e1 la participaci\u00f3n de la poblaci\u00f3n originaria hidalguense en temas de la agenda para el desarrollo sostenible, ya que es la que con su experiencia puede aportar mayor valor a las estrategias de crecimiento laboral.<\/p><p>De esta manera, desde el \u00e1mbito de sus competencias, ICATHI y CEDSPI unen esfuerzos para emprender acciones colaborativas orientadas a la promoci\u00f3n y el intercambio de conocimientos, recursos humanos y tecnol\u00f3gicos, en beneficio de la poblaci\u00f3n ind\u00edgena.<\/p>\t\t\t\t\t\t<\/div>\n\t\t\t\t<\/div>\n\t\t\t\t\t<\/div>\n\t\t<\/div>\n\t\t\t\t\t\t\t<\/div>\n\t\t<\/section>\n\t\t\t\t\t\t\t<\/div>\n\t\t","protected":false},"excerpt":{"rendered":"<p>&#8211;\u00a0 El director general de ICATHI y el comisionado de CEDSPI, firmaron convenio de colaboraci\u00f3n San Agust\u00edn Tlaxiaca, Hgo., 23 de octubre de 2023.-La integraci\u00f3n y la inclusi\u00f3n de los pueblos ind\u00edgenas en temas de capacitaci\u00f3n para el trabajo en las necesidades actuales de desarrollo son el principal objetivo del convenio firmado por los titulares [&hellip;]<\/p>\n","protected":false},"author":1,"featured_media":24078,"comment_status":"closed","ping_status":"closed","sticky":false,"template":"","format":"standard","meta":[],"categories":[4],"tags":[],"_links":{"self":[{"href":"https:\/\/www.diarionoti7.com.mx\/index.php?rest_route=\/wp\/v2\/posts\/24076"}],"collection":[{"href":"https:\/\/www.diarionoti7.com.mx\/index.php?rest_route=\/wp\/v2\/posts"}],"about":[{"href":"https:\/\/www.diarionoti7.com.mx\/index.php?rest_route=\/wp\/v2\/types\/post"}],"author":[{"embeddable":true,"href":"https:\/\/www.diarionoti7.com.mx\/index.php?rest_route=\/wp\/v2\/users\/1"}],"replies":[{"embeddable":true,"href":"https:\/\/www.diarionoti7.com.mx\/index.php?rest_route=%2Fwp%2Fv2%2Fcomments&post=24076"}],"version-history":[{"count":4,"href":"https:\/\/www.diarionoti7.com.mx\/index.php?rest_route=\/wp\/v2\/posts\/24076\/revisions"}],"predecessor-version":[{"id":24081,"href":"https:\/\/www.diarionoti7.com.mx\/index.php?rest_route=\/wp\/v2\/posts\/24076\/revisions\/24081"}],"wp:featuredmedia":[{"embeddable":true,"href":"https:\/\/www.diarionoti7.com.mx\/index.php?rest_route=\/wp\/v2\/media\/24078"}],"wp:attachment":[{"href":"https:\/\/www.diarionoti7.com.mx\/index.php?rest_route=%2Fwp%2Fv2%2Fmedia&parent=24076"}],"wp:term":[{"taxonomy":"category","embeddable":true,"href":"https:\/\/www.diarionoti7.com.mx\/index.php?rest_route=%2Fwp%2Fv2%2Fcategories&post=24076"},{"taxonomy":"post_tag","embeddable":true,"href":"https:\/\/www.diarionoti7.com.mx\/index.php?rest_route=%2Fwp%2Fv2%2Ftags&post=24076"}],"curies":[{"name":"wp","href":"https:\/\/api.w.org\/{rel}","templated":true}]}}