{"id":24052,"date":"2023-10-24T16:43:54","date_gmt":"2023-10-24T16:43:54","guid":{"rendered":"https:\/\/www.diarionoti7.com.mx\/?p=24052"},"modified":"2023-10-24T16:44:41","modified_gmt":"2023-10-24T16:44:41","slug":"fue-reinaugurada-tienda-comunitaria-diconsa-en-la-colonia-rojo-gomez-de-tulancingo","status":"publish","type":"post","link":"https:\/\/www.diarionoti7.com.mx\/?p=24052","title":{"rendered":"Fue Reinaugurada Tienda Comunitaria Diconsa en La Colonia Rojo G\u00f3mez de Tulancingo"},"content":{"rendered":"\t\t<div data-elementor-type=\"wp-post\" data-elementor-id=\"24052\" class=\"elementor elementor-24052\">\n\t\t\t\t\t\t\t\t\t<section class=\"elementor-section elementor-top-section elementor-element elementor-element-c09b8f0 elementor-section-boxed elementor-section-height-default elementor-section-height-default\" data-id=\"c09b8f0\" data-element_type=\"section\">\n\t\t\t\t\t\t<div class=\"elementor-container elementor-column-gap-default\">\n\t\t\t\t\t<div class=\"elementor-column elementor-col-100 elementor-top-column elementor-element elementor-element-955a561\" data-id=\"955a561\" data-element_type=\"column\">\n\t\t\t<div class=\"elementor-widget-wrap elementor-element-populated\">\n\t\t\t\t\t\t\t\t<div class=\"elementor-element elementor-element-0ce869c elementor-widget elementor-widget-text-editor\" data-id=\"0ce869c\" data-element_type=\"widget\" data-widget_type=\"text-editor.default\">\n\t\t\t\t<div class=\"elementor-widget-container\">\n\t\t\t<style>\/*! elementor - v3.10.2 - 29-01-2023 *\/\n.elementor-widget-text-editor.elementor-drop-cap-view-stacked .elementor-drop-cap{background-color:#818a91;color:#fff}.elementor-widget-text-editor.elementor-drop-cap-view-framed .elementor-drop-cap{color:#818a91;border:3px solid;background-color:transparent}.elementor-widget-text-editor:not(.elementor-drop-cap-view-default) .elementor-drop-cap{margin-top:8px}.elementor-widget-text-editor:not(.elementor-drop-cap-view-default) .elementor-drop-cap-letter{width:1em;height:1em}.elementor-widget-text-editor .elementor-drop-cap{float:left;text-align:center;line-height:1;font-size:50px}.elementor-widget-text-editor .elementor-drop-cap-letter{display:inline-block}<\/style>\t\t\t\t<p><strong>Tulancingo, Hgo., 23 de octubre de 2023.-<\/strong>Para beneficio de las familias de la Colonia Rojo G\u00f3mez y otras colindantes, el pasado viernes fue reinaugurada la tienda comunitaria DICONSA, la cual fue objeto de ampliaci\u00f3n y reacondicionamiento a fin de dar una mejor atenci\u00f3n a la poblaci\u00f3n de Tulancingo.<\/p><p>En el marco de este importante evento, el presidente Jorge M\u00e1rquez Alvarado celebr\u00f3 iniciativas como esta, donde la suma de esfuerzos entre los \u00f3rdenes de gobierno permite materializar acciones, que les den a los ciudadanos nuevos mecanismos para mejorar su calidad de vida.<\/p><p>Asimismo, se reconoci\u00f3 el trabajo de la secretar\u00eda de Desarrollo Humano y Social, a cargo de Pedro Escudero, para dar cumplimiento al compromiso de que Tulancingo Avance con oportunidades, lo cual est\u00e1 asentado en el plan municipal de desarrollo y que se refleja en gestiones claras que se conducen primordialmente hacia los m\u00e1s vulnerables.<\/p><p>Respecto a la Tienda DICONSA, contar\u00e1 con una amplia oferta de productos de gran calidad y con menor precio, beneficiando a una matr\u00edcula de 150 familias de sectores como San Jos\u00e9, Habitacional, Rojo G\u00f3mez, Ampliaci\u00f3n Rojo G\u00f3mez y Ahuehuetitla.\u00a0<\/p><p>Durante el evento, se agradeci\u00f3 la presencia de la Coordinadora de almacenes DICONSA Rosa Berenice Montalvo Hern\u00e1ndez y del jefe de Almacenes Cesar Diego Hern\u00e1ndez Ortega, para dar marcha hacia adelante a este mecanismo de apoyo que contribuye a dar cumplimiento efectivo al derecho social de la alimentaci\u00f3n.<\/p><p>Finalmente se dijo que la suma de esfuerzos y voluntades son fundamentales para seguir adelante; dando paso al corte del list\u00f3n inaugural, por parte de funcionarios y miembros del H. Ayuntamiento.<\/p><p>La tienda comunitaria DICONSA Rojo G\u00f3mez operar\u00e1 de 8:00 a 11.30 horas y de 12.30 a 14.30 horas, de lunes viernes, y se ubica en calle Michoac\u00e1n a un costado del centro salud y del comedor municipal.<\/p>\t\t\t\t\t\t<\/div>\n\t\t\t\t<\/div>\n\t\t\t\t\t<\/div>\n\t\t<\/div>\n\t\t\t\t\t\t\t<\/div>\n\t\t<\/section>\n\t\t\t\t\t\t\t<\/div>\n\t\t","protected":false},"excerpt":{"rendered":"<p>Tulancingo, Hgo., 23 de octubre de 2023.-Para beneficio de las familias de la Colonia Rojo G\u00f3mez y otras colindantes, el pasado viernes fue reinaugurada la tienda comunitaria DICONSA, la cual fue objeto de ampliaci\u00f3n y reacondicionamiento a fin de dar una mejor atenci\u00f3n a la poblaci\u00f3n de Tulancingo. En el marco de este importante evento, [&hellip;]<\/p>\n","protected":false},"author":1,"featured_media":24054,"comment_status":"closed","ping_status":"closed","sticky":false,"template":"","format":"standard","meta":[],"categories":[9],"tags":[],"_links":{"self":[{"href":"https:\/\/www.diarionoti7.com.mx\/index.php?rest_route=\/wp\/v2\/posts\/24052"}],"collection":[{"href":"https:\/\/www.diarionoti7.com.mx\/index.php?rest_route=\/wp\/v2\/posts"}],"about":[{"href":"https:\/\/www.diarionoti7.com.mx\/index.php?rest_route=\/wp\/v2\/types\/post"}],"author":[{"embeddable":true,"href":"https:\/\/www.diarionoti7.com.mx\/index.php?rest_route=\/wp\/v2\/users\/1"}],"replies":[{"embeddable":true,"href":"https:\/\/www.diarionoti7.com.mx\/index.php?rest_route=%2Fwp%2Fv2%2Fcomments&post=24052"}],"version-history":[{"count":4,"href":"https:\/\/www.diarionoti7.com.mx\/index.php?rest_route=\/wp\/v2\/posts\/24052\/revisions"}],"predecessor-version":[{"id":24057,"href":"https:\/\/www.diarionoti7.com.mx\/index.php?rest_route=\/wp\/v2\/posts\/24052\/revisions\/24057"}],"wp:featuredmedia":[{"embeddable":true,"href":"https:\/\/www.diarionoti7.com.mx\/index.php?rest_route=\/wp\/v2\/media\/24054"}],"wp:attachment":[{"href":"https:\/\/www.diarionoti7.com.mx\/index.php?rest_route=%2Fwp%2Fv2%2Fmedia&parent=24052"}],"wp:term":[{"taxonomy":"category","embeddable":true,"href":"https:\/\/www.diarionoti7.com.mx\/index.php?rest_route=%2Fwp%2Fv2%2Fcategories&post=24052"},{"taxonomy":"post_tag","embeddable":true,"href":"https:\/\/www.diarionoti7.com.mx\/index.php?rest_route=%2Fwp%2Fv2%2Ftags&post=24052"}],"curies":[{"name":"wp","href":"https:\/\/api.w.org\/{rel}","templated":true}]}}