{"id":24028,"date":"2023-10-23T16:07:39","date_gmt":"2023-10-23T16:07:39","guid":{"rendered":"https:\/\/www.diarionoti7.com.mx\/?p=24028"},"modified":"2023-10-23T17:20:26","modified_gmt":"2023-10-23T17:20:26","slug":"trabajadores-del-poder-judicial-de-la-federacion-stpjf-piden-al-senado-de-la-republica-no-apruebe-la-desaparicion-de-los-fideicomisos","status":"publish","type":"post","link":"https:\/\/www.diarionoti7.com.mx\/?p=24028","title":{"rendered":"Trabajadores del Poder Judicial de la Federaci\u00f3n (STPJF) Piden al Senado de la Rep\u00fablica no Apruebe la Desaparici\u00f3n de los Fideicomisos"},"content":{"rendered":"\t\t<div data-elementor-type=\"wp-post\" data-elementor-id=\"24028\" class=\"elementor elementor-24028\">\n\t\t\t\t\t\t\t\t\t<section class=\"elementor-section elementor-top-section elementor-element elementor-element-c09b8f0 elementor-section-boxed elementor-section-height-default elementor-section-height-default\" data-id=\"c09b8f0\" data-element_type=\"section\">\n\t\t\t\t\t\t<div class=\"elementor-container elementor-column-gap-default\">\n\t\t\t\t\t<div class=\"elementor-column elementor-col-100 elementor-top-column elementor-element elementor-element-955a561\" data-id=\"955a561\" data-element_type=\"column\">\n\t\t\t<div class=\"elementor-widget-wrap elementor-element-populated\">\n\t\t\t\t\t\t\t\t<div class=\"elementor-element elementor-element-0ce869c elementor-widget elementor-widget-text-editor\" data-id=\"0ce869c\" data-element_type=\"widget\" data-widget_type=\"text-editor.default\">\n\t\t\t\t<div class=\"elementor-widget-container\">\n\t\t\t<style>\/*! elementor - v3.10.2 - 29-01-2023 *\/\n.elementor-widget-text-editor.elementor-drop-cap-view-stacked .elementor-drop-cap{background-color:#818a91;color:#fff}.elementor-widget-text-editor.elementor-drop-cap-view-framed .elementor-drop-cap{color:#818a91;border:3px solid;background-color:transparent}.elementor-widget-text-editor:not(.elementor-drop-cap-view-default) .elementor-drop-cap{margin-top:8px}.elementor-widget-text-editor:not(.elementor-drop-cap-view-default) .elementor-drop-cap-letter{width:1em;height:1em}.elementor-widget-text-editor .elementor-drop-cap{float:left;text-align:center;line-height:1;font-size:50px}.elementor-widget-text-editor .elementor-drop-cap-letter{display:inline-block}<\/style>\t\t\t\t<p><strong>Pachuca, Hgo. 22 de agosto 2023.- <\/strong>Convocados por el Sindicato de Trabajadores del Poder Judicial de la Federaci\u00f3n (STPJF), trabajadores de la secci\u00f3n 31 con sede en Pachuca, marcharon por algunas calles de la capital hidalguense para exigir que los senadores no voten a favor de la reforma a la ley que suprime 13 fideicomisos del Poder Judicial de la Federaci\u00f3n (PJF).<\/p><p>El contingente comenz\u00f3 a llegar minutos antes de las 8:30 horas a la Plaza Independencia, a un costado del \u201cReloj Monumental\u201d. Y alrededor de las 9:00 horas, al grito de \u201cTodos unidos estamos protegidos\u201d, comenz\u00f3 la marcha que convoc\u00f3 tanto a trabajadores, familiares y simpatizantes del movimiento, que portaban pancartas, cuyos principales mensajes hac\u00edan alusi\u00f3n a los tipos de amparos que se otorgan en el poder judicial.<\/p><p>El contingente avanz\u00f3 por la calle de Guerrero, lleg\u00f3 a Plaza Ju\u00e1rez y regres\u00f3 al punto de partida, ah\u00ed Eliseo Javier Moreno L\u00f3pez, Secretario General de la secci\u00f3n 31 del STPJF emiti\u00f3 un mensaje en el que refrend\u00f3 la postura de la organizaci\u00f3n sindical nacional y exhort\u00f3 a continuar en protesta durante los pr\u00f3ximos d\u00edas.<\/p><p>Cabe destacar que los trabajadores no han dado servicio a la ciudadan\u00eda desde el pasado jueves en las instalaciones del Poder Judicial de la Federaci\u00f3n, realizan guardias al frente de la reja en tres turnos y posteriormente, cuando acaba el horario laboral se retiran del lugar por lo que el paro no se ha materializado del todo ya que, hasta el momento, no han tomado las instalaciones.<\/p><p>Dicho cese de actividades continuar\u00e1 hasta el pr\u00f3ximo martes, que ser\u00e1 cuando la iniciativa de extinci\u00f3n de los fideicomisos sea votada en el Senado de la Rep\u00fablica, lo que influir\u00e1 en la forma en que actuar\u00e1n los trabajadores de este poder en los siguientes d\u00edas.<\/p>\t\t\t\t\t\t<\/div>\n\t\t\t\t<\/div>\n\t\t\t\t\t<\/div>\n\t\t<\/div>\n\t\t\t\t\t\t\t<\/div>\n\t\t<\/section>\n\t\t\t\t\t\t\t<\/div>\n\t\t","protected":false},"excerpt":{"rendered":"<p>Pachuca, Hgo. 22 de agosto 2023.- Convocados por el Sindicato de Trabajadores del Poder Judicial de la Federaci\u00f3n (STPJF), trabajadores de la secci\u00f3n 31 con sede en Pachuca, marcharon por algunas calles de la capital hidalguense para exigir que los senadores no voten a favor de la reforma a la ley que suprime 13 fideicomisos [&hellip;]<\/p>\n","protected":false},"author":1,"featured_media":24042,"comment_status":"closed","ping_status":"closed","sticky":false,"template":"","format":"standard","meta":[],"categories":[7],"tags":[],"_links":{"self":[{"href":"https:\/\/www.diarionoti7.com.mx\/index.php?rest_route=\/wp\/v2\/posts\/24028"}],"collection":[{"href":"https:\/\/www.diarionoti7.com.mx\/index.php?rest_route=\/wp\/v2\/posts"}],"about":[{"href":"https:\/\/www.diarionoti7.com.mx\/index.php?rest_route=\/wp\/v2\/types\/post"}],"author":[{"embeddable":true,"href":"https:\/\/www.diarionoti7.com.mx\/index.php?rest_route=\/wp\/v2\/users\/1"}],"replies":[{"embeddable":true,"href":"https:\/\/www.diarionoti7.com.mx\/index.php?rest_route=%2Fwp%2Fv2%2Fcomments&post=24028"}],"version-history":[{"count":8,"href":"https:\/\/www.diarionoti7.com.mx\/index.php?rest_route=\/wp\/v2\/posts\/24028\/revisions"}],"predecessor-version":[{"id":24045,"href":"https:\/\/www.diarionoti7.com.mx\/index.php?rest_route=\/wp\/v2\/posts\/24028\/revisions\/24045"}],"wp:featuredmedia":[{"embeddable":true,"href":"https:\/\/www.diarionoti7.com.mx\/index.php?rest_route=\/wp\/v2\/media\/24042"}],"wp:attachment":[{"href":"https:\/\/www.diarionoti7.com.mx\/index.php?rest_route=%2Fwp%2Fv2%2Fmedia&parent=24028"}],"wp:term":[{"taxonomy":"category","embeddable":true,"href":"https:\/\/www.diarionoti7.com.mx\/index.php?rest_route=%2Fwp%2Fv2%2Fcategories&post=24028"},{"taxonomy":"post_tag","embeddable":true,"href":"https:\/\/www.diarionoti7.com.mx\/index.php?rest_route=%2Fwp%2Fv2%2Ftags&post=24028"}],"curies":[{"name":"wp","href":"https:\/\/api.w.org\/{rel}","templated":true}]}}