{"id":24016,"date":"2023-10-23T16:06:11","date_gmt":"2023-10-23T16:06:11","guid":{"rendered":"https:\/\/www.diarionoti7.com.mx\/?p=24016"},"modified":"2023-10-23T16:06:46","modified_gmt":"2023-10-23T16:06:46","slug":"fortalece-turismo-la-promocion-internacional-de-hidalgo","status":"publish","type":"post","link":"https:\/\/www.diarionoti7.com.mx\/?p=24016","title":{"rendered":"Fortalece Turismo La Promoci\u00f3n Internacional de Hidalgo"},"content":{"rendered":"\t\t<div data-elementor-type=\"wp-post\" data-elementor-id=\"24016\" class=\"elementor elementor-24016\">\n\t\t\t\t\t\t\t\t\t<section class=\"elementor-section elementor-top-section elementor-element elementor-element-c09b8f0 elementor-section-boxed elementor-section-height-default elementor-section-height-default\" data-id=\"c09b8f0\" data-element_type=\"section\">\n\t\t\t\t\t\t<div class=\"elementor-container elementor-column-gap-default\">\n\t\t\t\t\t<div class=\"elementor-column elementor-col-100 elementor-top-column elementor-element elementor-element-955a561\" data-id=\"955a561\" data-element_type=\"column\">\n\t\t\t<div class=\"elementor-widget-wrap elementor-element-populated\">\n\t\t\t\t\t\t\t\t<div class=\"elementor-element elementor-element-0ce869c elementor-widget elementor-widget-text-editor\" data-id=\"0ce869c\" data-element_type=\"widget\" data-widget_type=\"text-editor.default\">\n\t\t\t\t<div class=\"elementor-widget-container\">\n\t\t\t<style>\/*! elementor - v3.10.2 - 29-01-2023 *\/\n.elementor-widget-text-editor.elementor-drop-cap-view-stacked .elementor-drop-cap{background-color:#818a91;color:#fff}.elementor-widget-text-editor.elementor-drop-cap-view-framed .elementor-drop-cap{color:#818a91;border:3px solid;background-color:transparent}.elementor-widget-text-editor:not(.elementor-drop-cap-view-default) .elementor-drop-cap{margin-top:8px}.elementor-widget-text-editor:not(.elementor-drop-cap-view-default) .elementor-drop-cap-letter{width:1em;height:1em}.elementor-widget-text-editor .elementor-drop-cap{float:left;text-align:center;line-height:1;font-size:50px}.elementor-widget-text-editor .elementor-drop-cap-letter{display:inline-block}<\/style>\t\t\t\t<p><strong>-Tuvo la entidad relevante participaci\u00f3n en el Festival Gastron\u00f3mico \u00a1Qu\u00e9 Gusto!, en Francia<\/strong><\/p><p><strong>-Se pretende realizar el pr\u00f3ximo a\u00f1o la Semana de Hidalgo en el pa\u00eds europeo <\/strong><\/p><p><strong>Pachuca, Hgo., a 22 de octubre de 2023.-<\/strong>Como &#8220;exitosa&#8221; calific\u00f3 la secretaria de Turismo estatal, Elizabeth Quintanar G\u00f3mez, la gira de nueve d\u00edas por Francia que se llev\u00f3 a cabo para difundir las riquezas que ofrece la entidad al mundo, y de la cual tambi\u00e9n fue parte la cocinera tradicional de Santiago de Anaya, Luisa Anaya P\u00e9rez, en el Festival Gastron\u00f3mico &#8220;\u00a1Qu\u00e9 Gusto!&#8221;.<\/p><p>La servidora p\u00fablica inform\u00f3 que se lograron los objetivos planteados para estos d\u00edas de trabajo y tambi\u00e9n expuso que fue a trav\u00e9s de la gastronom\u00eda que se dieron a conocer y promocionaron paquetes tur\u00edsticos de Hidalgo, mostrando lo mejor de su geograf\u00eda, bellezas naturales y su gastronom\u00eda.<\/p><p>&#8220;El objetivo fue que en Francia descubrieran c\u00f3mo se cocina, c\u00f3mo se teje, c\u00f3mo se extrae el ixtle o la concha de abul\u00f3n, por lo que, adem\u00e1s de videos, se ofrecieron entrevistas, se atendieron a agencias y a posibles compradores de todos los servicios que tenemos en el estado&#8221;, indic\u00f3.<\/p><p>Con el prop\u00f3sito de que la entidad sea punto de inter\u00e9s para que turistas franceses se den la oportunidad de conocerlo y descubrirlo, el gobierno del estado, a trav\u00e9s de la Secretar\u00eda de Turismo, plantear\u00e1 la &#8220;Semana de Hidalgo en Francia&#8221;, el pr\u00f3ximo a\u00f1o.<\/p><p>&#8220;Una de las encomiendas que el gobernador Julio Menchaca quiere que se haga por Hidalgo, es promocionarlo internacionalmente&#8221;, expuso.<\/p><p>Refiri\u00f3 que se siente entusiasta con este plan, ya que la Embajada de Francia en M\u00e9xico, as\u00ed como la mexicana en el pa\u00eds europeo, est\u00e1n m\u00e1s que dispuestas a colaborar para este proyecto de promoci\u00f3n para el estado.<\/p><p>Se\u00f1al\u00f3 que se plantear\u00e1 a la Iniciativa Privada la posibilidad de que participen en la estrategia de internacionalizar a Hidalgo en los pr\u00f3ximos a\u00f1os, &#8220;porque tambi\u00e9n hay que encauzar a las y los empresarios, que fuera un bloque, enviar a una delegaci\u00f3n, porque tengo que abrir otros mercados&#8221;, explic\u00f3.<\/p><p>Manifest\u00f3 que tambi\u00e9n se desea que participen los destiladores de pulque, as\u00ed como artesanas, grupos de folclor y gastronom\u00eda, para que haya una mayor exposici\u00f3n y acercamiento con la riqueza que hay en Hidalgo.<\/p><p>Fue durante el Festival Gastron\u00f3mico \u00a1Qu\u00e9 Gusto!, que periodistas especializados, agencias de viajes, operadoras tur\u00edsticas y empresarios, pudieron probar la cocina de Santiago de Anaya, y sobre ello dijo: &#8220;somos un destino que ofrece al turismo internacional el volver al origen, a c\u00f3mo se cocinaba, a degustar de lo natural, porque esa es la riqueza de Hidalgo y es lo que debemos exponer, porque lo tenemos todo para lograr ser una potencia tur\u00edstica&#8221;.<\/p>\t\t\t\t\t\t<\/div>\n\t\t\t\t<\/div>\n\t\t\t\t\t<\/div>\n\t\t<\/div>\n\t\t\t\t\t\t\t<\/div>\n\t\t<\/section>\n\t\t\t\t\t\t\t<\/div>\n\t\t","protected":false},"excerpt":{"rendered":"<p>-Tuvo la entidad relevante participaci\u00f3n en el Festival Gastron\u00f3mico \u00a1Qu\u00e9 Gusto!, en Francia -Se pretende realizar el pr\u00f3ximo a\u00f1o la Semana de Hidalgo en el pa\u00eds europeo Pachuca, Hgo., a 22 de octubre de 2023.-Como &#8220;exitosa&#8221; calific\u00f3 la secretaria de Turismo estatal, Elizabeth Quintanar G\u00f3mez, la gira de nueve d\u00edas por Francia que se llev\u00f3 [&hellip;]<\/p>\n","protected":false},"author":1,"featured_media":24018,"comment_status":"closed","ping_status":"closed","sticky":false,"template":"","format":"standard","meta":[],"categories":[7],"tags":[],"_links":{"self":[{"href":"https:\/\/www.diarionoti7.com.mx\/index.php?rest_route=\/wp\/v2\/posts\/24016"}],"collection":[{"href":"https:\/\/www.diarionoti7.com.mx\/index.php?rest_route=\/wp\/v2\/posts"}],"about":[{"href":"https:\/\/www.diarionoti7.com.mx\/index.php?rest_route=\/wp\/v2\/types\/post"}],"author":[{"embeddable":true,"href":"https:\/\/www.diarionoti7.com.mx\/index.php?rest_route=\/wp\/v2\/users\/1"}],"replies":[{"embeddable":true,"href":"https:\/\/www.diarionoti7.com.mx\/index.php?rest_route=%2Fwp%2Fv2%2Fcomments&post=24016"}],"version-history":[{"count":4,"href":"https:\/\/www.diarionoti7.com.mx\/index.php?rest_route=\/wp\/v2\/posts\/24016\/revisions"}],"predecessor-version":[{"id":24021,"href":"https:\/\/www.diarionoti7.com.mx\/index.php?rest_route=\/wp\/v2\/posts\/24016\/revisions\/24021"}],"wp:featuredmedia":[{"embeddable":true,"href":"https:\/\/www.diarionoti7.com.mx\/index.php?rest_route=\/wp\/v2\/media\/24018"}],"wp:attachment":[{"href":"https:\/\/www.diarionoti7.com.mx\/index.php?rest_route=%2Fwp%2Fv2%2Fmedia&parent=24016"}],"wp:term":[{"taxonomy":"category","embeddable":true,"href":"https:\/\/www.diarionoti7.com.mx\/index.php?rest_route=%2Fwp%2Fv2%2Fcategories&post=24016"},{"taxonomy":"post_tag","embeddable":true,"href":"https:\/\/www.diarionoti7.com.mx\/index.php?rest_route=%2Fwp%2Fv2%2Ftags&post=24016"}],"curies":[{"name":"wp","href":"https:\/\/api.w.org\/{rel}","templated":true}]}}