{"id":24010,"date":"2023-10-23T16:05:20","date_gmt":"2023-10-23T16:05:20","guid":{"rendered":"https:\/\/www.diarionoti7.com.mx\/?p=24010"},"modified":"2023-10-23T16:06:01","modified_gmt":"2023-10-23T16:06:01","slug":"realizo-sebiso-pasarela-artesanal-con-vision-incluyente-en-la-feria-de-pachuca","status":"publish","type":"post","link":"https:\/\/www.diarionoti7.com.mx\/?p=24010","title":{"rendered":"Realiz\u00f3 Sebiso Pasarela Artesanal Con Visi\u00f3n Incluyente, en la Feria de Pachuca"},"content":{"rendered":"\t\t<div data-elementor-type=\"wp-post\" data-elementor-id=\"24010\" class=\"elementor elementor-24010\">\n\t\t\t\t\t\t\t\t\t<section class=\"elementor-section elementor-top-section elementor-element elementor-element-c09b8f0 elementor-section-boxed elementor-section-height-default elementor-section-height-default\" data-id=\"c09b8f0\" data-element_type=\"section\">\n\t\t\t\t\t\t<div class=\"elementor-container elementor-column-gap-default\">\n\t\t\t\t\t<div class=\"elementor-column elementor-col-100 elementor-top-column elementor-element elementor-element-955a561\" data-id=\"955a561\" data-element_type=\"column\">\n\t\t\t<div class=\"elementor-widget-wrap elementor-element-populated\">\n\t\t\t\t\t\t\t\t<div class=\"elementor-element elementor-element-0ce869c elementor-widget elementor-widget-text-editor\" data-id=\"0ce869c\" data-element_type=\"widget\" data-widget_type=\"text-editor.default\">\n\t\t\t\t<div class=\"elementor-widget-container\">\n\t\t\t<style>\/*! elementor - v3.10.2 - 29-01-2023 *\/\n.elementor-widget-text-editor.elementor-drop-cap-view-stacked .elementor-drop-cap{background-color:#818a91;color:#fff}.elementor-widget-text-editor.elementor-drop-cap-view-framed .elementor-drop-cap{color:#818a91;border:3px solid;background-color:transparent}.elementor-widget-text-editor:not(.elementor-drop-cap-view-default) .elementor-drop-cap{margin-top:8px}.elementor-widget-text-editor:not(.elementor-drop-cap-view-default) .elementor-drop-cap-letter{width:1em;height:1em}.elementor-widget-text-editor .elementor-drop-cap{float:left;text-align:center;line-height:1;font-size:50px}.elementor-widget-text-editor .elementor-drop-cap-letter{display:inline-block}<\/style>\t\t\t\t<p><strong>Pachuca, Hgo., 22 de Octubre de 2023.-<\/strong>En la construcci\u00f3n de un Hidalgo para todas y todos, hay que proyectar a todos los sectores: Simey Olvera<\/p><p>En un ejercicio de inclusi\u00f3n integral, la Secretar\u00eda de Bienestar e Inclusi\u00f3n Social (Sebiso), realiz\u00f3 la tradicional Pasarela Artesanal en las instalaciones de la Feria de San Francisco Pachuca Hidalgo 2023, en donde alrededor de 50 personas de diferentes edades, tipos corporales, s\u00edndrome de Down o alguna discapacidad, participaron modelando prendas confeccionadas por hidalguenses de todas las regiones.<\/p><p>Al respecto, la titular de la Sebiso, Simey Olvera Bautista, destac\u00f3 la importancia de este ejercicio de inclusi\u00f3n, pues regularmente se destinan espacios por separado para mostrar la importancia de cada sector, pero por primera ocasi\u00f3n, en esta pasarela participaron todas y todos, tal y como sucede en la vida diaria.<\/p><p>\u201cHay que se\u00f1alar que aqu\u00ed, chicos, grandes, con alguna discapacidad, sin ella, profesionales y no, hicimos un verdadero ejercicio inclusivo, tal y como se busca en nuestro estado para que sea potencia, que cada sector sepa que es importante y parte de un todo que nos lleve a ser el Hidalgo que queremos\u201d, apunt\u00f3 la servidora p\u00fablica.<\/p><p>En esta actividad se exhibieron piezas y prendas de las 156 artesanas y artesanos participantes en la feria, mismas que portaron las personas adultas mayores, j\u00f3venes, de edad media, quienes tienen alg\u00fan tipo de discapacidad, modelos profesionales y entusiastas que acudieron al casting realizado el mes pasado en las instalaciones de la Tienda Hidarte.<\/p><p>Olvera Bautista agradeci\u00f3 a todas y todos los participantes, a las asociaciones sociales que colaboraron, a la empresa de modelaje que coordin\u00f3 el evento, a las maquillistas, al personal de la feria y la Sebiso, quienes hicieron posible una \u201cnoche m\u00e1gica\u201d, donde se beneficiaron a las y los artesanos del Pabell\u00f3n Artesanal 2023, pero tambi\u00e9n a la sociedad.<\/p><p>Las prendas utilizadas causaron mucha curiosidad y llevaron a quienes presenciaron el evento a entrar al pabell\u00f3n artesanal y buscar lo que m\u00e1s les gust\u00f3, as\u00ed como conocer lo hecho en Hidalgo.<\/p>\t\t\t\t\t\t<\/div>\n\t\t\t\t<\/div>\n\t\t\t\t\t<\/div>\n\t\t<\/div>\n\t\t\t\t\t\t\t<\/div>\n\t\t<\/section>\n\t\t\t\t\t\t\t<\/div>\n\t\t","protected":false},"excerpt":{"rendered":"<p>Pachuca, Hgo., 22 de Octubre de 2023.-En la construcci\u00f3n de un Hidalgo para todas y todos, hay que proyectar a todos los sectores: Simey Olvera En un ejercicio de inclusi\u00f3n integral, la Secretar\u00eda de Bienestar e Inclusi\u00f3n Social (Sebiso), realiz\u00f3 la tradicional Pasarela Artesanal en las instalaciones de la Feria de San Francisco Pachuca Hidalgo [&hellip;]<\/p>\n","protected":false},"author":1,"featured_media":24012,"comment_status":"closed","ping_status":"closed","sticky":false,"template":"","format":"standard","meta":[],"categories":[7],"tags":[],"_links":{"self":[{"href":"https:\/\/www.diarionoti7.com.mx\/index.php?rest_route=\/wp\/v2\/posts\/24010"}],"collection":[{"href":"https:\/\/www.diarionoti7.com.mx\/index.php?rest_route=\/wp\/v2\/posts"}],"about":[{"href":"https:\/\/www.diarionoti7.com.mx\/index.php?rest_route=\/wp\/v2\/types\/post"}],"author":[{"embeddable":true,"href":"https:\/\/www.diarionoti7.com.mx\/index.php?rest_route=\/wp\/v2\/users\/1"}],"replies":[{"embeddable":true,"href":"https:\/\/www.diarionoti7.com.mx\/index.php?rest_route=%2Fwp%2Fv2%2Fcomments&post=24010"}],"version-history":[{"count":4,"href":"https:\/\/www.diarionoti7.com.mx\/index.php?rest_route=\/wp\/v2\/posts\/24010\/revisions"}],"predecessor-version":[{"id":24015,"href":"https:\/\/www.diarionoti7.com.mx\/index.php?rest_route=\/wp\/v2\/posts\/24010\/revisions\/24015"}],"wp:featuredmedia":[{"embeddable":true,"href":"https:\/\/www.diarionoti7.com.mx\/index.php?rest_route=\/wp\/v2\/media\/24012"}],"wp:attachment":[{"href":"https:\/\/www.diarionoti7.com.mx\/index.php?rest_route=%2Fwp%2Fv2%2Fmedia&parent=24010"}],"wp:term":[{"taxonomy":"category","embeddable":true,"href":"https:\/\/www.diarionoti7.com.mx\/index.php?rest_route=%2Fwp%2Fv2%2Fcategories&post=24010"},{"taxonomy":"post_tag","embeddable":true,"href":"https:\/\/www.diarionoti7.com.mx\/index.php?rest_route=%2Fwp%2Fv2%2Ftags&post=24010"}],"curies":[{"name":"wp","href":"https:\/\/api.w.org\/{rel}","templated":true}]}}