{"id":2401,"date":"2023-02-23T16:25:42","date_gmt":"2023-02-23T16:25:42","guid":{"rendered":"https:\/\/www.diarionoti7.com.mx\/?p=2401"},"modified":"2023-02-23T16:27:55","modified_gmt":"2023-02-23T16:27:55","slug":"montan-guardia-de-honor-por-el-110-o-aniversario-del-fallecimiento-de-francisco-i-madero","status":"publish","type":"post","link":"https:\/\/www.diarionoti7.com.mx\/?p=2401","title":{"rendered":"Montan Guardia de Honor Por el 110.\u00ba Aniversario del fallecimiento de Francisco I Madero"},"content":{"rendered":"\t\t<div data-elementor-type=\"wp-post\" data-elementor-id=\"2401\" class=\"elementor elementor-2401\">\n\t\t\t\t\t\t\t\t\t<section class=\"elementor-section elementor-top-section elementor-element elementor-element-51c23a4c elementor-section-boxed elementor-section-height-default elementor-section-height-default\" data-id=\"51c23a4c\" data-element_type=\"section\">\n\t\t\t\t\t\t<div class=\"elementor-container elementor-column-gap-default\">\n\t\t\t\t\t<div class=\"elementor-column elementor-col-100 elementor-top-column elementor-element elementor-element-7d2e0b6e\" data-id=\"7d2e0b6e\" data-element_type=\"column\">\n\t\t\t<div class=\"elementor-widget-wrap elementor-element-populated\">\n\t\t\t\t\t\t\t\t<div class=\"elementor-element elementor-element-2f2290cd elementor-widget elementor-widget-text-editor\" data-id=\"2f2290cd\" data-element_type=\"widget\" data-widget_type=\"text-editor.default\">\n\t\t\t\t<div class=\"elementor-widget-container\">\n\t\t\t<style>\/*! elementor - v3.10.2 - 29-01-2023 *\/\n.elementor-widget-text-editor.elementor-drop-cap-view-stacked .elementor-drop-cap{background-color:#818a91;color:#fff}.elementor-widget-text-editor.elementor-drop-cap-view-framed .elementor-drop-cap{color:#818a91;border:3px solid;background-color:transparent}.elementor-widget-text-editor:not(.elementor-drop-cap-view-default) .elementor-drop-cap{margin-top:8px}.elementor-widget-text-editor:not(.elementor-drop-cap-view-default) .elementor-drop-cap-letter{width:1em;height:1em}.elementor-widget-text-editor .elementor-drop-cap{float:left;text-align:center;line-height:1;font-size:50px}.elementor-widget-text-editor .elementor-drop-cap-letter{display:inline-block}<\/style>\t\t\t\t<p><strong>-El titular de la Secretar\u00eda de Contralor\u00eda record\u00f3 la labor del \u201cAp\u00f3stol de la democracia\u201d.<\/strong><\/p><p><strong>Pachuca, Hgo., 22 de febrero del 2023.- <\/strong>\u201cMadero sostuvo el principio de no reelecci\u00f3n y sufragio efectivo, fue m\u00e1rtir, h\u00e9roe, m\u00edstico y hombre de acci\u00f3n\u201d, asever\u00f3 el secretario de Contralor\u00eda, \u00c1lvaro Bardales Ram\u00edrez, quien acudi\u00f3 en representaci\u00f3n del gobernador Julio Menchaca Salazar, a la guardia de honor conmemorativa al 110\u00b0 aniversario del fallecimiento de Francisco Ignacio Madero Gonz\u00e1lez.<\/p><p>Al pie del monumento del expresidente de M\u00e9xico, apodado como el \u201cAp\u00f3stol de la democracia\u201d, Bardales Ram\u00edrez reiter\u00f3 su respeto hacia un \u201cGigante de nuestra historia\u201d, a quien no hay que olvidar jam\u00e1s, ya que es parte de cada uno de nosotros los mexicanos\u201d.<\/p><p>Francisco I Madero fue uno de los ide\u00f3logos de la Revoluci\u00f3n de M\u00e9xico, sus ideales y talento contribuyeron a derrocar a Porfirio D\u00edaz.\u00a0 Madero Gonz\u00e1lez fue electo presidente en el primer proceso democr\u00e1tico de M\u00e9xico. Fue asesinado el 22 de febrero de 1913 en el golpe de Estado conocido como la Decena tr\u00e1gica.<\/p><p>Acompa\u00f1aron al secretario: Edgar Jim\u00e9nez Ledezma, coronel de infanter\u00eda en representaci\u00f3n del general de la 18.\u00ba Zona Militar Juan Jos\u00e9 G\u00f3mez Ru\u00edz; Osmar Issac Gonz\u00e1lez, inspector de la Guardia Nacional en Hidalgo y Gerardo Reyes Monsalvo; secretario municipal de Pachuca en representaci\u00f3n del alcalde Sergio Ba\u00f1os.<\/p><p>\u00a0<\/p>\t\t\t\t\t\t<\/div>\n\t\t\t\t<\/div>\n\t\t\t\t\t<\/div>\n\t\t<\/div>\n\t\t\t\t\t\t\t<\/div>\n\t\t<\/section>\n\t\t\t\t\t\t\t<\/div>\n\t\t","protected":false},"excerpt":{"rendered":"<p>-El titular de la Secretar\u00eda de Contralor\u00eda record\u00f3 la labor del \u201cAp\u00f3stol de la democracia\u201d. Pachuca, Hgo., 22 de febrero del 2023.- \u201cMadero sostuvo el principio de no reelecci\u00f3n y sufragio efectivo, fue m\u00e1rtir, h\u00e9roe, m\u00edstico y hombre de acci\u00f3n\u201d, asever\u00f3 el secretario de Contralor\u00eda, \u00c1lvaro Bardales Ram\u00edrez, quien acudi\u00f3 en representaci\u00f3n del gobernador Julio [&hellip;]<\/p>\n","protected":false},"author":1,"featured_media":2403,"comment_status":"closed","ping_status":"closed","sticky":false,"template":"","format":"standard","meta":[],"categories":[7],"tags":[],"_links":{"self":[{"href":"https:\/\/www.diarionoti7.com.mx\/index.php?rest_route=\/wp\/v2\/posts\/2401"}],"collection":[{"href":"https:\/\/www.diarionoti7.com.mx\/index.php?rest_route=\/wp\/v2\/posts"}],"about":[{"href":"https:\/\/www.diarionoti7.com.mx\/index.php?rest_route=\/wp\/v2\/types\/post"}],"author":[{"embeddable":true,"href":"https:\/\/www.diarionoti7.com.mx\/index.php?rest_route=\/wp\/v2\/users\/1"}],"replies":[{"embeddable":true,"href":"https:\/\/www.diarionoti7.com.mx\/index.php?rest_route=%2Fwp%2Fv2%2Fcomments&post=2401"}],"version-history":[{"count":4,"href":"https:\/\/www.diarionoti7.com.mx\/index.php?rest_route=\/wp\/v2\/posts\/2401\/revisions"}],"predecessor-version":[{"id":2406,"href":"https:\/\/www.diarionoti7.com.mx\/index.php?rest_route=\/wp\/v2\/posts\/2401\/revisions\/2406"}],"wp:featuredmedia":[{"embeddable":true,"href":"https:\/\/www.diarionoti7.com.mx\/index.php?rest_route=\/wp\/v2\/media\/2403"}],"wp:attachment":[{"href":"https:\/\/www.diarionoti7.com.mx\/index.php?rest_route=%2Fwp%2Fv2%2Fmedia&parent=2401"}],"wp:term":[{"taxonomy":"category","embeddable":true,"href":"https:\/\/www.diarionoti7.com.mx\/index.php?rest_route=%2Fwp%2Fv2%2Fcategories&post=2401"},{"taxonomy":"post_tag","embeddable":true,"href":"https:\/\/www.diarionoti7.com.mx\/index.php?rest_route=%2Fwp%2Fv2%2Ftags&post=2401"}],"curies":[{"name":"wp","href":"https:\/\/api.w.org\/{rel}","templated":true}]}}