{"id":23992,"date":"2023-10-23T16:02:36","date_gmt":"2023-10-23T16:02:36","guid":{"rendered":"https:\/\/www.diarionoti7.com.mx\/?p=23992"},"modified":"2023-10-23T16:03:11","modified_gmt":"2023-10-23T16:03:11","slug":"mejora-constante-en-el-servicio-educativo-principal-tarea-de-la-seph","status":"publish","type":"post","link":"https:\/\/www.diarionoti7.com.mx\/?p=23992","title":{"rendered":"Mejora Constante en El Servicio Educativo, Principal Tarea de La SEPH"},"content":{"rendered":"\t\t<div data-elementor-type=\"wp-post\" data-elementor-id=\"23992\" class=\"elementor elementor-23992\">\n\t\t\t\t\t\t\t\t\t<section class=\"elementor-section elementor-top-section elementor-element elementor-element-c09b8f0 elementor-section-boxed elementor-section-height-default elementor-section-height-default\" data-id=\"c09b8f0\" data-element_type=\"section\">\n\t\t\t\t\t\t<div class=\"elementor-container elementor-column-gap-default\">\n\t\t\t\t\t<div class=\"elementor-column elementor-col-100 elementor-top-column elementor-element elementor-element-955a561\" data-id=\"955a561\" data-element_type=\"column\">\n\t\t\t<div class=\"elementor-widget-wrap elementor-element-populated\">\n\t\t\t\t\t\t\t\t<div class=\"elementor-element elementor-element-0ce869c elementor-widget elementor-widget-text-editor\" data-id=\"0ce869c\" data-element_type=\"widget\" data-widget_type=\"text-editor.default\">\n\t\t\t\t<div class=\"elementor-widget-container\">\n\t\t\t<style>\/*! elementor - v3.10.2 - 29-01-2023 *\/\n.elementor-widget-text-editor.elementor-drop-cap-view-stacked .elementor-drop-cap{background-color:#818a91;color:#fff}.elementor-widget-text-editor.elementor-drop-cap-view-framed .elementor-drop-cap{color:#818a91;border:3px solid;background-color:transparent}.elementor-widget-text-editor:not(.elementor-drop-cap-view-default) .elementor-drop-cap{margin-top:8px}.elementor-widget-text-editor:not(.elementor-drop-cap-view-default) .elementor-drop-cap-letter{width:1em;height:1em}.elementor-widget-text-editor .elementor-drop-cap{float:left;text-align:center;line-height:1;font-size:50px}.elementor-widget-text-editor .elementor-drop-cap-letter{display:inline-block}<\/style>\t\t\t\t<p><strong>-Capacita Mejoredu a personal de la SEPH en temas de muestreo<\/strong><\/p><p><strong>Pachuca de Soto, Hgo., 22 de octubre de 2023.-<\/strong>La Comisi\u00f3n Nacional para la Mejora Continua de la Educaci\u00f3n (Mejoredu) capacit\u00f3 a personal de la Secretar\u00eda de Educaci\u00f3n P\u00fablica de Hidalgo (SEPH), a trav\u00e9s del taller Elementos de Muestreo, con el fin de fortalecer las capacidades t\u00e9cnicas de los equipos y favorecer el desarrollo de los estudios e investigaciones que realizan.<\/p><p>El taller, que tuvo una duraci\u00f3n de dos d\u00edas, fue impartido por la Unidad de Evaluaci\u00f3n Diagn\u00f3stica de dicho organismo a integrantes de los equipos t\u00e9cnicos de esta dependencia educativa, en el marco del convenio establecido entre Mejoredu y la SEPH.<\/p><p>Con esto queda de manifiesto que en Hidalgo se llevan a cabo diversos esfuerzos para mejorar la educaci\u00f3n y los aprendizajes de las ni\u00f1as, ni\u00f1os, adolescentes y j\u00f3venes, como es instrucci\u00f3n del gobernador Julio Menchaca Salazar y del secretario de Educaci\u00f3n P\u00fablica de la entidad, Natividad Castrej\u00f3n Valdez.<\/p><p>El comisionado Florentino Castro L\u00f3pez, quien puso en marcha dicha capacitaci\u00f3n, se\u00f1al\u00f3 que esta actividad contribuir\u00e1 al fortalecimiento del personal sobre los conceptos y aplicaciones del muestreo, lo que favorecer\u00e1 el trabajo que desempe\u00f1a en la entidad, as\u00ed como su participaci\u00f3n en los estudios e investigaciones que se est\u00e1n desarrollando de forma conjunta entre ambas instituciones.<\/p><p>Al finalizar el taller, las y los participantes recibieron sus constancias correspondientes, de manos de la subsecretaria de Planeaci\u00f3n y Evaluaci\u00f3n de la SEPH, X\u00f3chitl Beatriz Garc\u00eda Curiel y de Francisco Miranda L\u00f3pez, por parte de Mejoredu.<\/p>\t\t\t\t\t\t<\/div>\n\t\t\t\t<\/div>\n\t\t\t\t\t<\/div>\n\t\t<\/div>\n\t\t\t\t\t\t\t<\/div>\n\t\t<\/section>\n\t\t\t\t\t\t\t<\/div>\n\t\t","protected":false},"excerpt":{"rendered":"<p>-Capacita Mejoredu a personal de la SEPH en temas de muestreo Pachuca de Soto, Hgo., 22 de octubre de 2023.-La Comisi\u00f3n Nacional para la Mejora Continua de la Educaci\u00f3n (Mejoredu) capacit\u00f3 a personal de la Secretar\u00eda de Educaci\u00f3n P\u00fablica de Hidalgo (SEPH), a trav\u00e9s del taller Elementos de Muestreo, con el fin de fortalecer las [&hellip;]<\/p>\n","protected":false},"author":1,"featured_media":23994,"comment_status":"closed","ping_status":"closed","sticky":false,"template":"","format":"standard","meta":[],"categories":[4],"tags":[],"_links":{"self":[{"href":"https:\/\/www.diarionoti7.com.mx\/index.php?rest_route=\/wp\/v2\/posts\/23992"}],"collection":[{"href":"https:\/\/www.diarionoti7.com.mx\/index.php?rest_route=\/wp\/v2\/posts"}],"about":[{"href":"https:\/\/www.diarionoti7.com.mx\/index.php?rest_route=\/wp\/v2\/types\/post"}],"author":[{"embeddable":true,"href":"https:\/\/www.diarionoti7.com.mx\/index.php?rest_route=\/wp\/v2\/users\/1"}],"replies":[{"embeddable":true,"href":"https:\/\/www.diarionoti7.com.mx\/index.php?rest_route=%2Fwp%2Fv2%2Fcomments&post=23992"}],"version-history":[{"count":4,"href":"https:\/\/www.diarionoti7.com.mx\/index.php?rest_route=\/wp\/v2\/posts\/23992\/revisions"}],"predecessor-version":[{"id":23997,"href":"https:\/\/www.diarionoti7.com.mx\/index.php?rest_route=\/wp\/v2\/posts\/23992\/revisions\/23997"}],"wp:featuredmedia":[{"embeddable":true,"href":"https:\/\/www.diarionoti7.com.mx\/index.php?rest_route=\/wp\/v2\/media\/23994"}],"wp:attachment":[{"href":"https:\/\/www.diarionoti7.com.mx\/index.php?rest_route=%2Fwp%2Fv2%2Fmedia&parent=23992"}],"wp:term":[{"taxonomy":"category","embeddable":true,"href":"https:\/\/www.diarionoti7.com.mx\/index.php?rest_route=%2Fwp%2Fv2%2Fcategories&post=23992"},{"taxonomy":"post_tag","embeddable":true,"href":"https:\/\/www.diarionoti7.com.mx\/index.php?rest_route=%2Fwp%2Fv2%2Ftags&post=23992"}],"curies":[{"name":"wp","href":"https:\/\/api.w.org\/{rel}","templated":true}]}}