{"id":23980,"date":"2023-10-23T16:01:05","date_gmt":"2023-10-23T16:01:05","guid":{"rendered":"https:\/\/www.diarionoti7.com.mx\/?p=23980"},"modified":"2023-10-23T16:01:41","modified_gmt":"2023-10-23T16:01:41","slug":"expo-foro-sistemas-cafetaleros-sembrando-vidadel-24-al-26-de-octubre-en-puebla","status":"publish","type":"post","link":"https:\/\/www.diarionoti7.com.mx\/?p=23980","title":{"rendered":"Expo Foro Sistemas Cafetaleros Sembrando VIDAdel 24 al 26 de Octubre  en Puebla"},"content":{"rendered":"\t\t<div data-elementor-type=\"wp-post\" data-elementor-id=\"23980\" class=\"elementor elementor-23980\">\n\t\t\t\t\t\t\t\t\t<section class=\"elementor-section elementor-top-section elementor-element elementor-element-c09b8f0 elementor-section-boxed elementor-section-height-default elementor-section-height-default\" data-id=\"c09b8f0\" data-element_type=\"section\">\n\t\t\t\t\t\t<div class=\"elementor-container elementor-column-gap-default\">\n\t\t\t\t\t<div class=\"elementor-column elementor-col-100 elementor-top-column elementor-element elementor-element-955a561\" data-id=\"955a561\" data-element_type=\"column\">\n\t\t\t<div class=\"elementor-widget-wrap elementor-element-populated\">\n\t\t\t\t\t\t\t\t<div class=\"elementor-element elementor-element-0ce869c elementor-widget elementor-widget-text-editor\" data-id=\"0ce869c\" data-element_type=\"widget\" data-widget_type=\"text-editor.default\">\n\t\t\t\t<div class=\"elementor-widget-container\">\n\t\t\t<style>\/*! elementor - v3.10.2 - 29-01-2023 *\/\n.elementor-widget-text-editor.elementor-drop-cap-view-stacked .elementor-drop-cap{background-color:#818a91;color:#fff}.elementor-widget-text-editor.elementor-drop-cap-view-framed .elementor-drop-cap{color:#818a91;border:3px solid;background-color:transparent}.elementor-widget-text-editor:not(.elementor-drop-cap-view-default) .elementor-drop-cap{margin-top:8px}.elementor-widget-text-editor:not(.elementor-drop-cap-view-default) .elementor-drop-cap-letter{width:1em;height:1em}.elementor-widget-text-editor .elementor-drop-cap{float:left;text-align:center;line-height:1;font-size:50px}.elementor-widget-text-editor .elementor-drop-cap-letter{display:inline-block}<\/style>\t\t\t\t<p><strong>Pachuca, Hgo. 22 de octubre 2023.- <\/strong>Productores hidalguenses de caf\u00e9 participar\u00e1n en la Expo Foro Sistemas Cafetaleros Sembrando VIDA, que se celebrar\u00e1 del 24 al 26 de octubre en el Centro Expositor Puebla.<\/p><p>Al respecto la Delegaci\u00f3n de Programas para el Bienestar Hidalgo, que encabeza Abraham Mendoza Zenteno, public\u00f3 en sus redes sociales \u201cHidalgo presente en la Expo Foro Sistemas Cafetaleros Sembrando Vida dejando en alto el trabajo de nuestras sembradoras y sembradores que est\u00e1n dejando en alto el nombre de nuestro estado, perfil\u00e1ndose como uno de los principales productores de caf\u00e9 de calidad\u201d.<\/p><p>Cabe destacar que Sembrando Vida, es un programa impulsado por la dependencia federal para fortalecer a los sembradores y productores con su actividad en el campo y principal fuente de ingresos.<\/p><p>En tanto el portal de la Expo Foro cit\u00f3 \u201cSabor, aroma y tradici\u00f3n te esperan en el Expo-Foro Sistemas Cafetaleros Sembrando Vida del 24 al 26 de octubre en el Centro Expositor Puebla\u201d.<\/p><p>Agreg\u00f3 \u201cDescubre sobre el hermoso estado de Hidalgo, cuna de tradiciones cafetaleras. En 1785, se introdujo el caf\u00e9 en esta regi\u00f3n, marcando el inicio de una historia de sabor y cultura\u201d.<\/p><p>Finalmente la delegaci\u00f3n exhort\u00f3 \u201cVen a disfrutar de caf\u00e9 de calidad y descubre productos artesanales, incluyendo delicias de pera de Hidalgo. Te esperamos para una experiencia \u00fanica\u201d.<\/p>\t\t\t\t\t\t<\/div>\n\t\t\t\t<\/div>\n\t\t\t\t\t<\/div>\n\t\t<\/div>\n\t\t\t\t\t\t\t<\/div>\n\t\t<\/section>\n\t\t\t\t\t\t\t<\/div>\n\t\t","protected":false},"excerpt":{"rendered":"<p>Pachuca, Hgo. 22 de octubre 2023.- Productores hidalguenses de caf\u00e9 participar\u00e1n en la Expo Foro Sistemas Cafetaleros Sembrando VIDA, que se celebrar\u00e1 del 24 al 26 de octubre en el Centro Expositor Puebla. Al respecto la Delegaci\u00f3n de Programas para el Bienestar Hidalgo, que encabeza Abraham Mendoza Zenteno, public\u00f3 en sus redes sociales \u201cHidalgo presente [&hellip;]<\/p>\n","protected":false},"author":1,"featured_media":23982,"comment_status":"closed","ping_status":"closed","sticky":false,"template":"","format":"standard","meta":[],"categories":[6],"tags":[],"_links":{"self":[{"href":"https:\/\/www.diarionoti7.com.mx\/index.php?rest_route=\/wp\/v2\/posts\/23980"}],"collection":[{"href":"https:\/\/www.diarionoti7.com.mx\/index.php?rest_route=\/wp\/v2\/posts"}],"about":[{"href":"https:\/\/www.diarionoti7.com.mx\/index.php?rest_route=\/wp\/v2\/types\/post"}],"author":[{"embeddable":true,"href":"https:\/\/www.diarionoti7.com.mx\/index.php?rest_route=\/wp\/v2\/users\/1"}],"replies":[{"embeddable":true,"href":"https:\/\/www.diarionoti7.com.mx\/index.php?rest_route=%2Fwp%2Fv2%2Fcomments&post=23980"}],"version-history":[{"count":4,"href":"https:\/\/www.diarionoti7.com.mx\/index.php?rest_route=\/wp\/v2\/posts\/23980\/revisions"}],"predecessor-version":[{"id":23985,"href":"https:\/\/www.diarionoti7.com.mx\/index.php?rest_route=\/wp\/v2\/posts\/23980\/revisions\/23985"}],"wp:featuredmedia":[{"embeddable":true,"href":"https:\/\/www.diarionoti7.com.mx\/index.php?rest_route=\/wp\/v2\/media\/23982"}],"wp:attachment":[{"href":"https:\/\/www.diarionoti7.com.mx\/index.php?rest_route=%2Fwp%2Fv2%2Fmedia&parent=23980"}],"wp:term":[{"taxonomy":"category","embeddable":true,"href":"https:\/\/www.diarionoti7.com.mx\/index.php?rest_route=%2Fwp%2Fv2%2Fcategories&post=23980"},{"taxonomy":"post_tag","embeddable":true,"href":"https:\/\/www.diarionoti7.com.mx\/index.php?rest_route=%2Fwp%2Fv2%2Ftags&post=23980"}],"curies":[{"name":"wp","href":"https:\/\/api.w.org\/{rel}","templated":true}]}}